{"id":696,"date":"2024-09-18T17:34:05","date_gmt":"2024-09-18T22:34:05","guid":{"rendered":"https:\/\/enfoquecomunicacionesec.com\/?p=696"},"modified":"2024-09-18T17:44:25","modified_gmt":"2024-09-18T22:44:25","slug":"all-in-2024-en-sinergia-por-la-diversidad-equidad-e-inclusion-un-encuentro-transformador-en-quito","status":"publish","type":"post","link":"https:\/\/enfoquecomunicacionesec.com\/index.php\/2024\/09\/18\/all-in-2024-en-sinergia-por-la-diversidad-equidad-e-inclusion-un-encuentro-transformador-en-quito\/","title":{"rendered":"ALL IN 2024: En Sinergia por la Diversidad, Equidad e Inclusi\u00f3n &#8211; Un Encuentro Transformador en Quito"},"content":{"rendered":"\n<figure class=\"wp-block-gallery has-nested-images columns-default is-cropped wp-block-gallery-1 is-layout-flex wp-block-gallery-is-layout-flex\">\n<figure class=\"wp-block-image size-large\"><img loading=\"lazy\" decoding=\"async\" width=\"1024\" height=\"768\" data-id=\"698\" src=\"https:\/\/enfoquecomunicacionesec.com\/wp-content\/uploads\/2024\/09\/WhatsApp-Image-2024-09-18-at-13.45.16-1-1024x768.jpeg\" alt=\"\" class=\"wp-image-698\" srcset=\"https:\/\/enfoquecomunicacionesec.com\/wp-content\/uploads\/2024\/09\/WhatsApp-Image-2024-09-18-at-13.45.16-1-1024x768.jpeg 1024w, https:\/\/enfoquecomunicacionesec.com\/wp-content\/uploads\/2024\/09\/WhatsApp-Image-2024-09-18-at-13.45.16-1-300x225.jpeg 300w, https:\/\/enfoquecomunicacionesec.com\/wp-content\/uploads\/2024\/09\/WhatsApp-Image-2024-09-18-at-13.45.16-1-768x576.jpeg 768w, https:\/\/enfoquecomunicacionesec.com\/wp-content\/uploads\/2024\/09\/WhatsApp-Image-2024-09-18-at-13.45.16-1-1536x1152.jpeg 1536w, https:\/\/enfoquecomunicacionesec.com\/wp-content\/uploads\/2024\/09\/WhatsApp-Image-2024-09-18-at-13.45.16-1.jpeg 1600w\" sizes=\"auto, (max-width: 1024px) 100vw, 1024px\" \/><\/figure>\n\n\n\n<figure class=\"wp-block-image size-large\"><img loading=\"lazy\" decoding=\"async\" width=\"1024\" height=\"768\" data-id=\"697\" src=\"https:\/\/enfoquecomunicacionesec.com\/wp-content\/uploads\/2024\/09\/WhatsApp-Image-2024-09-18-at-13.45.16-1024x768.jpeg\" alt=\"\" class=\"wp-image-697\" srcset=\"https:\/\/enfoquecomunicacionesec.com\/wp-content\/uploads\/2024\/09\/WhatsApp-Image-2024-09-18-at-13.45.16-1024x768.jpeg 1024w, https:\/\/enfoquecomunicacionesec.com\/wp-content\/uploads\/2024\/09\/WhatsApp-Image-2024-09-18-at-13.45.16-300x225.jpeg 300w, https:\/\/enfoquecomunicacionesec.com\/wp-content\/uploads\/2024\/09\/WhatsApp-Image-2024-09-18-at-13.45.16-768x576.jpeg 768w, https:\/\/enfoquecomunicacionesec.com\/wp-content\/uploads\/2024\/09\/WhatsApp-Image-2024-09-18-at-13.45.16-1536x1152.jpeg 1536w, https:\/\/enfoquecomunicacionesec.com\/wp-content\/uploads\/2024\/09\/WhatsApp-Image-2024-09-18-at-13.45.16.jpeg 1600w\" sizes=\"auto, (max-width: 1024px) 100vw, 1024px\" \/><\/figure>\n\n\n\n<figure class=\"wp-block-image size-large\"><img loading=\"lazy\" decoding=\"async\" width=\"768\" height=\"1024\" data-id=\"699\" src=\"https:\/\/enfoquecomunicacionesec.com\/wp-content\/uploads\/2024\/09\/WhatsApp-Image-2024-09-18-at-13.45.17-768x1024.jpeg\" alt=\"\" class=\"wp-image-699\" srcset=\"https:\/\/enfoquecomunicacionesec.com\/wp-content\/uploads\/2024\/09\/WhatsApp-Image-2024-09-18-at-13.45.17-768x1024.jpeg 768w, https:\/\/enfoquecomunicacionesec.com\/wp-content\/uploads\/2024\/09\/WhatsApp-Image-2024-09-18-at-13.45.17-225x300.jpeg 225w, https:\/\/enfoquecomunicacionesec.com\/wp-content\/uploads\/2024\/09\/WhatsApp-Image-2024-09-18-at-13.45.17-1152x1536.jpeg 1152w, https:\/\/enfoquecomunicacionesec.com\/wp-content\/uploads\/2024\/09\/WhatsApp-Image-2024-09-18-at-13.45.17.jpeg 1200w\" sizes=\"auto, (max-width: 768px) 100vw, 768px\" \/><\/figure>\n\n\n\n<figure class=\"wp-block-image size-large\"><img loading=\"lazy\" decoding=\"async\" width=\"1024\" height=\"768\" data-id=\"703\" src=\"https:\/\/enfoquecomunicacionesec.com\/wp-content\/uploads\/2024\/09\/WhatsApp-Image-2024-09-18-at-13.45.18-1-1024x768.jpeg\" alt=\"\" class=\"wp-image-703\" srcset=\"https:\/\/enfoquecomunicacionesec.com\/wp-content\/uploads\/2024\/09\/WhatsApp-Image-2024-09-18-at-13.45.18-1-1024x768.jpeg 1024w, https:\/\/enfoquecomunicacionesec.com\/wp-content\/uploads\/2024\/09\/WhatsApp-Image-2024-09-18-at-13.45.18-1-300x225.jpeg 300w, https:\/\/enfoquecomunicacionesec.com\/wp-content\/uploads\/2024\/09\/WhatsApp-Image-2024-09-18-at-13.45.18-1-768x576.jpeg 768w, https:\/\/enfoquecomunicacionesec.com\/wp-content\/uploads\/2024\/09\/WhatsApp-Image-2024-09-18-at-13.45.18-1-1536x1152.jpeg 1536w, https:\/\/enfoquecomunicacionesec.com\/wp-content\/uploads\/2024\/09\/WhatsApp-Image-2024-09-18-at-13.45.18-1.jpeg 1600w\" sizes=\"auto, (max-width: 1024px) 100vw, 1024px\" \/><\/figure>\n\n\n\n<figure class=\"wp-block-image size-large\"><img loading=\"lazy\" decoding=\"async\" width=\"768\" height=\"1024\" data-id=\"702\" src=\"https:\/\/enfoquecomunicacionesec.com\/wp-content\/uploads\/2024\/09\/WhatsApp-Image-2024-09-18-at-13.45.18-768x1024.jpeg\" alt=\"\" class=\"wp-image-702\" srcset=\"https:\/\/enfoquecomunicacionesec.com\/wp-content\/uploads\/2024\/09\/WhatsApp-Image-2024-09-18-at-13.45.18-768x1024.jpeg 768w, https:\/\/enfoquecomunicacionesec.com\/wp-content\/uploads\/2024\/09\/WhatsApp-Image-2024-09-18-at-13.45.18-225x300.jpeg 225w, https:\/\/enfoquecomunicacionesec.com\/wp-content\/uploads\/2024\/09\/WhatsApp-Image-2024-09-18-at-13.45.18-1152x1536.jpeg 1152w, https:\/\/enfoquecomunicacionesec.com\/wp-content\/uploads\/2024\/09\/WhatsApp-Image-2024-09-18-at-13.45.18.jpeg 1200w\" sizes=\"auto, (max-width: 768px) 100vw, 768px\" \/><\/figure>\n\n\n\n<figure class=\"wp-block-image size-large\"><img loading=\"lazy\" decoding=\"async\" width=\"1024\" height=\"768\" data-id=\"700\" src=\"https:\/\/enfoquecomunicacionesec.com\/wp-content\/uploads\/2024\/09\/WhatsApp-Image-2024-09-18-at-13.45.19-1024x768.jpeg\" alt=\"\" class=\"wp-image-700\" srcset=\"https:\/\/enfoquecomunicacionesec.com\/wp-content\/uploads\/2024\/09\/WhatsApp-Image-2024-09-18-at-13.45.19-1024x768.jpeg 1024w, https:\/\/enfoquecomunicacionesec.com\/wp-content\/uploads\/2024\/09\/WhatsApp-Image-2024-09-18-at-13.45.19-300x225.jpeg 300w, https:\/\/enfoquecomunicacionesec.com\/wp-content\/uploads\/2024\/09\/WhatsApp-Image-2024-09-18-at-13.45.19-768x576.jpeg 768w, https:\/\/enfoquecomunicacionesec.com\/wp-content\/uploads\/2024\/09\/WhatsApp-Image-2024-09-18-at-13.45.19-1536x1152.jpeg 1536w, https:\/\/enfoquecomunicacionesec.com\/wp-content\/uploads\/2024\/09\/WhatsApp-Image-2024-09-18-at-13.45.19.jpeg 1600w\" sizes=\"auto, (max-width: 1024px) 100vw, 1024px\" \/><\/figure>\n\n\n\n<figure class=\"wp-block-image size-large\"><img loading=\"lazy\" decoding=\"async\" width=\"768\" height=\"1024\" data-id=\"701\" src=\"https:\/\/enfoquecomunicacionesec.com\/wp-content\/uploads\/2024\/09\/WhatsApp-Image-2024-09-18-at-13.45.20-768x1024.jpeg\" alt=\"\" class=\"wp-image-701\" srcset=\"https:\/\/enfoquecomunicacionesec.com\/wp-content\/uploads\/2024\/09\/WhatsApp-Image-2024-09-18-at-13.45.20-768x1024.jpeg 768w, https:\/\/enfoquecomunicacionesec.com\/wp-content\/uploads\/2024\/09\/WhatsApp-Image-2024-09-18-at-13.45.20-225x300.jpeg 225w, https:\/\/enfoquecomunicacionesec.com\/wp-content\/uploads\/2024\/09\/WhatsApp-Image-2024-09-18-at-13.45.20-1152x1536.jpeg 1152w, https:\/\/enfoquecomunicacionesec.com\/wp-content\/uploads\/2024\/09\/WhatsApp-Image-2024-09-18-at-13.45.20.jpeg 1200w\" sizes=\"auto, (max-width: 768px) 100vw, 768px\" \/><\/figure>\n<\/figure>\n\n\n\n<p>El evento \u201cALL IN 2024: <\/p>\n\n\n\n<p>En Sinergia por la Diversidad, Equidad e Inclusi\u00f3n (DEI)\u201d, organizado por Grupo LILA, reuni\u00f3 a l\u00edderes empresariales, expertos internacionales y defensores de la inclusi\u00f3n en un espacio de di\u00e1logo y aprendizaje en el Hotel Sheraton de Quito. <\/p>\n\n\n\n<p class=\"has-white-color has-text-color has-link-color wp-elements-7e4ac651328708ea719ac0894fa30934\">.<\/p>\n\n\n\n<p>Con el apoyo de importantes aliados como Sherwin Williams, Banco Pichincha, Banco de Guayaquil, United Airlines, Datafast, Chevyplan y Superior, la jornada se centr\u00f3 en la implementaci\u00f3n efectiva de la DEI en las empresas.<\/p>\n\n\n\n<p class=\"has-white-color has-text-color has-link-color wp-elements-7e4ac651328708ea719ac0894fa30934\">.<\/p>\n\n\n\n<p>La primera ponencia estuvo a cargo de Nico Nogu\u00e9s, desde Espa\u00f1a, quien subray\u00f3 la importancia de romper con los paradigmas machistas arraigados en los entornos laborales. Nogu\u00e9s tambi\u00e9n resalt\u00f3 la necesidad de evitar la normalizaci\u00f3n de ciertas conductas t\u00f3xicas y reflexion\u00f3 sobre las nuevas masculinidades y la relevancia de las emociones en el lugar de trabajo. \u00abHemos etiquetado las emociones como si \u00e9stas tuvieran g\u00e9nero\u00bb, destac\u00f3, invitando a los asistentes a reconsiderar estos estigmas.<\/p>\n\n\n\n<p class=\"has-white-color has-text-color has-link-color wp-elements-7e4ac651328708ea719ac0894fa30934\">.<\/p>\n\n\n\n<p>El evento continu\u00f3 con un panel sobre conciliaci\u00f3n y corresponsabilidad, donde se discuti\u00f3 el papel crucial de equilibrar la vida personal y profesional. Se enfatiz\u00f3 que estos aspectos deben ser pilares fundamentales en las empresas para garantizar el bienestar de los colaboradores y fomentar una cultura organizacional m\u00e1s inclusiva y justa.<\/p>\n\n\n\n<p class=\"has-white-color has-text-color has-link-color wp-elements-7e4ac651328708ea719ac0894fa30934\">.<\/p>\n\n\n\n<p>Un momento destacado fue la participaci\u00f3n de Jaime Andr\u00e9s L\u00f3pez, quien ofreci\u00f3 un stand-up comedy donde, a trav\u00e9s del humor, evidenci\u00f3 las diferencias de g\u00e9nero y c\u00f3mo estas afectan nuestras interacciones diarias. Su presentaci\u00f3n invit\u00f3 a romper creencias infundadas que perpet\u00faan la desigualdad.<\/p>\n\n\n\n<p class=\"has-white-color has-text-color has-link-color wp-elements-7e4ac651328708ea719ac0894fa30934\">.<\/p>\n\n\n\n<p>Posteriormente, se llev\u00f3 a cabo la graduaci\u00f3n de las Driver DEI de 2024, un grupo de profesionales que se comprometieron a implementar pol\u00edticas inclusivas en sus respectivos espacios laborales, marcando un hito en la promoci\u00f3n de la diversidad y equidad en Ecuador.<\/p>\n\n\n\n<p class=\"has-white-color has-text-color has-link-color wp-elements-7e4ac651328708ea719ac0894fa30934\">.<\/p>\n\n\n\n<p>Desde Espa\u00f1a, Tania Cam\u00f3n ofreci\u00f3 una presentaci\u00f3n sobre la ocupaci\u00f3n equitativa de espacios, resaltando la sinergia como clave para garantizar que todas las personas sean cuidadas y respetadas.<\/p>\n\n\n\n<p class=\"has-white-color has-text-color has-link-color wp-elements-7e4ac651328708ea719ac0894fa30934\">.<\/p>\n\n\n\n<p>El panel empresarial \u00abLiderar desde el Yo\u00bb abord\u00f3 temas esenciales como los sesgos individuales y la importancia de reconocer que los l\u00edderes son seres sensibles con historias \u00fanicas. Empresas participantes y patrocinadoras compartieron sus experiencias y casos de \u00e9xito en la creaci\u00f3n de pol\u00edticas DEI, resaltando los beneficios de su implementaci\u00f3n en el entorno corporativo.<\/p>\n\n\n\n<p class=\"has-white-color has-text-color has-link-color wp-elements-7e4ac651328708ea719ac0894fa30934\">.<\/p>\n\n\n\n<p>El evento cerr\u00f3 con la participaci\u00f3n de Juana Guarderas, quien, con su caracter\u00edstico humor, reflej\u00f3 actitudes machistas arraigadas en nuestra sociedad, motivando a la audiencia a romper con estos estereotipos para construir una convivencia m\u00e1s arm\u00f3nica y equitativa.<\/p>\n\n\n\n<p class=\"has-white-color has-text-color has-link-color wp-elements-7e4ac651328708ea719ac0894fa30934\">.<\/p>\n\n\n\n<p><strong>ALL IN 2024<\/strong> fue un espacio transformador que reafirm\u00f3 la importancia de la diversidad, equidad e inclusi\u00f3n como ejes fundamentales para el crecimiento y bienestar en las organizaciones, sentando las bases para un futuro empresarial m\u00e1s humano y sostenible.<\/p>\n\n\n\n<p><\/p>\n","protected":false},"excerpt":{"rendered":"<p>El evento \u201cALL IN 2024: En Sinergia por la Diversidad, Equidad e Inclusi\u00f3n (DEI)\u201d, organizado por Grupo LILA, reuni\u00f3 a l\u00edderes empresariales, expertos internacionales y defensores de la inclusi\u00f3n en un espacio de di\u00e1logo y aprendizaje en el Hotel Sheraton de Quito. . Con el apoyo de importantes aliados como Sherwin Williams, Banco Pichincha, Banco [&hellip;]<\/p>\n","protected":false},"author":1,"featured_media":0,"comment_status":"open","ping_status":"open","sticky":false,"template":"","format":"standard","meta":{"footnotes":""},"categories":[1],"tags":[],"class_list":["post-696","post","type-post","status-publish","format-standard","hentry","category-blog"],"yoast_head":"<!-- This site is optimized with the Yoast SEO plugin v21.5 - https:\/\/yoast.com\/wordpress\/plugins\/seo\/ -->\n<title>ALL IN 2024: En Sinergia por la Diversidad, Equidad e Inclusi\u00f3n - Un Encuentro Transformador en Quito - EnfoqueComunicaciones.ec<\/title>\n<meta name=\"robots\" content=\"index, follow, max-snippet:-1, max-image-preview:large, max-video-preview:-1\" \/>\n<link rel=\"canonical\" href=\"https:\/\/enfoquecomunicacionesec.com\/index.php\/2024\/09\/18\/all-in-2024-en-sinergia-por-la-diversidad-equidad-e-inclusion-un-encuentro-transformador-en-quito\/\" \/>\n<meta property=\"og:locale\" content=\"es_ES\" \/>\n<meta property=\"og:type\" content=\"article\" \/>\n<meta property=\"og:title\" content=\"ALL IN 2024: En Sinergia por la Diversidad, Equidad e Inclusi\u00f3n - Un Encuentro Transformador en Quito - EnfoqueComunicaciones.ec\" \/>\n<meta property=\"og:description\" content=\"El evento \u201cALL IN 2024: En Sinergia por la Diversidad, Equidad e Inclusi\u00f3n (DEI)\u201d, organizado por Grupo LILA, reuni\u00f3 a l\u00edderes empresariales, expertos internacionales y defensores de la inclusi\u00f3n en un espacio de di\u00e1logo y aprendizaje en el Hotel Sheraton de Quito. . Con el apoyo de importantes aliados como Sherwin Williams, Banco Pichincha, Banco [&hellip;]\" \/>\n<meta property=\"og:url\" content=\"https:\/\/enfoquecomunicacionesec.com\/index.php\/2024\/09\/18\/all-in-2024-en-sinergia-por-la-diversidad-equidad-e-inclusion-un-encuentro-transformador-en-quito\/\" \/>\n<meta property=\"og:site_name\" content=\"EnfoqueComunicaciones.ec\" \/>\n<meta property=\"article:publisher\" content=\"https:\/\/www.facebook.com\/enfoquecomunicacionesec\" \/>\n<meta property=\"article:author\" content=\"https:\/\/www.facebook.com\/enfoquecomunicacionesec\/\" \/>\n<meta property=\"article:published_time\" content=\"2024-09-18T22:34:05+00:00\" \/>\n<meta property=\"article:modified_time\" content=\"2024-09-18T22:44:25+00:00\" \/>\n<meta property=\"og:image\" content=\"https:\/\/enfoquecomunicacionesec.com\/wp-content\/uploads\/2024\/09\/WhatsApp-Image-2024-09-18-at-13.45.16-1-1024x768.jpeg\" \/>\n<meta name=\"author\" content=\"enfoquecomunicacionesec.com\" \/>\n<meta name=\"twitter:card\" content=\"summary_large_image\" \/>\n<meta name=\"twitter:label1\" content=\"Escrito por\" \/>\n\t<meta name=\"twitter:data1\" content=\"enfoquecomunicacionesec.com\" \/>\n\t<meta name=\"twitter:label2\" content=\"Tiempo de lectura\" \/>\n\t<meta name=\"twitter:data2\" content=\"4 minutos\" \/>\n<script type=\"application\/ld+json\" class=\"yoast-schema-graph\">{\"@context\":\"https:\/\/schema.org\",\"@graph\":[{\"@type\":\"Article\",\"@id\":\"https:\/\/enfoquecomunicacionesec.com\/index.php\/2024\/09\/18\/all-in-2024-en-sinergia-por-la-diversidad-equidad-e-inclusion-un-encuentro-transformador-en-quito\/#article\",\"isPartOf\":{\"@id\":\"https:\/\/enfoquecomunicacionesec.com\/index.php\/2024\/09\/18\/all-in-2024-en-sinergia-por-la-diversidad-equidad-e-inclusion-un-encuentro-transformador-en-quito\/\"},\"author\":{\"name\":\"enfoquecomunicacionesec.com\",\"@id\":\"https:\/\/enfoquecomunicacionesec.com\/#\/schema\/person\/2b7ab7f9f7be7fa65c396efa3876a786\"},\"headline\":\"ALL IN 2024: En Sinergia por la Diversidad, Equidad e Inclusi\u00f3n &#8211; Un Encuentro Transformador en Quito\",\"datePublished\":\"2024-09-18T22:34:05+00:00\",\"dateModified\":\"2024-09-18T22:44:25+00:00\",\"mainEntityOfPage\":{\"@id\":\"https:\/\/enfoquecomunicacionesec.com\/index.php\/2024\/09\/18\/all-in-2024-en-sinergia-por-la-diversidad-equidad-e-inclusion-un-encuentro-transformador-en-quito\/\"},\"wordCount\":499,\"commentCount\":0,\"publisher\":{\"@id\":\"https:\/\/enfoquecomunicacionesec.com\/#organization\"},\"articleSection\":[\"Blog\"],\"inLanguage\":\"es\",\"potentialAction\":[{\"@type\":\"CommentAction\",\"name\":\"Comment\",\"target\":[\"https:\/\/enfoquecomunicacionesec.com\/index.php\/2024\/09\/18\/all-in-2024-en-sinergia-por-la-diversidad-equidad-e-inclusion-un-encuentro-transformador-en-quito\/#respond\"]}]},{\"@type\":\"WebPage\",\"@id\":\"https:\/\/enfoquecomunicacionesec.com\/index.php\/2024\/09\/18\/all-in-2024-en-sinergia-por-la-diversidad-equidad-e-inclusion-un-encuentro-transformador-en-quito\/\",\"url\":\"https:\/\/enfoquecomunicacionesec.com\/index.php\/2024\/09\/18\/all-in-2024-en-sinergia-por-la-diversidad-equidad-e-inclusion-un-encuentro-transformador-en-quito\/\",\"name\":\"ALL IN 2024: En Sinergia por la Diversidad, Equidad e Inclusi\u00f3n - Un Encuentro Transformador en Quito - EnfoqueComunicaciones.ec\",\"isPartOf\":{\"@id\":\"https:\/\/enfoquecomunicacionesec.com\/#website\"},\"datePublished\":\"2024-09-18T22:34:05+00:00\",\"dateModified\":\"2024-09-18T22:44:25+00:00\",\"breadcrumb\":{\"@id\":\"https:\/\/enfoquecomunicacionesec.com\/index.php\/2024\/09\/18\/all-in-2024-en-sinergia-por-la-diversidad-equidad-e-inclusion-un-encuentro-transformador-en-quito\/#breadcrumb\"},\"inLanguage\":\"es\",\"potentialAction\":[{\"@type\":\"ReadAction\",\"target\":[\"https:\/\/enfoquecomunicacionesec.com\/index.php\/2024\/09\/18\/all-in-2024-en-sinergia-por-la-diversidad-equidad-e-inclusion-un-encuentro-transformador-en-quito\/\"]}]},{\"@type\":\"BreadcrumbList\",\"@id\":\"https:\/\/enfoquecomunicacionesec.com\/index.php\/2024\/09\/18\/all-in-2024-en-sinergia-por-la-diversidad-equidad-e-inclusion-un-encuentro-transformador-en-quito\/#breadcrumb\",\"itemListElement\":[{\"@type\":\"ListItem\",\"position\":1,\"name\":\"Portada\",\"item\":\"https:\/\/enfoquecomunicacionesec.com\/\"},{\"@type\":\"ListItem\",\"position\":2,\"name\":\"ALL IN 2024: En Sinergia por la Diversidad, Equidad e Inclusi\u00f3n &#8211; Un Encuentro Transformador en Quito\"}]},{\"@type\":\"WebSite\",\"@id\":\"https:\/\/enfoquecomunicacionesec.com\/#website\",\"url\":\"https:\/\/enfoquecomunicacionesec.com\/\",\"name\":\"EnfoqueComunicaciones.ec\",\"description\":\"\",\"publisher\":{\"@id\":\"https:\/\/enfoquecomunicacionesec.com\/#organization\"},\"potentialAction\":[{\"@type\":\"SearchAction\",\"target\":{\"@type\":\"EntryPoint\",\"urlTemplate\":\"https:\/\/enfoquecomunicacionesec.com\/?s={search_term_string}\"},\"query-input\":\"required name=search_term_string\"}],\"inLanguage\":\"es\"},{\"@type\":\"Organization\",\"@id\":\"https:\/\/enfoquecomunicacionesec.com\/#organization\",\"name\":\"EnfoqueComunicaciones.ec\",\"url\":\"https:\/\/enfoquecomunicacionesec.com\/\",\"logo\":{\"@type\":\"ImageObject\",\"inLanguage\":\"es\",\"@id\":\"https:\/\/enfoquecomunicacionesec.com\/#\/schema\/logo\/image\/\",\"url\":\"http:\/\/enfoquecomunicacionesec.com\/wp-content\/uploads\/2023\/09\/cropped-LOGO-ENFOQUE-1.png\",\"contentUrl\":\"http:\/\/enfoquecomunicacionesec.com\/wp-content\/uploads\/2023\/09\/cropped-LOGO-ENFOQUE-1.png\",\"width\":512,\"height\":512,\"caption\":\"EnfoqueComunicaciones.ec\"},\"image\":{\"@id\":\"https:\/\/enfoquecomunicacionesec.com\/#\/schema\/logo\/image\/\"},\"sameAs\":[\"https:\/\/www.facebook.com\/enfoquecomunicacionesec\",\"https:\/\/www.instagram.com\/enfoque.comunicaciones\/\",\"https:\/\/www.linkedin.com\/in\/enfoque-comunicaciones-ec-0ba5a424b\/\"]},{\"@type\":\"Person\",\"@id\":\"https:\/\/enfoquecomunicacionesec.com\/#\/schema\/person\/2b7ab7f9f7be7fa65c396efa3876a786\",\"name\":\"enfoquecomunicacionesec.com\",\"image\":{\"@type\":\"ImageObject\",\"inLanguage\":\"es\",\"@id\":\"https:\/\/enfoquecomunicacionesec.com\/#\/schema\/person\/image\/\",\"url\":\"https:\/\/secure.gravatar.com\/avatar\/cc08e6fde57d62cfc05ab2281442cfaaf53a21aedf183ff95293b1c45e85127a?s=96&d=mm&r=g\",\"contentUrl\":\"https:\/\/secure.gravatar.com\/avatar\/cc08e6fde57d62cfc05ab2281442cfaaf53a21aedf183ff95293b1c45e85127a?s=96&d=mm&r=g\",\"caption\":\"enfoquecomunicacionesec.com\"},\"sameAs\":[\"http:\/\/enfoquecomunicacionesec.com\",\"https:\/\/www.facebook.com\/enfoquecomunicacionesec\/\",\"https:\/\/www.instagram.com\/enfoque.comunicaciones_mkt\/\",\"https:\/\/www.linkedin.com\/in\/enfoque-comunicaciones-ec-0ba5a424b\/\"],\"url\":\"https:\/\/enfoquecomunicacionesec.com\/index.php\/author\/enfoquecomunicacionesec-com\/\"}]}<\/script>\n<!-- \/ Yoast SEO plugin. -->","yoast_head_json":{"title":"ALL IN 2024: En Sinergia por la Diversidad, Equidad e Inclusi\u00f3n - Un Encuentro Transformador en Quito - EnfoqueComunicaciones.ec","robots":{"index":"index","follow":"follow","max-snippet":"max-snippet:-1","max-image-preview":"max-image-preview:large","max-video-preview":"max-video-preview:-1"},"canonical":"https:\/\/enfoquecomunicacionesec.com\/index.php\/2024\/09\/18\/all-in-2024-en-sinergia-por-la-diversidad-equidad-e-inclusion-un-encuentro-transformador-en-quito\/","og_locale":"es_ES","og_type":"article","og_title":"ALL IN 2024: En Sinergia por la Diversidad, Equidad e Inclusi\u00f3n - Un Encuentro Transformador en Quito - EnfoqueComunicaciones.ec","og_description":"El evento \u201cALL IN 2024: En Sinergia por la Diversidad, Equidad e Inclusi\u00f3n (DEI)\u201d, organizado por Grupo LILA, reuni\u00f3 a l\u00edderes empresariales, expertos internacionales y defensores de la inclusi\u00f3n en un espacio de di\u00e1logo y aprendizaje en el Hotel Sheraton de Quito. . Con el apoyo de importantes aliados como Sherwin Williams, Banco Pichincha, Banco [&hellip;]","og_url":"https:\/\/enfoquecomunicacionesec.com\/index.php\/2024\/09\/18\/all-in-2024-en-sinergia-por-la-diversidad-equidad-e-inclusion-un-encuentro-transformador-en-quito\/","og_site_name":"EnfoqueComunicaciones.ec","article_publisher":"https:\/\/www.facebook.com\/enfoquecomunicacionesec","article_author":"https:\/\/www.facebook.com\/enfoquecomunicacionesec\/","article_published_time":"2024-09-18T22:34:05+00:00","article_modified_time":"2024-09-18T22:44:25+00:00","og_image":[{"url":"https:\/\/enfoquecomunicacionesec.com\/wp-content\/uploads\/2024\/09\/WhatsApp-Image-2024-09-18-at-13.45.16-1-1024x768.jpeg"}],"author":"enfoquecomunicacionesec.com","twitter_card":"summary_large_image","twitter_misc":{"Escrito por":"enfoquecomunicacionesec.com","Tiempo de lectura":"4 minutos"},"schema":{"@context":"https:\/\/schema.org","@graph":[{"@type":"Article","@id":"https:\/\/enfoquecomunicacionesec.com\/index.php\/2024\/09\/18\/all-in-2024-en-sinergia-por-la-diversidad-equidad-e-inclusion-un-encuentro-transformador-en-quito\/#article","isPartOf":{"@id":"https:\/\/enfoquecomunicacionesec.com\/index.php\/2024\/09\/18\/all-in-2024-en-sinergia-por-la-diversidad-equidad-e-inclusion-un-encuentro-transformador-en-quito\/"},"author":{"name":"enfoquecomunicacionesec.com","@id":"https:\/\/enfoquecomunicacionesec.com\/#\/schema\/person\/2b7ab7f9f7be7fa65c396efa3876a786"},"headline":"ALL IN 2024: En Sinergia por la Diversidad, Equidad e Inclusi\u00f3n &#8211; Un Encuentro Transformador en Quito","datePublished":"2024-09-18T22:34:05+00:00","dateModified":"2024-09-18T22:44:25+00:00","mainEntityOfPage":{"@id":"https:\/\/enfoquecomunicacionesec.com\/index.php\/2024\/09\/18\/all-in-2024-en-sinergia-por-la-diversidad-equidad-e-inclusion-un-encuentro-transformador-en-quito\/"},"wordCount":499,"commentCount":0,"publisher":{"@id":"https:\/\/enfoquecomunicacionesec.com\/#organization"},"articleSection":["Blog"],"inLanguage":"es","potentialAction":[{"@type":"CommentAction","name":"Comment","target":["https:\/\/enfoquecomunicacionesec.com\/index.php\/2024\/09\/18\/all-in-2024-en-sinergia-por-la-diversidad-equidad-e-inclusion-un-encuentro-transformador-en-quito\/#respond"]}]},{"@type":"WebPage","@id":"https:\/\/enfoquecomunicacionesec.com\/index.php\/2024\/09\/18\/all-in-2024-en-sinergia-por-la-diversidad-equidad-e-inclusion-un-encuentro-transformador-en-quito\/","url":"https:\/\/enfoquecomunicacionesec.com\/index.php\/2024\/09\/18\/all-in-2024-en-sinergia-por-la-diversidad-equidad-e-inclusion-un-encuentro-transformador-en-quito\/","name":"ALL IN 2024: En Sinergia por la Diversidad, Equidad e Inclusi\u00f3n - Un Encuentro Transformador en Quito - EnfoqueComunicaciones.ec","isPartOf":{"@id":"https:\/\/enfoquecomunicacionesec.com\/#website"},"datePublished":"2024-09-18T22:34:05+00:00","dateModified":"2024-09-18T22:44:25+00:00","breadcrumb":{"@id":"https:\/\/enfoquecomunicacionesec.com\/index.php\/2024\/09\/18\/all-in-2024-en-sinergia-por-la-diversidad-equidad-e-inclusion-un-encuentro-transformador-en-quito\/#breadcrumb"},"inLanguage":"es","potentialAction":[{"@type":"ReadAction","target":["https:\/\/enfoquecomunicacionesec.com\/index.php\/2024\/09\/18\/all-in-2024-en-sinergia-por-la-diversidad-equidad-e-inclusion-un-encuentro-transformador-en-quito\/"]}]},{"@type":"BreadcrumbList","@id":"https:\/\/enfoquecomunicacionesec.com\/index.php\/2024\/09\/18\/all-in-2024-en-sinergia-por-la-diversidad-equidad-e-inclusion-un-encuentro-transformador-en-quito\/#breadcrumb","itemListElement":[{"@type":"ListItem","position":1,"name":"Portada","item":"https:\/\/enfoquecomunicacionesec.com\/"},{"@type":"ListItem","position":2,"name":"ALL IN 2024: En Sinergia por la Diversidad, Equidad e Inclusi\u00f3n &#8211; Un Encuentro Transformador en Quito"}]},{"@type":"WebSite","@id":"https:\/\/enfoquecomunicacionesec.com\/#website","url":"https:\/\/enfoquecomunicacionesec.com\/","name":"EnfoqueComunicaciones.ec","description":"","publisher":{"@id":"https:\/\/enfoquecomunicacionesec.com\/#organization"},"potentialAction":[{"@type":"SearchAction","target":{"@type":"EntryPoint","urlTemplate":"https:\/\/enfoquecomunicacionesec.com\/?s={search_term_string}"},"query-input":"required name=search_term_string"}],"inLanguage":"es"},{"@type":"Organization","@id":"https:\/\/enfoquecomunicacionesec.com\/#organization","name":"EnfoqueComunicaciones.ec","url":"https:\/\/enfoquecomunicacionesec.com\/","logo":{"@type":"ImageObject","inLanguage":"es","@id":"https:\/\/enfoquecomunicacionesec.com\/#\/schema\/logo\/image\/","url":"http:\/\/enfoquecomunicacionesec.com\/wp-content\/uploads\/2023\/09\/cropped-LOGO-ENFOQUE-1.png","contentUrl":"http:\/\/enfoquecomunicacionesec.com\/wp-content\/uploads\/2023\/09\/cropped-LOGO-ENFOQUE-1.png","width":512,"height":512,"caption":"EnfoqueComunicaciones.ec"},"image":{"@id":"https:\/\/enfoquecomunicacionesec.com\/#\/schema\/logo\/image\/"},"sameAs":["https:\/\/www.facebook.com\/enfoquecomunicacionesec","https:\/\/www.instagram.com\/enfoque.comunicaciones\/","https:\/\/www.linkedin.com\/in\/enfoque-comunicaciones-ec-0ba5a424b\/"]},{"@type":"Person","@id":"https:\/\/enfoquecomunicacionesec.com\/#\/schema\/person\/2b7ab7f9f7be7fa65c396efa3876a786","name":"enfoquecomunicacionesec.com","image":{"@type":"ImageObject","inLanguage":"es","@id":"https:\/\/enfoquecomunicacionesec.com\/#\/schema\/person\/image\/","url":"https:\/\/secure.gravatar.com\/avatar\/cc08e6fde57d62cfc05ab2281442cfaaf53a21aedf183ff95293b1c45e85127a?s=96&d=mm&r=g","contentUrl":"https:\/\/secure.gravatar.com\/avatar\/cc08e6fde57d62cfc05ab2281442cfaaf53a21aedf183ff95293b1c45e85127a?s=96&d=mm&r=g","caption":"enfoquecomunicacionesec.com"},"sameAs":["http:\/\/enfoquecomunicacionesec.com","https:\/\/www.facebook.com\/enfoquecomunicacionesec\/","https:\/\/www.instagram.com\/enfoque.comunicaciones_mkt\/","https:\/\/www.linkedin.com\/in\/enfoque-comunicaciones-ec-0ba5a424b\/"],"url":"https:\/\/enfoquecomunicacionesec.com\/index.php\/author\/enfoquecomunicacionesec-com\/"}]}},"_links":{"self":[{"href":"https:\/\/enfoquecomunicacionesec.com\/index.php\/wp-json\/wp\/v2\/posts\/696","targetHints":{"allow":["GET"]}}],"collection":[{"href":"https:\/\/enfoquecomunicacionesec.com\/index.php\/wp-json\/wp\/v2\/posts"}],"about":[{"href":"https:\/\/enfoquecomunicacionesec.com\/index.php\/wp-json\/wp\/v2\/types\/post"}],"author":[{"embeddable":true,"href":"https:\/\/enfoquecomunicacionesec.com\/index.php\/wp-json\/wp\/v2\/users\/1"}],"replies":[{"embeddable":true,"href":"https:\/\/enfoquecomunicacionesec.com\/index.php\/wp-json\/wp\/v2\/comments?post=696"}],"version-history":[{"count":4,"href":"https:\/\/enfoquecomunicacionesec.com\/index.php\/wp-json\/wp\/v2\/posts\/696\/revisions"}],"predecessor-version":[{"id":710,"href":"https:\/\/enfoquecomunicacionesec.com\/index.php\/wp-json\/wp\/v2\/posts\/696\/revisions\/710"}],"wp:attachment":[{"href":"https:\/\/enfoquecomunicacionesec.com\/index.php\/wp-json\/wp\/v2\/media?parent=696"}],"wp:term":[{"taxonomy":"category","embeddable":true,"href":"https:\/\/enfoquecomunicacionesec.com\/index.php\/wp-json\/wp\/v2\/categories?post=696"},{"taxonomy":"post_tag","embeddable":true,"href":"https:\/\/enfoquecomunicacionesec.com\/index.php\/wp-json\/wp\/v2\/tags?post=696"}],"curies":[{"name":"wp","href":"https:\/\/api.w.org\/{rel}","templated":true}]}}