{"id":717,"date":"2024-10-23T16:15:19","date_gmt":"2024-10-23T21:15:19","guid":{"rendered":"https:\/\/enfoquecomunicacionesec.com\/?p=717"},"modified":"2024-10-23T16:15:19","modified_gmt":"2024-10-23T21:15:19","slug":"revolucion-en-logistica-proyecto-piloto-nacional-para-mitigar-huella-de-carbono-alcance-3-en-envios","status":"publish","type":"post","link":"https:\/\/enfoquecomunicacionesec.com\/index.php\/2024\/10\/23\/revolucion-en-logistica-proyecto-piloto-nacional-para-mitigar-huella-de-carbono-alcance-3-en-envios\/","title":{"rendered":"Revoluci\u00f3n en log\u00edstica: Proyecto piloto nacional para mitigar huella de carbono alcance 3 en env\u00edos"},"content":{"rendered":"\n<p><img loading=\"lazy\" decoding=\"async\" width=\"300\" height=\"200\" class=\"wp-image-718\" style=\"width: 300px;\" src=\"http:\/\/enfoquecomunicacionesec.com\/wp-content\/uploads\/2024\/10\/WhatsApp-Image-2024-10-23-at-15.32.40.jpeg\" alt=\"\" srcset=\"https:\/\/enfoquecomunicacionesec.com\/wp-content\/uploads\/2024\/10\/WhatsApp-Image-2024-10-23-at-15.32.40.jpeg 1280w, https:\/\/enfoquecomunicacionesec.com\/wp-content\/uploads\/2024\/10\/WhatsApp-Image-2024-10-23-at-15.32.40-300x200.jpeg 300w, https:\/\/enfoquecomunicacionesec.com\/wp-content\/uploads\/2024\/10\/WhatsApp-Image-2024-10-23-at-15.32.40-1024x682.jpeg 1024w, https:\/\/enfoquecomunicacionesec.com\/wp-content\/uploads\/2024\/10\/WhatsApp-Image-2024-10-23-at-15.32.40-768x512.jpeg 768w\" sizes=\"auto, (max-width: 300px) 100vw, 300px\" \/>  <img loading=\"lazy\" decoding=\"async\" width=\"300\" height=\"200\" class=\"wp-image-722\" style=\"width: 300px;\" src=\"http:\/\/enfoquecomunicacionesec.com\/wp-content\/uploads\/2024\/10\/WhatsApp-Image-2024-10-23-at-15.32.39-2.jpeg\" alt=\"\" srcset=\"https:\/\/enfoquecomunicacionesec.com\/wp-content\/uploads\/2024\/10\/WhatsApp-Image-2024-10-23-at-15.32.39-2.jpeg 1280w, https:\/\/enfoquecomunicacionesec.com\/wp-content\/uploads\/2024\/10\/WhatsApp-Image-2024-10-23-at-15.32.39-2-300x200.jpeg 300w, https:\/\/enfoquecomunicacionesec.com\/wp-content\/uploads\/2024\/10\/WhatsApp-Image-2024-10-23-at-15.32.39-2-1024x682.jpeg 1024w, https:\/\/enfoquecomunicacionesec.com\/wp-content\/uploads\/2024\/10\/WhatsApp-Image-2024-10-23-at-15.32.39-2-768x512.jpeg 768w\" sizes=\"auto, (max-width: 300px) 100vw, 300px\" \/>    <\/p>\n\n\n\n<p>El d\u00eda de hoy mi\u00e9rcoles 23 de octubre, estuvimos presentes en el innovador lanzamiento del primer proyecto piloto nacional destinado a mitigar la huella de carbono de alcance 3 en env\u00edos, desarrollado por Grupo Entregas y Fundaci\u00f3n Futuro a trav\u00e9s de NFTree. Este evento, que se llev\u00f3 a cabo en Quito, reuni\u00f3 a l\u00edderes en sostenibilidad y log\u00edstica, consolidando el compromiso del sector privado con la reducci\u00f3n de emisiones y la conservaci\u00f3n del medio ambiente.<\/p>\n\n\n\n<p><\/p>\n\n\n\n<p>El proyecto piloto, que involucra a cuatro clientes iniciales, permitir\u00e1 medir y mitigar las emisiones de carbono generadas por los env\u00edos a nivel nacional, utilizando la plataforma NFTree. Este mecanismo de financiamiento apoya la conservaci\u00f3n de ecosistemas de alto valor ecol\u00f3gico, permitiendo a empresas compensar su huella de carbono de manera efectiva y transparente, gracias al uso de tecnolog\u00eda blockchain.<\/p>\n\n\n\n<p><\/p>\n\n\n\n<p>Grupo Entregas, una Empresa B certificada, se alinea con su misi\u00f3n de promover pr\u00e1cticas log\u00edsticas sostenibles, mientras que Fundaci\u00f3n Futuro impulsa este proyecto como parte de sus iniciativas de conservaci\u00f3n y sostenibilidad. Este esfuerzo colaborativo no solo reducir\u00e1 las emisiones de carbono en la cadena de suministro, sino que tambi\u00e9n apoyar\u00e1 el desarrollo socioecon\u00f3mico de las comunidades locales.<\/p>\n\n\n\n<p><\/p>\n\n\n\n<p>Enfoque Comunicaciones reafirma su compromiso con la sostenibilidad y la innovaci\u00f3n en sus proyectos de comunicaci\u00f3n, asistiendo a eventos clave que buscan soluciones integrales para el futuro del pa\u00eds y el planeta.<\/p>\n","protected":false},"excerpt":{"rendered":"<p>El d\u00eda de hoy mi\u00e9rcoles 23 de octubre, estuvimos presentes en el innovador lanzamiento del primer proyecto piloto nacional destinado a mitigar la huella de carbono de alcance 3 en env\u00edos, desarrollado por Grupo Entregas y Fundaci\u00f3n Futuro a trav\u00e9s de NFTree. Este evento, que se llev\u00f3 a cabo en Quito, reuni\u00f3 a l\u00edderes en [&hellip;]<\/p>\n","protected":false},"author":1,"featured_media":0,"comment_status":"open","ping_status":"open","sticky":false,"template":"","format":"standard","meta":{"footnotes":""},"categories":[1],"tags":[10,9,11],"class_list":["post-717","post","type-post","status-publish","format-standard","hentry","category-blog","tag-evento","tag-huella-de-carbono","tag-revolucion-logistica"],"yoast_head":"<!-- This site is optimized with the Yoast SEO plugin v21.5 - https:\/\/yoast.com\/wordpress\/plugins\/seo\/ -->\n<title>Revoluci\u00f3n en log\u00edstica: Proyecto piloto nacional para mitigar huella de carbono alcance 3 en env\u00edos - EnfoqueComunicaciones.ec<\/title>\n<meta name=\"robots\" content=\"index, follow, max-snippet:-1, max-image-preview:large, max-video-preview:-1\" \/>\n<link rel=\"canonical\" href=\"https:\/\/enfoquecomunicacionesec.com\/index.php\/2024\/10\/23\/revolucion-en-logistica-proyecto-piloto-nacional-para-mitigar-huella-de-carbono-alcance-3-en-envios\/\" \/>\n<meta property=\"og:locale\" content=\"es_ES\" \/>\n<meta property=\"og:type\" content=\"article\" \/>\n<meta property=\"og:title\" content=\"Revoluci\u00f3n en log\u00edstica: Proyecto piloto nacional para mitigar huella de carbono alcance 3 en env\u00edos - EnfoqueComunicaciones.ec\" \/>\n<meta property=\"og:description\" content=\"El d\u00eda de hoy mi\u00e9rcoles 23 de octubre, estuvimos presentes en el innovador lanzamiento del primer proyecto piloto nacional destinado a mitigar la huella de carbono de alcance 3 en env\u00edos, desarrollado por Grupo Entregas y Fundaci\u00f3n Futuro a trav\u00e9s de NFTree. Este evento, que se llev\u00f3 a cabo en Quito, reuni\u00f3 a l\u00edderes en [&hellip;]\" \/>\n<meta property=\"og:url\" content=\"https:\/\/enfoquecomunicacionesec.com\/index.php\/2024\/10\/23\/revolucion-en-logistica-proyecto-piloto-nacional-para-mitigar-huella-de-carbono-alcance-3-en-envios\/\" \/>\n<meta property=\"og:site_name\" content=\"EnfoqueComunicaciones.ec\" \/>\n<meta property=\"article:publisher\" content=\"https:\/\/www.facebook.com\/enfoquecomunicacionesec\" \/>\n<meta property=\"article:author\" content=\"https:\/\/www.facebook.com\/enfoquecomunicacionesec\/\" \/>\n<meta property=\"article:published_time\" content=\"2024-10-23T21:15:19+00:00\" \/>\n<meta property=\"og:image\" content=\"http:\/\/enfoquecomunicacionesec.com\/wp-content\/uploads\/2024\/10\/WhatsApp-Image-2024-10-23-at-15.32.40.jpeg\" \/>\n<meta name=\"author\" content=\"enfoquecomunicacionesec.com\" \/>\n<meta name=\"twitter:card\" content=\"summary_large_image\" \/>\n<meta name=\"twitter:label1\" content=\"Escrito por\" \/>\n\t<meta name=\"twitter:data1\" content=\"enfoquecomunicacionesec.com\" \/>\n\t<meta name=\"twitter:label2\" content=\"Tiempo de lectura\" \/>\n\t<meta name=\"twitter:data2\" content=\"2 minutos\" \/>\n<script type=\"application\/ld+json\" class=\"yoast-schema-graph\">{\"@context\":\"https:\/\/schema.org\",\"@graph\":[{\"@type\":\"Article\",\"@id\":\"https:\/\/enfoquecomunicacionesec.com\/index.php\/2024\/10\/23\/revolucion-en-logistica-proyecto-piloto-nacional-para-mitigar-huella-de-carbono-alcance-3-en-envios\/#article\",\"isPartOf\":{\"@id\":\"https:\/\/enfoquecomunicacionesec.com\/index.php\/2024\/10\/23\/revolucion-en-logistica-proyecto-piloto-nacional-para-mitigar-huella-de-carbono-alcance-3-en-envios\/\"},\"author\":{\"name\":\"enfoquecomunicacionesec.com\",\"@id\":\"https:\/\/enfoquecomunicacionesec.com\/#\/schema\/person\/2b7ab7f9f7be7fa65c396efa3876a786\"},\"headline\":\"Revoluci\u00f3n en log\u00edstica: Proyecto piloto nacional para mitigar huella de carbono alcance 3 en env\u00edos\",\"datePublished\":\"2024-10-23T21:15:19+00:00\",\"dateModified\":\"2024-10-23T21:15:19+00:00\",\"mainEntityOfPage\":{\"@id\":\"https:\/\/enfoquecomunicacionesec.com\/index.php\/2024\/10\/23\/revolucion-en-logistica-proyecto-piloto-nacional-para-mitigar-huella-de-carbono-alcance-3-en-envios\/\"},\"wordCount\":263,\"commentCount\":0,\"publisher\":{\"@id\":\"https:\/\/enfoquecomunicacionesec.com\/#organization\"},\"keywords\":[\"Evento\",\"Huella de carbono\",\"revolucion log\u00edstica\"],\"articleSection\":[\"Blog\"],\"inLanguage\":\"es\",\"potentialAction\":[{\"@type\":\"CommentAction\",\"name\":\"Comment\",\"target\":[\"https:\/\/enfoquecomunicacionesec.com\/index.php\/2024\/10\/23\/revolucion-en-logistica-proyecto-piloto-nacional-para-mitigar-huella-de-carbono-alcance-3-en-envios\/#respond\"]}]},{\"@type\":\"WebPage\",\"@id\":\"https:\/\/enfoquecomunicacionesec.com\/index.php\/2024\/10\/23\/revolucion-en-logistica-proyecto-piloto-nacional-para-mitigar-huella-de-carbono-alcance-3-en-envios\/\",\"url\":\"https:\/\/enfoquecomunicacionesec.com\/index.php\/2024\/10\/23\/revolucion-en-logistica-proyecto-piloto-nacional-para-mitigar-huella-de-carbono-alcance-3-en-envios\/\",\"name\":\"Revoluci\u00f3n en log\u00edstica: Proyecto piloto nacional para mitigar huella de carbono alcance 3 en env\u00edos - EnfoqueComunicaciones.ec\",\"isPartOf\":{\"@id\":\"https:\/\/enfoquecomunicacionesec.com\/#website\"},\"datePublished\":\"2024-10-23T21:15:19+00:00\",\"dateModified\":\"2024-10-23T21:15:19+00:00\",\"breadcrumb\":{\"@id\":\"https:\/\/enfoquecomunicacionesec.com\/index.php\/2024\/10\/23\/revolucion-en-logistica-proyecto-piloto-nacional-para-mitigar-huella-de-carbono-alcance-3-en-envios\/#breadcrumb\"},\"inLanguage\":\"es\",\"potentialAction\":[{\"@type\":\"ReadAction\",\"target\":[\"https:\/\/enfoquecomunicacionesec.com\/index.php\/2024\/10\/23\/revolucion-en-logistica-proyecto-piloto-nacional-para-mitigar-huella-de-carbono-alcance-3-en-envios\/\"]}]},{\"@type\":\"BreadcrumbList\",\"@id\":\"https:\/\/enfoquecomunicacionesec.com\/index.php\/2024\/10\/23\/revolucion-en-logistica-proyecto-piloto-nacional-para-mitigar-huella-de-carbono-alcance-3-en-envios\/#breadcrumb\",\"itemListElement\":[{\"@type\":\"ListItem\",\"position\":1,\"name\":\"Portada\",\"item\":\"https:\/\/enfoquecomunicacionesec.com\/\"},{\"@type\":\"ListItem\",\"position\":2,\"name\":\"Revoluci\u00f3n en log\u00edstica: Proyecto piloto nacional para mitigar huella de carbono alcance 3 en env\u00edos\"}]},{\"@type\":\"WebSite\",\"@id\":\"https:\/\/enfoquecomunicacionesec.com\/#website\",\"url\":\"https:\/\/enfoquecomunicacionesec.com\/\",\"name\":\"EnfoqueComunicaciones.ec\",\"description\":\"\",\"publisher\":{\"@id\":\"https:\/\/enfoquecomunicacionesec.com\/#organization\"},\"potentialAction\":[{\"@type\":\"SearchAction\",\"target\":{\"@type\":\"EntryPoint\",\"urlTemplate\":\"https:\/\/enfoquecomunicacionesec.com\/?s={search_term_string}\"},\"query-input\":\"required name=search_term_string\"}],\"inLanguage\":\"es\"},{\"@type\":\"Organization\",\"@id\":\"https:\/\/enfoquecomunicacionesec.com\/#organization\",\"name\":\"EnfoqueComunicaciones.ec\",\"url\":\"https:\/\/enfoquecomunicacionesec.com\/\",\"logo\":{\"@type\":\"ImageObject\",\"inLanguage\":\"es\",\"@id\":\"https:\/\/enfoquecomunicacionesec.com\/#\/schema\/logo\/image\/\",\"url\":\"http:\/\/enfoquecomunicacionesec.com\/wp-content\/uploads\/2023\/09\/cropped-LOGO-ENFOQUE-1.png\",\"contentUrl\":\"http:\/\/enfoquecomunicacionesec.com\/wp-content\/uploads\/2023\/09\/cropped-LOGO-ENFOQUE-1.png\",\"width\":512,\"height\":512,\"caption\":\"EnfoqueComunicaciones.ec\"},\"image\":{\"@id\":\"https:\/\/enfoquecomunicacionesec.com\/#\/schema\/logo\/image\/\"},\"sameAs\":[\"https:\/\/www.facebook.com\/enfoquecomunicacionesec\",\"https:\/\/www.instagram.com\/enfoque.comunicaciones\/\",\"https:\/\/www.linkedin.com\/in\/enfoque-comunicaciones-ec-0ba5a424b\/\"]},{\"@type\":\"Person\",\"@id\":\"https:\/\/enfoquecomunicacionesec.com\/#\/schema\/person\/2b7ab7f9f7be7fa65c396efa3876a786\",\"name\":\"enfoquecomunicacionesec.com\",\"image\":{\"@type\":\"ImageObject\",\"inLanguage\":\"es\",\"@id\":\"https:\/\/enfoquecomunicacionesec.com\/#\/schema\/person\/image\/\",\"url\":\"https:\/\/secure.gravatar.com\/avatar\/cc08e6fde57d62cfc05ab2281442cfaaf53a21aedf183ff95293b1c45e85127a?s=96&d=mm&r=g\",\"contentUrl\":\"https:\/\/secure.gravatar.com\/avatar\/cc08e6fde57d62cfc05ab2281442cfaaf53a21aedf183ff95293b1c45e85127a?s=96&d=mm&r=g\",\"caption\":\"enfoquecomunicacionesec.com\"},\"sameAs\":[\"http:\/\/enfoquecomunicacionesec.com\",\"https:\/\/www.facebook.com\/enfoquecomunicacionesec\/\",\"https:\/\/www.instagram.com\/enfoque.comunicaciones_mkt\/\",\"https:\/\/www.linkedin.com\/in\/enfoque-comunicaciones-ec-0ba5a424b\/\"],\"url\":\"https:\/\/enfoquecomunicacionesec.com\/index.php\/author\/enfoquecomunicacionesec-com\/\"}]}<\/script>\n<!-- \/ Yoast SEO plugin. -->","yoast_head_json":{"title":"Revoluci\u00f3n en log\u00edstica: Proyecto piloto nacional para mitigar huella de carbono alcance 3 en env\u00edos - EnfoqueComunicaciones.ec","robots":{"index":"index","follow":"follow","max-snippet":"max-snippet:-1","max-image-preview":"max-image-preview:large","max-video-preview":"max-video-preview:-1"},"canonical":"https:\/\/enfoquecomunicacionesec.com\/index.php\/2024\/10\/23\/revolucion-en-logistica-proyecto-piloto-nacional-para-mitigar-huella-de-carbono-alcance-3-en-envios\/","og_locale":"es_ES","og_type":"article","og_title":"Revoluci\u00f3n en log\u00edstica: Proyecto piloto nacional para mitigar huella de carbono alcance 3 en env\u00edos - EnfoqueComunicaciones.ec","og_description":"El d\u00eda de hoy mi\u00e9rcoles 23 de octubre, estuvimos presentes en el innovador lanzamiento del primer proyecto piloto nacional destinado a mitigar la huella de carbono de alcance 3 en env\u00edos, desarrollado por Grupo Entregas y Fundaci\u00f3n Futuro a trav\u00e9s de NFTree. Este evento, que se llev\u00f3 a cabo en Quito, reuni\u00f3 a l\u00edderes en [&hellip;]","og_url":"https:\/\/enfoquecomunicacionesec.com\/index.php\/2024\/10\/23\/revolucion-en-logistica-proyecto-piloto-nacional-para-mitigar-huella-de-carbono-alcance-3-en-envios\/","og_site_name":"EnfoqueComunicaciones.ec","article_publisher":"https:\/\/www.facebook.com\/enfoquecomunicacionesec","article_author":"https:\/\/www.facebook.com\/enfoquecomunicacionesec\/","article_published_time":"2024-10-23T21:15:19+00:00","og_image":[{"url":"http:\/\/enfoquecomunicacionesec.com\/wp-content\/uploads\/2024\/10\/WhatsApp-Image-2024-10-23-at-15.32.40.jpeg"}],"author":"enfoquecomunicacionesec.com","twitter_card":"summary_large_image","twitter_misc":{"Escrito por":"enfoquecomunicacionesec.com","Tiempo de lectura":"2 minutos"},"schema":{"@context":"https:\/\/schema.org","@graph":[{"@type":"Article","@id":"https:\/\/enfoquecomunicacionesec.com\/index.php\/2024\/10\/23\/revolucion-en-logistica-proyecto-piloto-nacional-para-mitigar-huella-de-carbono-alcance-3-en-envios\/#article","isPartOf":{"@id":"https:\/\/enfoquecomunicacionesec.com\/index.php\/2024\/10\/23\/revolucion-en-logistica-proyecto-piloto-nacional-para-mitigar-huella-de-carbono-alcance-3-en-envios\/"},"author":{"name":"enfoquecomunicacionesec.com","@id":"https:\/\/enfoquecomunicacionesec.com\/#\/schema\/person\/2b7ab7f9f7be7fa65c396efa3876a786"},"headline":"Revoluci\u00f3n en log\u00edstica: Proyecto piloto nacional para mitigar huella de carbono alcance 3 en env\u00edos","datePublished":"2024-10-23T21:15:19+00:00","dateModified":"2024-10-23T21:15:19+00:00","mainEntityOfPage":{"@id":"https:\/\/enfoquecomunicacionesec.com\/index.php\/2024\/10\/23\/revolucion-en-logistica-proyecto-piloto-nacional-para-mitigar-huella-de-carbono-alcance-3-en-envios\/"},"wordCount":263,"commentCount":0,"publisher":{"@id":"https:\/\/enfoquecomunicacionesec.com\/#organization"},"keywords":["Evento","Huella de carbono","revolucion log\u00edstica"],"articleSection":["Blog"],"inLanguage":"es","potentialAction":[{"@type":"CommentAction","name":"Comment","target":["https:\/\/enfoquecomunicacionesec.com\/index.php\/2024\/10\/23\/revolucion-en-logistica-proyecto-piloto-nacional-para-mitigar-huella-de-carbono-alcance-3-en-envios\/#respond"]}]},{"@type":"WebPage","@id":"https:\/\/enfoquecomunicacionesec.com\/index.php\/2024\/10\/23\/revolucion-en-logistica-proyecto-piloto-nacional-para-mitigar-huella-de-carbono-alcance-3-en-envios\/","url":"https:\/\/enfoquecomunicacionesec.com\/index.php\/2024\/10\/23\/revolucion-en-logistica-proyecto-piloto-nacional-para-mitigar-huella-de-carbono-alcance-3-en-envios\/","name":"Revoluci\u00f3n en log\u00edstica: Proyecto piloto nacional para mitigar huella de carbono alcance 3 en env\u00edos - EnfoqueComunicaciones.ec","isPartOf":{"@id":"https:\/\/enfoquecomunicacionesec.com\/#website"},"datePublished":"2024-10-23T21:15:19+00:00","dateModified":"2024-10-23T21:15:19+00:00","breadcrumb":{"@id":"https:\/\/enfoquecomunicacionesec.com\/index.php\/2024\/10\/23\/revolucion-en-logistica-proyecto-piloto-nacional-para-mitigar-huella-de-carbono-alcance-3-en-envios\/#breadcrumb"},"inLanguage":"es","potentialAction":[{"@type":"ReadAction","target":["https:\/\/enfoquecomunicacionesec.com\/index.php\/2024\/10\/23\/revolucion-en-logistica-proyecto-piloto-nacional-para-mitigar-huella-de-carbono-alcance-3-en-envios\/"]}]},{"@type":"BreadcrumbList","@id":"https:\/\/enfoquecomunicacionesec.com\/index.php\/2024\/10\/23\/revolucion-en-logistica-proyecto-piloto-nacional-para-mitigar-huella-de-carbono-alcance-3-en-envios\/#breadcrumb","itemListElement":[{"@type":"ListItem","position":1,"name":"Portada","item":"https:\/\/enfoquecomunicacionesec.com\/"},{"@type":"ListItem","position":2,"name":"Revoluci\u00f3n en log\u00edstica: Proyecto piloto nacional para mitigar huella de carbono alcance 3 en env\u00edos"}]},{"@type":"WebSite","@id":"https:\/\/enfoquecomunicacionesec.com\/#website","url":"https:\/\/enfoquecomunicacionesec.com\/","name":"EnfoqueComunicaciones.ec","description":"","publisher":{"@id":"https:\/\/enfoquecomunicacionesec.com\/#organization"},"potentialAction":[{"@type":"SearchAction","target":{"@type":"EntryPoint","urlTemplate":"https:\/\/enfoquecomunicacionesec.com\/?s={search_term_string}"},"query-input":"required name=search_term_string"}],"inLanguage":"es"},{"@type":"Organization","@id":"https:\/\/enfoquecomunicacionesec.com\/#organization","name":"EnfoqueComunicaciones.ec","url":"https:\/\/enfoquecomunicacionesec.com\/","logo":{"@type":"ImageObject","inLanguage":"es","@id":"https:\/\/enfoquecomunicacionesec.com\/#\/schema\/logo\/image\/","url":"http:\/\/enfoquecomunicacionesec.com\/wp-content\/uploads\/2023\/09\/cropped-LOGO-ENFOQUE-1.png","contentUrl":"http:\/\/enfoquecomunicacionesec.com\/wp-content\/uploads\/2023\/09\/cropped-LOGO-ENFOQUE-1.png","width":512,"height":512,"caption":"EnfoqueComunicaciones.ec"},"image":{"@id":"https:\/\/enfoquecomunicacionesec.com\/#\/schema\/logo\/image\/"},"sameAs":["https:\/\/www.facebook.com\/enfoquecomunicacionesec","https:\/\/www.instagram.com\/enfoque.comunicaciones\/","https:\/\/www.linkedin.com\/in\/enfoque-comunicaciones-ec-0ba5a424b\/"]},{"@type":"Person","@id":"https:\/\/enfoquecomunicacionesec.com\/#\/schema\/person\/2b7ab7f9f7be7fa65c396efa3876a786","name":"enfoquecomunicacionesec.com","image":{"@type":"ImageObject","inLanguage":"es","@id":"https:\/\/enfoquecomunicacionesec.com\/#\/schema\/person\/image\/","url":"https:\/\/secure.gravatar.com\/avatar\/cc08e6fde57d62cfc05ab2281442cfaaf53a21aedf183ff95293b1c45e85127a?s=96&d=mm&r=g","contentUrl":"https:\/\/secure.gravatar.com\/avatar\/cc08e6fde57d62cfc05ab2281442cfaaf53a21aedf183ff95293b1c45e85127a?s=96&d=mm&r=g","caption":"enfoquecomunicacionesec.com"},"sameAs":["http:\/\/enfoquecomunicacionesec.com","https:\/\/www.facebook.com\/enfoquecomunicacionesec\/","https:\/\/www.instagram.com\/enfoque.comunicaciones_mkt\/","https:\/\/www.linkedin.com\/in\/enfoque-comunicaciones-ec-0ba5a424b\/"],"url":"https:\/\/enfoquecomunicacionesec.com\/index.php\/author\/enfoquecomunicacionesec-com\/"}]}},"_links":{"self":[{"href":"https:\/\/enfoquecomunicacionesec.com\/index.php\/wp-json\/wp\/v2\/posts\/717","targetHints":{"allow":["GET"]}}],"collection":[{"href":"https:\/\/enfoquecomunicacionesec.com\/index.php\/wp-json\/wp\/v2\/posts"}],"about":[{"href":"https:\/\/enfoquecomunicacionesec.com\/index.php\/wp-json\/wp\/v2\/types\/post"}],"author":[{"embeddable":true,"href":"https:\/\/enfoquecomunicacionesec.com\/index.php\/wp-json\/wp\/v2\/users\/1"}],"replies":[{"embeddable":true,"href":"https:\/\/enfoquecomunicacionesec.com\/index.php\/wp-json\/wp\/v2\/comments?post=717"}],"version-history":[{"count":5,"href":"https:\/\/enfoquecomunicacionesec.com\/index.php\/wp-json\/wp\/v2\/posts\/717\/revisions"}],"predecessor-version":[{"id":724,"href":"https:\/\/enfoquecomunicacionesec.com\/index.php\/wp-json\/wp\/v2\/posts\/717\/revisions\/724"}],"wp:attachment":[{"href":"https:\/\/enfoquecomunicacionesec.com\/index.php\/wp-json\/wp\/v2\/media?parent=717"}],"wp:term":[{"taxonomy":"category","embeddable":true,"href":"https:\/\/enfoquecomunicacionesec.com\/index.php\/wp-json\/wp\/v2\/categories?post=717"},{"taxonomy":"post_tag","embeddable":true,"href":"https:\/\/enfoquecomunicacionesec.com\/index.php\/wp-json\/wp\/v2\/tags?post=717"}],"curies":[{"name":"wp","href":"https:\/\/api.w.org\/{rel}","templated":true}]}}