{"id":728,"date":"2024-10-29T15:28:10","date_gmt":"2024-10-29T20:28:10","guid":{"rendered":"https:\/\/enfoquecomunicacionesec.com\/?p=728"},"modified":"2024-10-29T15:28:10","modified_gmt":"2024-10-29T20:28:10","slug":"el-impacto-de-los-desastres-naturales-en-la-salud-mental","status":"publish","type":"post","link":"https:\/\/enfoquecomunicacionesec.com\/index.php\/2024\/10\/29\/el-impacto-de-los-desastres-naturales-en-la-salud-mental\/","title":{"rendered":"El Impacto de los Desastres Naturales en la Salud Mental"},"content":{"rendered":"\n<figure class=\"wp-block-gallery has-nested-images columns-default is-cropped wp-block-gallery-1 is-layout-flex wp-block-gallery-is-layout-flex\">\n<figure class=\"wp-block-image size-full\"><img loading=\"lazy\" decoding=\"async\" width=\"2000\" height=\"2000\" data-id=\"729\" src=\"https:\/\/enfoquecomunicacionesec.com\/wp-content\/uploads\/2024\/10\/1.png\" alt=\"\" class=\"wp-image-729\" style=\"object-fit:contain\" srcset=\"https:\/\/enfoquecomunicacionesec.com\/wp-content\/uploads\/2024\/10\/1.png 2000w, https:\/\/enfoquecomunicacionesec.com\/wp-content\/uploads\/2024\/10\/1-300x300.png 300w, https:\/\/enfoquecomunicacionesec.com\/wp-content\/uploads\/2024\/10\/1-1024x1024.png 1024w, https:\/\/enfoquecomunicacionesec.com\/wp-content\/uploads\/2024\/10\/1-150x150.png 150w, https:\/\/enfoquecomunicacionesec.com\/wp-content\/uploads\/2024\/10\/1-768x768.png 768w, https:\/\/enfoquecomunicacionesec.com\/wp-content\/uploads\/2024\/10\/1-1536x1536.png 1536w\" sizes=\"auto, (max-width: 2000px) 100vw, 2000px\" \/><\/figure>\n<\/figure>\n\n\n\n<p>El cambio clim\u00e1tico ha acelerado la frecuencia e intensidad de desastres naturales como incendios forestales, inundaci\u00f3n y sequ\u00edas prolongadas. A medida que las consecuencias del cambio clim\u00e1tico se vuelven m\u00e1s evidentes, es crucial entender que los efectos no se limitan a p\u00e9rdidas materiales, sino que afectan directamente el bienestar emocional y psicol\u00f3gico de las personas.<\/p>\n\n\n\n<p>La incertidumbre, el miedo a perderlo todo y el estr\u00e9s postraum\u00e1tico son algunas de las secuelas que muchas personas enfrentan despu\u00e9s de sobrevivir a una cat\u00e1strofe natural. Ansiedad, depresi\u00f3n y trastornos del sue\u00f1o tambi\u00e9n son comunes, y en muchas ocasiones, quienes experimentan estos eventos no buscan el apoyo necesario para sanar sus heridas emocionales, lo que puede agravar sus condiciones de salud.<\/p>\n\n\n\n<p>Por esta raz\u00f3n, especialistas de Humana, ofrecen algunas recomendaciones clave para proteger la salud mental en estos tiempos de incertidumbre:<\/p>\n\n\n\n<ul class=\"wp-block-list\">\n<li>Es esencial mantenerse informado, pero el consumo excesivo de noticias puede provocar un aumento en la ansiedad. Es recomendable limitar el tiempo dedicado a las noticias y redes sociales, y buscar fuentes confiables.<\/li>\n\n\n\n<li>Dedicar tiempo a actividades que generen calma, como la meditaci\u00f3n, la respiraci\u00f3n profunda o el ejercicio f\u00edsico en espacios cerrados, puede ayudar a reducir el estr\u00e9s. Hablar sobre las emociones y los miedos con amigos o familiares es una forma efectiva de procesar la ansiedad.<\/li>\n\n\n\n<li>Si las preocupaciones le abruman, buscar apoyo profesional es esencial. En Humana, comprendemos la importancia de la atenci\u00f3n en tiempos de crisis. Por eso, nuestros planes cubren consultas psicol\u00f3gicas para adultos y ni\u00f1os, atenci\u00f3n psiqui\u00e1trica especializada y terapias familiares, brindando acceso a expertos en apoyo emocional.<\/li>\n\n\n\n<li>El estr\u00e9s prolongado puede afectar tu sue\u00f1o, lo cual empeora el estado emocional. Intenta establecer una rutina para descansar bien, limitando el uso de pantallas antes de dormir.<\/li>\n<\/ul>\n\n\n\n<p>Prepararse ante los desastres naturales no solo implica tener un plan de evacuaci\u00f3n o un seguro para bienes materiales. Implica tambi\u00e9n estar preparados para cuidar de nuestro bienestar emocional y el de nuestras familias.<\/p>\n\n\n\n<p><\/p>\n","protected":false},"excerpt":{"rendered":"<p>El cambio clim\u00e1tico ha acelerado la frecuencia e intensidad de desastres naturales como incendios forestales, inundaci\u00f3n y sequ\u00edas prolongadas. A medida que las consecuencias del cambio clim\u00e1tico se vuelven m\u00e1s evidentes, es crucial entender que los efectos no se limitan a p\u00e9rdidas materiales, sino que afectan directamente el bienestar emocional y psicol\u00f3gico de las personas. [&hellip;]<\/p>\n","protected":false},"author":1,"featured_media":0,"comment_status":"open","ping_status":"open","sticky":false,"template":"","format":"standard","meta":{"footnotes":""},"categories":[1],"tags":[12],"class_list":["post-728","post","type-post","status-publish","format-standard","hentry","category-blog","tag-salud-mental"],"yoast_head":"<!-- This site is optimized with the Yoast SEO plugin v21.5 - https:\/\/yoast.com\/wordpress\/plugins\/seo\/ -->\n<title>El Impacto de los Desastres Naturales en la Salud Mental - EnfoqueComunicaciones.ec<\/title>\n<meta name=\"robots\" content=\"index, follow, max-snippet:-1, max-image-preview:large, max-video-preview:-1\" \/>\n<link rel=\"canonical\" href=\"https:\/\/enfoquecomunicacionesec.com\/index.php\/2024\/10\/29\/el-impacto-de-los-desastres-naturales-en-la-salud-mental\/\" \/>\n<meta property=\"og:locale\" content=\"es_ES\" \/>\n<meta property=\"og:type\" content=\"article\" \/>\n<meta property=\"og:title\" content=\"El Impacto de los Desastres Naturales en la Salud Mental - EnfoqueComunicaciones.ec\" \/>\n<meta property=\"og:description\" content=\"El cambio clim\u00e1tico ha acelerado la frecuencia e intensidad de desastres naturales como incendios forestales, inundaci\u00f3n y sequ\u00edas prolongadas. A medida que las consecuencias del cambio clim\u00e1tico se vuelven m\u00e1s evidentes, es crucial entender que los efectos no se limitan a p\u00e9rdidas materiales, sino que afectan directamente el bienestar emocional y psicol\u00f3gico de las personas. [&hellip;]\" \/>\n<meta property=\"og:url\" content=\"https:\/\/enfoquecomunicacionesec.com\/index.php\/2024\/10\/29\/el-impacto-de-los-desastres-naturales-en-la-salud-mental\/\" \/>\n<meta property=\"og:site_name\" content=\"EnfoqueComunicaciones.ec\" \/>\n<meta property=\"article:publisher\" content=\"https:\/\/www.facebook.com\/enfoquecomunicacionesec\" \/>\n<meta property=\"article:author\" content=\"https:\/\/www.facebook.com\/enfoquecomunicacionesec\/\" \/>\n<meta property=\"article:published_time\" content=\"2024-10-29T20:28:10+00:00\" \/>\n<meta property=\"og:image\" content=\"https:\/\/enfoquecomunicacionesec.com\/wp-content\/uploads\/2024\/10\/1.png\" \/>\n<meta name=\"author\" content=\"enfoquecomunicacionesec.com\" \/>\n<meta name=\"twitter:card\" content=\"summary_large_image\" \/>\n<meta name=\"twitter:label1\" content=\"Escrito por\" \/>\n\t<meta name=\"twitter:data1\" content=\"enfoquecomunicacionesec.com\" \/>\n\t<meta name=\"twitter:label2\" content=\"Tiempo de lectura\" \/>\n\t<meta name=\"twitter:data2\" content=\"2 minutos\" \/>\n<script type=\"application\/ld+json\" class=\"yoast-schema-graph\">{\"@context\":\"https:\/\/schema.org\",\"@graph\":[{\"@type\":\"Article\",\"@id\":\"https:\/\/enfoquecomunicacionesec.com\/index.php\/2024\/10\/29\/el-impacto-de-los-desastres-naturales-en-la-salud-mental\/#article\",\"isPartOf\":{\"@id\":\"https:\/\/enfoquecomunicacionesec.com\/index.php\/2024\/10\/29\/el-impacto-de-los-desastres-naturales-en-la-salud-mental\/\"},\"author\":{\"name\":\"enfoquecomunicacionesec.com\",\"@id\":\"https:\/\/enfoquecomunicacionesec.com\/#\/schema\/person\/2b7ab7f9f7be7fa65c396efa3876a786\"},\"headline\":\"El Impacto de los Desastres Naturales en la Salud Mental\",\"datePublished\":\"2024-10-29T20:28:10+00:00\",\"dateModified\":\"2024-10-29T20:28:10+00:00\",\"mainEntityOfPage\":{\"@id\":\"https:\/\/enfoquecomunicacionesec.com\/index.php\/2024\/10\/29\/el-impacto-de-los-desastres-naturales-en-la-salud-mental\/\"},\"wordCount\":361,\"commentCount\":0,\"publisher\":{\"@id\":\"https:\/\/enfoquecomunicacionesec.com\/#organization\"},\"keywords\":[\"salud mental\"],\"articleSection\":[\"Blog\"],\"inLanguage\":\"es\",\"potentialAction\":[{\"@type\":\"CommentAction\",\"name\":\"Comment\",\"target\":[\"https:\/\/enfoquecomunicacionesec.com\/index.php\/2024\/10\/29\/el-impacto-de-los-desastres-naturales-en-la-salud-mental\/#respond\"]}]},{\"@type\":\"WebPage\",\"@id\":\"https:\/\/enfoquecomunicacionesec.com\/index.php\/2024\/10\/29\/el-impacto-de-los-desastres-naturales-en-la-salud-mental\/\",\"url\":\"https:\/\/enfoquecomunicacionesec.com\/index.php\/2024\/10\/29\/el-impacto-de-los-desastres-naturales-en-la-salud-mental\/\",\"name\":\"El Impacto de los Desastres Naturales en la Salud Mental - EnfoqueComunicaciones.ec\",\"isPartOf\":{\"@id\":\"https:\/\/enfoquecomunicacionesec.com\/#website\"},\"datePublished\":\"2024-10-29T20:28:10+00:00\",\"dateModified\":\"2024-10-29T20:28:10+00:00\",\"breadcrumb\":{\"@id\":\"https:\/\/enfoquecomunicacionesec.com\/index.php\/2024\/10\/29\/el-impacto-de-los-desastres-naturales-en-la-salud-mental\/#breadcrumb\"},\"inLanguage\":\"es\",\"potentialAction\":[{\"@type\":\"ReadAction\",\"target\":[\"https:\/\/enfoquecomunicacionesec.com\/index.php\/2024\/10\/29\/el-impacto-de-los-desastres-naturales-en-la-salud-mental\/\"]}]},{\"@type\":\"BreadcrumbList\",\"@id\":\"https:\/\/enfoquecomunicacionesec.com\/index.php\/2024\/10\/29\/el-impacto-de-los-desastres-naturales-en-la-salud-mental\/#breadcrumb\",\"itemListElement\":[{\"@type\":\"ListItem\",\"position\":1,\"name\":\"Portada\",\"item\":\"https:\/\/enfoquecomunicacionesec.com\/\"},{\"@type\":\"ListItem\",\"position\":2,\"name\":\"El Impacto de los Desastres Naturales en la Salud Mental\"}]},{\"@type\":\"WebSite\",\"@id\":\"https:\/\/enfoquecomunicacionesec.com\/#website\",\"url\":\"https:\/\/enfoquecomunicacionesec.com\/\",\"name\":\"EnfoqueComunicaciones.ec\",\"description\":\"\",\"publisher\":{\"@id\":\"https:\/\/enfoquecomunicacionesec.com\/#organization\"},\"potentialAction\":[{\"@type\":\"SearchAction\",\"target\":{\"@type\":\"EntryPoint\",\"urlTemplate\":\"https:\/\/enfoquecomunicacionesec.com\/?s={search_term_string}\"},\"query-input\":\"required name=search_term_string\"}],\"inLanguage\":\"es\"},{\"@type\":\"Organization\",\"@id\":\"https:\/\/enfoquecomunicacionesec.com\/#organization\",\"name\":\"EnfoqueComunicaciones.ec\",\"url\":\"https:\/\/enfoquecomunicacionesec.com\/\",\"logo\":{\"@type\":\"ImageObject\",\"inLanguage\":\"es\",\"@id\":\"https:\/\/enfoquecomunicacionesec.com\/#\/schema\/logo\/image\/\",\"url\":\"http:\/\/enfoquecomunicacionesec.com\/wp-content\/uploads\/2023\/09\/cropped-LOGO-ENFOQUE-1.png\",\"contentUrl\":\"http:\/\/enfoquecomunicacionesec.com\/wp-content\/uploads\/2023\/09\/cropped-LOGO-ENFOQUE-1.png\",\"width\":512,\"height\":512,\"caption\":\"EnfoqueComunicaciones.ec\"},\"image\":{\"@id\":\"https:\/\/enfoquecomunicacionesec.com\/#\/schema\/logo\/image\/\"},\"sameAs\":[\"https:\/\/www.facebook.com\/enfoquecomunicacionesec\",\"https:\/\/www.instagram.com\/enfoque.comunicaciones\/\",\"https:\/\/www.linkedin.com\/in\/enfoque-comunicaciones-ec-0ba5a424b\/\"]},{\"@type\":\"Person\",\"@id\":\"https:\/\/enfoquecomunicacionesec.com\/#\/schema\/person\/2b7ab7f9f7be7fa65c396efa3876a786\",\"name\":\"enfoquecomunicacionesec.com\",\"image\":{\"@type\":\"ImageObject\",\"inLanguage\":\"es\",\"@id\":\"https:\/\/enfoquecomunicacionesec.com\/#\/schema\/person\/image\/\",\"url\":\"https:\/\/secure.gravatar.com\/avatar\/cc08e6fde57d62cfc05ab2281442cfaaf53a21aedf183ff95293b1c45e85127a?s=96&d=mm&r=g\",\"contentUrl\":\"https:\/\/secure.gravatar.com\/avatar\/cc08e6fde57d62cfc05ab2281442cfaaf53a21aedf183ff95293b1c45e85127a?s=96&d=mm&r=g\",\"caption\":\"enfoquecomunicacionesec.com\"},\"sameAs\":[\"http:\/\/enfoquecomunicacionesec.com\",\"https:\/\/www.facebook.com\/enfoquecomunicacionesec\/\",\"https:\/\/www.instagram.com\/enfoque.comunicaciones_mkt\/\",\"https:\/\/www.linkedin.com\/in\/enfoque-comunicaciones-ec-0ba5a424b\/\"],\"url\":\"https:\/\/enfoquecomunicacionesec.com\/index.php\/author\/enfoquecomunicacionesec-com\/\"}]}<\/script>\n<!-- \/ Yoast SEO plugin. -->","yoast_head_json":{"title":"El Impacto de los Desastres Naturales en la Salud Mental - EnfoqueComunicaciones.ec","robots":{"index":"index","follow":"follow","max-snippet":"max-snippet:-1","max-image-preview":"max-image-preview:large","max-video-preview":"max-video-preview:-1"},"canonical":"https:\/\/enfoquecomunicacionesec.com\/index.php\/2024\/10\/29\/el-impacto-de-los-desastres-naturales-en-la-salud-mental\/","og_locale":"es_ES","og_type":"article","og_title":"El Impacto de los Desastres Naturales en la Salud Mental - EnfoqueComunicaciones.ec","og_description":"El cambio clim\u00e1tico ha acelerado la frecuencia e intensidad de desastres naturales como incendios forestales, inundaci\u00f3n y sequ\u00edas prolongadas. A medida que las consecuencias del cambio clim\u00e1tico se vuelven m\u00e1s evidentes, es crucial entender que los efectos no se limitan a p\u00e9rdidas materiales, sino que afectan directamente el bienestar emocional y psicol\u00f3gico de las personas. [&hellip;]","og_url":"https:\/\/enfoquecomunicacionesec.com\/index.php\/2024\/10\/29\/el-impacto-de-los-desastres-naturales-en-la-salud-mental\/","og_site_name":"EnfoqueComunicaciones.ec","article_publisher":"https:\/\/www.facebook.com\/enfoquecomunicacionesec","article_author":"https:\/\/www.facebook.com\/enfoquecomunicacionesec\/","article_published_time":"2024-10-29T20:28:10+00:00","og_image":[{"url":"https:\/\/enfoquecomunicacionesec.com\/wp-content\/uploads\/2024\/10\/1.png"}],"author":"enfoquecomunicacionesec.com","twitter_card":"summary_large_image","twitter_misc":{"Escrito por":"enfoquecomunicacionesec.com","Tiempo de lectura":"2 minutos"},"schema":{"@context":"https:\/\/schema.org","@graph":[{"@type":"Article","@id":"https:\/\/enfoquecomunicacionesec.com\/index.php\/2024\/10\/29\/el-impacto-de-los-desastres-naturales-en-la-salud-mental\/#article","isPartOf":{"@id":"https:\/\/enfoquecomunicacionesec.com\/index.php\/2024\/10\/29\/el-impacto-de-los-desastres-naturales-en-la-salud-mental\/"},"author":{"name":"enfoquecomunicacionesec.com","@id":"https:\/\/enfoquecomunicacionesec.com\/#\/schema\/person\/2b7ab7f9f7be7fa65c396efa3876a786"},"headline":"El Impacto de los Desastres Naturales en la Salud Mental","datePublished":"2024-10-29T20:28:10+00:00","dateModified":"2024-10-29T20:28:10+00:00","mainEntityOfPage":{"@id":"https:\/\/enfoquecomunicacionesec.com\/index.php\/2024\/10\/29\/el-impacto-de-los-desastres-naturales-en-la-salud-mental\/"},"wordCount":361,"commentCount":0,"publisher":{"@id":"https:\/\/enfoquecomunicacionesec.com\/#organization"},"keywords":["salud mental"],"articleSection":["Blog"],"inLanguage":"es","potentialAction":[{"@type":"CommentAction","name":"Comment","target":["https:\/\/enfoquecomunicacionesec.com\/index.php\/2024\/10\/29\/el-impacto-de-los-desastres-naturales-en-la-salud-mental\/#respond"]}]},{"@type":"WebPage","@id":"https:\/\/enfoquecomunicacionesec.com\/index.php\/2024\/10\/29\/el-impacto-de-los-desastres-naturales-en-la-salud-mental\/","url":"https:\/\/enfoquecomunicacionesec.com\/index.php\/2024\/10\/29\/el-impacto-de-los-desastres-naturales-en-la-salud-mental\/","name":"El Impacto de los Desastres Naturales en la Salud Mental - EnfoqueComunicaciones.ec","isPartOf":{"@id":"https:\/\/enfoquecomunicacionesec.com\/#website"},"datePublished":"2024-10-29T20:28:10+00:00","dateModified":"2024-10-29T20:28:10+00:00","breadcrumb":{"@id":"https:\/\/enfoquecomunicacionesec.com\/index.php\/2024\/10\/29\/el-impacto-de-los-desastres-naturales-en-la-salud-mental\/#breadcrumb"},"inLanguage":"es","potentialAction":[{"@type":"ReadAction","target":["https:\/\/enfoquecomunicacionesec.com\/index.php\/2024\/10\/29\/el-impacto-de-los-desastres-naturales-en-la-salud-mental\/"]}]},{"@type":"BreadcrumbList","@id":"https:\/\/enfoquecomunicacionesec.com\/index.php\/2024\/10\/29\/el-impacto-de-los-desastres-naturales-en-la-salud-mental\/#breadcrumb","itemListElement":[{"@type":"ListItem","position":1,"name":"Portada","item":"https:\/\/enfoquecomunicacionesec.com\/"},{"@type":"ListItem","position":2,"name":"El Impacto de los Desastres Naturales en la Salud Mental"}]},{"@type":"WebSite","@id":"https:\/\/enfoquecomunicacionesec.com\/#website","url":"https:\/\/enfoquecomunicacionesec.com\/","name":"EnfoqueComunicaciones.ec","description":"","publisher":{"@id":"https:\/\/enfoquecomunicacionesec.com\/#organization"},"potentialAction":[{"@type":"SearchAction","target":{"@type":"EntryPoint","urlTemplate":"https:\/\/enfoquecomunicacionesec.com\/?s={search_term_string}"},"query-input":"required name=search_term_string"}],"inLanguage":"es"},{"@type":"Organization","@id":"https:\/\/enfoquecomunicacionesec.com\/#organization","name":"EnfoqueComunicaciones.ec","url":"https:\/\/enfoquecomunicacionesec.com\/","logo":{"@type":"ImageObject","inLanguage":"es","@id":"https:\/\/enfoquecomunicacionesec.com\/#\/schema\/logo\/image\/","url":"http:\/\/enfoquecomunicacionesec.com\/wp-content\/uploads\/2023\/09\/cropped-LOGO-ENFOQUE-1.png","contentUrl":"http:\/\/enfoquecomunicacionesec.com\/wp-content\/uploads\/2023\/09\/cropped-LOGO-ENFOQUE-1.png","width":512,"height":512,"caption":"EnfoqueComunicaciones.ec"},"image":{"@id":"https:\/\/enfoquecomunicacionesec.com\/#\/schema\/logo\/image\/"},"sameAs":["https:\/\/www.facebook.com\/enfoquecomunicacionesec","https:\/\/www.instagram.com\/enfoque.comunicaciones\/","https:\/\/www.linkedin.com\/in\/enfoque-comunicaciones-ec-0ba5a424b\/"]},{"@type":"Person","@id":"https:\/\/enfoquecomunicacionesec.com\/#\/schema\/person\/2b7ab7f9f7be7fa65c396efa3876a786","name":"enfoquecomunicacionesec.com","image":{"@type":"ImageObject","inLanguage":"es","@id":"https:\/\/enfoquecomunicacionesec.com\/#\/schema\/person\/image\/","url":"https:\/\/secure.gravatar.com\/avatar\/cc08e6fde57d62cfc05ab2281442cfaaf53a21aedf183ff95293b1c45e85127a?s=96&d=mm&r=g","contentUrl":"https:\/\/secure.gravatar.com\/avatar\/cc08e6fde57d62cfc05ab2281442cfaaf53a21aedf183ff95293b1c45e85127a?s=96&d=mm&r=g","caption":"enfoquecomunicacionesec.com"},"sameAs":["http:\/\/enfoquecomunicacionesec.com","https:\/\/www.facebook.com\/enfoquecomunicacionesec\/","https:\/\/www.instagram.com\/enfoque.comunicaciones_mkt\/","https:\/\/www.linkedin.com\/in\/enfoque-comunicaciones-ec-0ba5a424b\/"],"url":"https:\/\/enfoquecomunicacionesec.com\/index.php\/author\/enfoquecomunicacionesec-com\/"}]}},"_links":{"self":[{"href":"https:\/\/enfoquecomunicacionesec.com\/index.php\/wp-json\/wp\/v2\/posts\/728","targetHints":{"allow":["GET"]}}],"collection":[{"href":"https:\/\/enfoquecomunicacionesec.com\/index.php\/wp-json\/wp\/v2\/posts"}],"about":[{"href":"https:\/\/enfoquecomunicacionesec.com\/index.php\/wp-json\/wp\/v2\/types\/post"}],"author":[{"embeddable":true,"href":"https:\/\/enfoquecomunicacionesec.com\/index.php\/wp-json\/wp\/v2\/users\/1"}],"replies":[{"embeddable":true,"href":"https:\/\/enfoquecomunicacionesec.com\/index.php\/wp-json\/wp\/v2\/comments?post=728"}],"version-history":[{"count":2,"href":"https:\/\/enfoquecomunicacionesec.com\/index.php\/wp-json\/wp\/v2\/posts\/728\/revisions"}],"predecessor-version":[{"id":731,"href":"https:\/\/enfoquecomunicacionesec.com\/index.php\/wp-json\/wp\/v2\/posts\/728\/revisions\/731"}],"wp:attachment":[{"href":"https:\/\/enfoquecomunicacionesec.com\/index.php\/wp-json\/wp\/v2\/media?parent=728"}],"wp:term":[{"taxonomy":"category","embeddable":true,"href":"https:\/\/enfoquecomunicacionesec.com\/index.php\/wp-json\/wp\/v2\/categories?post=728"},{"taxonomy":"post_tag","embeddable":true,"href":"https:\/\/enfoquecomunicacionesec.com\/index.php\/wp-json\/wp\/v2\/tags?post=728"}],"curies":[{"name":"wp","href":"https:\/\/api.w.org\/{rel}","templated":true}]}}