{"id":732,"date":"2024-10-30T12:33:00","date_gmt":"2024-10-30T17:33:00","guid":{"rendered":"https:\/\/enfoquecomunicacionesec.com\/?p=732"},"modified":"2024-10-30T12:33:00","modified_gmt":"2024-10-30T17:33:00","slug":"enfoque-comunicaciones-presente-en-el-lanzamiento-del-nuevo-suv-yuan-pro-de-byd-en-ecuador-un-avance-en-movilidad-electrica","status":"publish","type":"post","link":"https:\/\/enfoquecomunicacionesec.com\/index.php\/2024\/10\/30\/enfoque-comunicaciones-presente-en-el-lanzamiento-del-nuevo-suv-yuan-pro-de-byd-en-ecuador-un-avance-en-movilidad-electrica\/","title":{"rendered":"Enfoque Comunicaciones presente en el lanzamiento del nuevo SUV Yuan Pro de BYD en Ecuador: Un avance en movilidad el\u00e9ctrica"},"content":{"rendered":"\n<div class=\"wp-block-group\"><div class=\"wp-block-group__inner-container is-layout-constrained wp-block-group-is-layout-constrained\"><div class=\"wp-block-image\">\n<figure class=\"aligncenter size-full\"><img loading=\"lazy\" decoding=\"async\" width=\"432\" height=\"429\" src=\"https:\/\/enfoquecomunicacionesec.com\/wp-content\/uploads\/2024\/10\/bYD-1-1.png\" alt=\"\" class=\"wp-image-735\" srcset=\"https:\/\/enfoquecomunicacionesec.com\/wp-content\/uploads\/2024\/10\/bYD-1-1.png 432w, https:\/\/enfoquecomunicacionesec.com\/wp-content\/uploads\/2024\/10\/bYD-1-1-300x298.png 300w, https:\/\/enfoquecomunicacionesec.com\/wp-content\/uploads\/2024\/10\/bYD-1-1-150x150.png 150w\" sizes=\"auto, (max-width: 432px) 100vw, 432px\" \/><\/figure>\n<\/div><\/div><\/div>\n\n\n\n<hr class=\"wp-block-separator has-alpha-channel-opacity\"\/>\n\n\n\n<p>En un evento innovador y cargado de emoci\u00f3n, Enfoque Comunicaciones tuvo la oportunidad de cubrir la presentaci\u00f3n del \u00faltimo SUV el\u00e9ctrico de BYD, el Yuan Pro, que se convierte en el s\u00e9ptimo modelo de la marca en el pa\u00eds. Este veh\u00edculo representa un paso importante en la oferta de movilidad el\u00e9ctrica en Ecuador, destac\u00e1ndose por su tecnolog\u00eda de vanguardia, dise\u00f1o eficiente y compromiso ambiental.<\/p>\n\n\n\n<hr class=\"wp-block-separator has-alpha-channel-opacity\"\/>\n\n\n\n<p class=\"has-text-align-left\"><strong>Propulsi\u00f3n y autonom\u00eda avanzada<\/strong><br>Equipado con la revolucionaria Blade Battery, el Yuan Pro ofrece una autonom\u00eda de hasta 380 km por carga (seg\u00fan el ciclo NEDC), lo que lo hace ideal tanto para el uso urbano como para desplazamientos de mayor distancia. Su sistema de propulsi\u00f3n el\u00e9ctrica y un motor de 174 hp, junto con un torque de 290 Nm, le permite alcanzar una aceleraci\u00f3n de 0 a 100 km\/h en solo 7.9 segundos, brindando una experiencia de conducci\u00f3n poderosa y emocionante.<\/p>\n\n\n\n<hr class=\"wp-block-separator has-alpha-channel-opacity\"\/>\n\n\n\n<p class=\"has-text-align-left\"><strong>Dise\u00f1o y conectividad innovadores<\/strong><br>El dise\u00f1o aerodin\u00e1mico del Yuan Pro no solo resalta visualmente, sino que tambi\u00e9n optimiza su eficiencia energ\u00e9tica. El interior del veh\u00edculo, espacioso y moderno, cuenta con una pantalla FHD rotativa de 12.6 pulgadas que ofrece conectividad con Apple CarPlay y Android Auto, adem\u00e1s de un sistema de voz inteligente, que proporciona una experiencia de info entretenimiento completa y c\u00f3moda.<\/p>\n\n\n<div class=\"wp-block-image\">\n<figure class=\"aligncenter size-full\"><img loading=\"lazy\" decoding=\"async\" width=\"411\" height=\"568\" src=\"http:\/\/enfoquecomunicacionesec.com\/wp-content\/uploads\/2024\/10\/BYD-2.png\" alt=\"\" class=\"wp-image-734\" srcset=\"https:\/\/enfoquecomunicacionesec.com\/wp-content\/uploads\/2024\/10\/BYD-2.png 411w, https:\/\/enfoquecomunicacionesec.com\/wp-content\/uploads\/2024\/10\/BYD-2-217x300.png 217w\" sizes=\"auto, (max-width: 411px) 100vw, 411px\" \/><\/figure>\n<\/div>\n\n\n<hr class=\"wp-block-separator has-alpha-channel-opacity\"\/>\n\n\n\n<p class=\"has-text-align-left\"><strong>Beneficios en ahorro y mantenimiento<\/strong><br>El Yuan Pro representa un ahorro de hasta el 80% en consumo de combustible y un 60% en costos de mantenimiento en comparaci\u00f3n con veh\u00edculos a gasolina, lo que equivale a un ahorro anual estimado de $1,500 d\u00f3lares. Adem\u00e1s, incluye ventajas adicionales como exoneraci\u00f3n de impuestos y libre de las restricciones de \u201cpico y placa\u201d, caracter\u00edsticas que lo hacen una opci\u00f3n atractiva para el conductor ecuatoriano que busca eficiencia y econom\u00eda en su inversi\u00f3n.<\/p>\n\n\n\n<hr class=\"wp-block-separator has-alpha-channel-opacity\"\/>\n\n\n\n<p class=\"has-text-align-left\"><strong>Compromiso ambiental de BYD<\/strong><br>En l\u00ednea con su misi\u00f3n de sostenibilidad, BYD anunci\u00f3 una pr\u00f3xima iniciativa de plantaci\u00f3n de \u00e1rboles en colaboraci\u00f3n con el Municipio de Quito, reafirmando su compromiso con el cuidado del medio ambiente. El Yuan Pro, un veh\u00edculo libre de emisiones, simboliza el aporte de la marca hacia un futuro m\u00e1s limpio y verde, y se ofrece al mercado ecuatoriano a un precio especial de lanzamiento de USD 25,990.<\/p>\n\n\n\n<hr class=\"wp-block-separator has-alpha-channel-opacity\"\/>\n\n\n<div class=\"wp-block-image\">\n<figure class=\"aligncenter size-full\"><img loading=\"lazy\" decoding=\"async\" width=\"402\" height=\"321\" src=\"https:\/\/enfoquecomunicacionesec.com\/wp-content\/uploads\/2024\/10\/BYD-3.png\" alt=\"\" class=\"wp-image-736\" srcset=\"https:\/\/enfoquecomunicacionesec.com\/wp-content\/uploads\/2024\/10\/BYD-3.png 402w, https:\/\/enfoquecomunicacionesec.com\/wp-content\/uploads\/2024\/10\/BYD-3-300x240.png 300w\" sizes=\"auto, (max-width: 402px) 100vw, 402px\" \/><\/figure>\n<\/div>\n\n\n<hr class=\"wp-block-separator has-alpha-channel-opacity\"\/>\n\n\n\n<p>El Yuan Pro es el SUV ideal para quienes buscan unirse al cambio hacia la movilidad sostenible. Dise\u00f1ado para los amantes de la tecnolog\u00eda avanzada y la sostenibilidad, este nuevo modelo de BYD aporta funcionalidad, confort y una experiencia de conducci\u00f3n sin precedentes, todo con el respaldo de una marca comprometida con la conservaci\u00f3n del planeta.<\/p>\n\n\n\n<p><\/p>\n","protected":false},"excerpt":{"rendered":"<p>En un evento innovador y cargado de emoci\u00f3n, Enfoque Comunicaciones tuvo la oportunidad de cubrir la presentaci\u00f3n del \u00faltimo SUV el\u00e9ctrico de BYD, el Yuan Pro, que se convierte en el s\u00e9ptimo modelo de la marca en el pa\u00eds. Este veh\u00edculo representa un paso importante en la oferta de movilidad el\u00e9ctrica en Ecuador, destac\u00e1ndose por [&hellip;]<\/p>\n","protected":false},"author":1,"featured_media":0,"comment_status":"open","ping_status":"open","sticky":false,"template":"","format":"standard","meta":{"footnotes":""},"categories":[1],"tags":[14,10,15,13],"class_list":["post-732","post","type-post","status-publish","format-standard","hentry","category-blog","tag-byd-ecuador","tag-evento","tag-focus-en-accion","tag-vehiculos-electricos"],"yoast_head":"<!-- This site is optimized with the Yoast SEO plugin v21.5 - https:\/\/yoast.com\/wordpress\/plugins\/seo\/ -->\n<title>Enfoque Comunicaciones presente en el lanzamiento del nuevo SUV Yuan Pro de BYD en Ecuador: Un avance en movilidad el\u00e9ctrica - EnfoqueComunicaciones.ec<\/title>\n<meta name=\"robots\" content=\"index, follow, max-snippet:-1, max-image-preview:large, max-video-preview:-1\" \/>\n<link rel=\"canonical\" href=\"https:\/\/enfoquecomunicacionesec.com\/index.php\/2024\/10\/30\/enfoque-comunicaciones-presente-en-el-lanzamiento-del-nuevo-suv-yuan-pro-de-byd-en-ecuador-un-avance-en-movilidad-electrica\/\" \/>\n<meta property=\"og:locale\" content=\"es_ES\" \/>\n<meta property=\"og:type\" content=\"article\" \/>\n<meta property=\"og:title\" content=\"Enfoque Comunicaciones presente en el lanzamiento del nuevo SUV Yuan Pro de BYD en Ecuador: Un avance en movilidad el\u00e9ctrica - EnfoqueComunicaciones.ec\" \/>\n<meta property=\"og:description\" content=\"En un evento innovador y cargado de emoci\u00f3n, Enfoque Comunicaciones tuvo la oportunidad de cubrir la presentaci\u00f3n del \u00faltimo SUV el\u00e9ctrico de BYD, el Yuan Pro, que se convierte en el s\u00e9ptimo modelo de la marca en el pa\u00eds. Este veh\u00edculo representa un paso importante en la oferta de movilidad el\u00e9ctrica en Ecuador, destac\u00e1ndose por [&hellip;]\" \/>\n<meta property=\"og:url\" content=\"https:\/\/enfoquecomunicacionesec.com\/index.php\/2024\/10\/30\/enfoque-comunicaciones-presente-en-el-lanzamiento-del-nuevo-suv-yuan-pro-de-byd-en-ecuador-un-avance-en-movilidad-electrica\/\" \/>\n<meta property=\"og:site_name\" content=\"EnfoqueComunicaciones.ec\" \/>\n<meta property=\"article:publisher\" content=\"https:\/\/www.facebook.com\/enfoquecomunicacionesec\" \/>\n<meta property=\"article:author\" content=\"https:\/\/www.facebook.com\/enfoquecomunicacionesec\/\" \/>\n<meta property=\"article:published_time\" content=\"2024-10-30T17:33:00+00:00\" \/>\n<meta property=\"og:image\" content=\"https:\/\/enfoquecomunicacionesec.com\/wp-content\/uploads\/2024\/10\/bYD-1-1.png\" \/>\n<meta name=\"author\" content=\"enfoquecomunicacionesec.com\" \/>\n<meta name=\"twitter:card\" content=\"summary_large_image\" \/>\n<meta name=\"twitter:label1\" content=\"Escrito por\" \/>\n\t<meta name=\"twitter:data1\" content=\"enfoquecomunicacionesec.com\" \/>\n\t<meta name=\"twitter:label2\" content=\"Tiempo de lectura\" \/>\n\t<meta name=\"twitter:data2\" content=\"3 minutos\" \/>\n<script type=\"application\/ld+json\" class=\"yoast-schema-graph\">{\"@context\":\"https:\/\/schema.org\",\"@graph\":[{\"@type\":\"Article\",\"@id\":\"https:\/\/enfoquecomunicacionesec.com\/index.php\/2024\/10\/30\/enfoque-comunicaciones-presente-en-el-lanzamiento-del-nuevo-suv-yuan-pro-de-byd-en-ecuador-un-avance-en-movilidad-electrica\/#article\",\"isPartOf\":{\"@id\":\"https:\/\/enfoquecomunicacionesec.com\/index.php\/2024\/10\/30\/enfoque-comunicaciones-presente-en-el-lanzamiento-del-nuevo-suv-yuan-pro-de-byd-en-ecuador-un-avance-en-movilidad-electrica\/\"},\"author\":{\"name\":\"enfoquecomunicacionesec.com\",\"@id\":\"https:\/\/enfoquecomunicacionesec.com\/#\/schema\/person\/2b7ab7f9f7be7fa65c396efa3876a786\"},\"headline\":\"Enfoque Comunicaciones presente en el lanzamiento del nuevo SUV Yuan Pro de BYD en Ecuador: Un avance en movilidad el\u00e9ctrica\",\"datePublished\":\"2024-10-30T17:33:00+00:00\",\"dateModified\":\"2024-10-30T17:33:00+00:00\",\"mainEntityOfPage\":{\"@id\":\"https:\/\/enfoquecomunicacionesec.com\/index.php\/2024\/10\/30\/enfoque-comunicaciones-presente-en-el-lanzamiento-del-nuevo-suv-yuan-pro-de-byd-en-ecuador-un-avance-en-movilidad-electrica\/\"},\"wordCount\":473,\"commentCount\":0,\"publisher\":{\"@id\":\"https:\/\/enfoquecomunicacionesec.com\/#organization\"},\"keywords\":[\"BYD Ecuador\",\"Evento\",\"Focus en accion\",\"Vehiculos electricos\"],\"articleSection\":[\"Blog\"],\"inLanguage\":\"es\",\"potentialAction\":[{\"@type\":\"CommentAction\",\"name\":\"Comment\",\"target\":[\"https:\/\/enfoquecomunicacionesec.com\/index.php\/2024\/10\/30\/enfoque-comunicaciones-presente-en-el-lanzamiento-del-nuevo-suv-yuan-pro-de-byd-en-ecuador-un-avance-en-movilidad-electrica\/#respond\"]}]},{\"@type\":\"WebPage\",\"@id\":\"https:\/\/enfoquecomunicacionesec.com\/index.php\/2024\/10\/30\/enfoque-comunicaciones-presente-en-el-lanzamiento-del-nuevo-suv-yuan-pro-de-byd-en-ecuador-un-avance-en-movilidad-electrica\/\",\"url\":\"https:\/\/enfoquecomunicacionesec.com\/index.php\/2024\/10\/30\/enfoque-comunicaciones-presente-en-el-lanzamiento-del-nuevo-suv-yuan-pro-de-byd-en-ecuador-un-avance-en-movilidad-electrica\/\",\"name\":\"Enfoque Comunicaciones presente en el lanzamiento del nuevo SUV Yuan Pro de BYD en Ecuador: Un avance en movilidad el\u00e9ctrica - EnfoqueComunicaciones.ec\",\"isPartOf\":{\"@id\":\"https:\/\/enfoquecomunicacionesec.com\/#website\"},\"datePublished\":\"2024-10-30T17:33:00+00:00\",\"dateModified\":\"2024-10-30T17:33:00+00:00\",\"breadcrumb\":{\"@id\":\"https:\/\/enfoquecomunicacionesec.com\/index.php\/2024\/10\/30\/enfoque-comunicaciones-presente-en-el-lanzamiento-del-nuevo-suv-yuan-pro-de-byd-en-ecuador-un-avance-en-movilidad-electrica\/#breadcrumb\"},\"inLanguage\":\"es\",\"potentialAction\":[{\"@type\":\"ReadAction\",\"target\":[\"https:\/\/enfoquecomunicacionesec.com\/index.php\/2024\/10\/30\/enfoque-comunicaciones-presente-en-el-lanzamiento-del-nuevo-suv-yuan-pro-de-byd-en-ecuador-un-avance-en-movilidad-electrica\/\"]}]},{\"@type\":\"BreadcrumbList\",\"@id\":\"https:\/\/enfoquecomunicacionesec.com\/index.php\/2024\/10\/30\/enfoque-comunicaciones-presente-en-el-lanzamiento-del-nuevo-suv-yuan-pro-de-byd-en-ecuador-un-avance-en-movilidad-electrica\/#breadcrumb\",\"itemListElement\":[{\"@type\":\"ListItem\",\"position\":1,\"name\":\"Portada\",\"item\":\"https:\/\/enfoquecomunicacionesec.com\/\"},{\"@type\":\"ListItem\",\"position\":2,\"name\":\"Enfoque Comunicaciones presente en el lanzamiento del nuevo SUV Yuan Pro de BYD en Ecuador: Un avance en movilidad el\u00e9ctrica\"}]},{\"@type\":\"WebSite\",\"@id\":\"https:\/\/enfoquecomunicacionesec.com\/#website\",\"url\":\"https:\/\/enfoquecomunicacionesec.com\/\",\"name\":\"EnfoqueComunicaciones.ec\",\"description\":\"\",\"publisher\":{\"@id\":\"https:\/\/enfoquecomunicacionesec.com\/#organization\"},\"potentialAction\":[{\"@type\":\"SearchAction\",\"target\":{\"@type\":\"EntryPoint\",\"urlTemplate\":\"https:\/\/enfoquecomunicacionesec.com\/?s={search_term_string}\"},\"query-input\":\"required name=search_term_string\"}],\"inLanguage\":\"es\"},{\"@type\":\"Organization\",\"@id\":\"https:\/\/enfoquecomunicacionesec.com\/#organization\",\"name\":\"EnfoqueComunicaciones.ec\",\"url\":\"https:\/\/enfoquecomunicacionesec.com\/\",\"logo\":{\"@type\":\"ImageObject\",\"inLanguage\":\"es\",\"@id\":\"https:\/\/enfoquecomunicacionesec.com\/#\/schema\/logo\/image\/\",\"url\":\"http:\/\/enfoquecomunicacionesec.com\/wp-content\/uploads\/2023\/09\/cropped-LOGO-ENFOQUE-1.png\",\"contentUrl\":\"http:\/\/enfoquecomunicacionesec.com\/wp-content\/uploads\/2023\/09\/cropped-LOGO-ENFOQUE-1.png\",\"width\":512,\"height\":512,\"caption\":\"EnfoqueComunicaciones.ec\"},\"image\":{\"@id\":\"https:\/\/enfoquecomunicacionesec.com\/#\/schema\/logo\/image\/\"},\"sameAs\":[\"https:\/\/www.facebook.com\/enfoquecomunicacionesec\",\"https:\/\/www.instagram.com\/enfoque.comunicaciones\/\",\"https:\/\/www.linkedin.com\/in\/enfoque-comunicaciones-ec-0ba5a424b\/\"]},{\"@type\":\"Person\",\"@id\":\"https:\/\/enfoquecomunicacionesec.com\/#\/schema\/person\/2b7ab7f9f7be7fa65c396efa3876a786\",\"name\":\"enfoquecomunicacionesec.com\",\"image\":{\"@type\":\"ImageObject\",\"inLanguage\":\"es\",\"@id\":\"https:\/\/enfoquecomunicacionesec.com\/#\/schema\/person\/image\/\",\"url\":\"https:\/\/secure.gravatar.com\/avatar\/cc08e6fde57d62cfc05ab2281442cfaaf53a21aedf183ff95293b1c45e85127a?s=96&d=mm&r=g\",\"contentUrl\":\"https:\/\/secure.gravatar.com\/avatar\/cc08e6fde57d62cfc05ab2281442cfaaf53a21aedf183ff95293b1c45e85127a?s=96&d=mm&r=g\",\"caption\":\"enfoquecomunicacionesec.com\"},\"sameAs\":[\"http:\/\/enfoquecomunicacionesec.com\",\"https:\/\/www.facebook.com\/enfoquecomunicacionesec\/\",\"https:\/\/www.instagram.com\/enfoque.comunicaciones_mkt\/\",\"https:\/\/www.linkedin.com\/in\/enfoque-comunicaciones-ec-0ba5a424b\/\"],\"url\":\"https:\/\/enfoquecomunicacionesec.com\/index.php\/author\/enfoquecomunicacionesec-com\/\"}]}<\/script>\n<!-- \/ Yoast SEO plugin. -->","yoast_head_json":{"title":"Enfoque Comunicaciones presente en el lanzamiento del nuevo SUV Yuan Pro de BYD en Ecuador: Un avance en movilidad el\u00e9ctrica - EnfoqueComunicaciones.ec","robots":{"index":"index","follow":"follow","max-snippet":"max-snippet:-1","max-image-preview":"max-image-preview:large","max-video-preview":"max-video-preview:-1"},"canonical":"https:\/\/enfoquecomunicacionesec.com\/index.php\/2024\/10\/30\/enfoque-comunicaciones-presente-en-el-lanzamiento-del-nuevo-suv-yuan-pro-de-byd-en-ecuador-un-avance-en-movilidad-electrica\/","og_locale":"es_ES","og_type":"article","og_title":"Enfoque Comunicaciones presente en el lanzamiento del nuevo SUV Yuan Pro de BYD en Ecuador: Un avance en movilidad el\u00e9ctrica - EnfoqueComunicaciones.ec","og_description":"En un evento innovador y cargado de emoci\u00f3n, Enfoque Comunicaciones tuvo la oportunidad de cubrir la presentaci\u00f3n del \u00faltimo SUV el\u00e9ctrico de BYD, el Yuan Pro, que se convierte en el s\u00e9ptimo modelo de la marca en el pa\u00eds. Este veh\u00edculo representa un paso importante en la oferta de movilidad el\u00e9ctrica en Ecuador, destac\u00e1ndose por [&hellip;]","og_url":"https:\/\/enfoquecomunicacionesec.com\/index.php\/2024\/10\/30\/enfoque-comunicaciones-presente-en-el-lanzamiento-del-nuevo-suv-yuan-pro-de-byd-en-ecuador-un-avance-en-movilidad-electrica\/","og_site_name":"EnfoqueComunicaciones.ec","article_publisher":"https:\/\/www.facebook.com\/enfoquecomunicacionesec","article_author":"https:\/\/www.facebook.com\/enfoquecomunicacionesec\/","article_published_time":"2024-10-30T17:33:00+00:00","og_image":[{"url":"https:\/\/enfoquecomunicacionesec.com\/wp-content\/uploads\/2024\/10\/bYD-1-1.png"}],"author":"enfoquecomunicacionesec.com","twitter_card":"summary_large_image","twitter_misc":{"Escrito por":"enfoquecomunicacionesec.com","Tiempo de lectura":"3 minutos"},"schema":{"@context":"https:\/\/schema.org","@graph":[{"@type":"Article","@id":"https:\/\/enfoquecomunicacionesec.com\/index.php\/2024\/10\/30\/enfoque-comunicaciones-presente-en-el-lanzamiento-del-nuevo-suv-yuan-pro-de-byd-en-ecuador-un-avance-en-movilidad-electrica\/#article","isPartOf":{"@id":"https:\/\/enfoquecomunicacionesec.com\/index.php\/2024\/10\/30\/enfoque-comunicaciones-presente-en-el-lanzamiento-del-nuevo-suv-yuan-pro-de-byd-en-ecuador-un-avance-en-movilidad-electrica\/"},"author":{"name":"enfoquecomunicacionesec.com","@id":"https:\/\/enfoquecomunicacionesec.com\/#\/schema\/person\/2b7ab7f9f7be7fa65c396efa3876a786"},"headline":"Enfoque Comunicaciones presente en el lanzamiento del nuevo SUV Yuan Pro de BYD en Ecuador: Un avance en movilidad el\u00e9ctrica","datePublished":"2024-10-30T17:33:00+00:00","dateModified":"2024-10-30T17:33:00+00:00","mainEntityOfPage":{"@id":"https:\/\/enfoquecomunicacionesec.com\/index.php\/2024\/10\/30\/enfoque-comunicaciones-presente-en-el-lanzamiento-del-nuevo-suv-yuan-pro-de-byd-en-ecuador-un-avance-en-movilidad-electrica\/"},"wordCount":473,"commentCount":0,"publisher":{"@id":"https:\/\/enfoquecomunicacionesec.com\/#organization"},"keywords":["BYD Ecuador","Evento","Focus en accion","Vehiculos electricos"],"articleSection":["Blog"],"inLanguage":"es","potentialAction":[{"@type":"CommentAction","name":"Comment","target":["https:\/\/enfoquecomunicacionesec.com\/index.php\/2024\/10\/30\/enfoque-comunicaciones-presente-en-el-lanzamiento-del-nuevo-suv-yuan-pro-de-byd-en-ecuador-un-avance-en-movilidad-electrica\/#respond"]}]},{"@type":"WebPage","@id":"https:\/\/enfoquecomunicacionesec.com\/index.php\/2024\/10\/30\/enfoque-comunicaciones-presente-en-el-lanzamiento-del-nuevo-suv-yuan-pro-de-byd-en-ecuador-un-avance-en-movilidad-electrica\/","url":"https:\/\/enfoquecomunicacionesec.com\/index.php\/2024\/10\/30\/enfoque-comunicaciones-presente-en-el-lanzamiento-del-nuevo-suv-yuan-pro-de-byd-en-ecuador-un-avance-en-movilidad-electrica\/","name":"Enfoque Comunicaciones presente en el lanzamiento del nuevo SUV Yuan Pro de BYD en Ecuador: Un avance en movilidad el\u00e9ctrica - EnfoqueComunicaciones.ec","isPartOf":{"@id":"https:\/\/enfoquecomunicacionesec.com\/#website"},"datePublished":"2024-10-30T17:33:00+00:00","dateModified":"2024-10-30T17:33:00+00:00","breadcrumb":{"@id":"https:\/\/enfoquecomunicacionesec.com\/index.php\/2024\/10\/30\/enfoque-comunicaciones-presente-en-el-lanzamiento-del-nuevo-suv-yuan-pro-de-byd-en-ecuador-un-avance-en-movilidad-electrica\/#breadcrumb"},"inLanguage":"es","potentialAction":[{"@type":"ReadAction","target":["https:\/\/enfoquecomunicacionesec.com\/index.php\/2024\/10\/30\/enfoque-comunicaciones-presente-en-el-lanzamiento-del-nuevo-suv-yuan-pro-de-byd-en-ecuador-un-avance-en-movilidad-electrica\/"]}]},{"@type":"BreadcrumbList","@id":"https:\/\/enfoquecomunicacionesec.com\/index.php\/2024\/10\/30\/enfoque-comunicaciones-presente-en-el-lanzamiento-del-nuevo-suv-yuan-pro-de-byd-en-ecuador-un-avance-en-movilidad-electrica\/#breadcrumb","itemListElement":[{"@type":"ListItem","position":1,"name":"Portada","item":"https:\/\/enfoquecomunicacionesec.com\/"},{"@type":"ListItem","position":2,"name":"Enfoque Comunicaciones presente en el lanzamiento del nuevo SUV Yuan Pro de BYD en Ecuador: Un avance en movilidad el\u00e9ctrica"}]},{"@type":"WebSite","@id":"https:\/\/enfoquecomunicacionesec.com\/#website","url":"https:\/\/enfoquecomunicacionesec.com\/","name":"EnfoqueComunicaciones.ec","description":"","publisher":{"@id":"https:\/\/enfoquecomunicacionesec.com\/#organization"},"potentialAction":[{"@type":"SearchAction","target":{"@type":"EntryPoint","urlTemplate":"https:\/\/enfoquecomunicacionesec.com\/?s={search_term_string}"},"query-input":"required name=search_term_string"}],"inLanguage":"es"},{"@type":"Organization","@id":"https:\/\/enfoquecomunicacionesec.com\/#organization","name":"EnfoqueComunicaciones.ec","url":"https:\/\/enfoquecomunicacionesec.com\/","logo":{"@type":"ImageObject","inLanguage":"es","@id":"https:\/\/enfoquecomunicacionesec.com\/#\/schema\/logo\/image\/","url":"http:\/\/enfoquecomunicacionesec.com\/wp-content\/uploads\/2023\/09\/cropped-LOGO-ENFOQUE-1.png","contentUrl":"http:\/\/enfoquecomunicacionesec.com\/wp-content\/uploads\/2023\/09\/cropped-LOGO-ENFOQUE-1.png","width":512,"height":512,"caption":"EnfoqueComunicaciones.ec"},"image":{"@id":"https:\/\/enfoquecomunicacionesec.com\/#\/schema\/logo\/image\/"},"sameAs":["https:\/\/www.facebook.com\/enfoquecomunicacionesec","https:\/\/www.instagram.com\/enfoque.comunicaciones\/","https:\/\/www.linkedin.com\/in\/enfoque-comunicaciones-ec-0ba5a424b\/"]},{"@type":"Person","@id":"https:\/\/enfoquecomunicacionesec.com\/#\/schema\/person\/2b7ab7f9f7be7fa65c396efa3876a786","name":"enfoquecomunicacionesec.com","image":{"@type":"ImageObject","inLanguage":"es","@id":"https:\/\/enfoquecomunicacionesec.com\/#\/schema\/person\/image\/","url":"https:\/\/secure.gravatar.com\/avatar\/cc08e6fde57d62cfc05ab2281442cfaaf53a21aedf183ff95293b1c45e85127a?s=96&d=mm&r=g","contentUrl":"https:\/\/secure.gravatar.com\/avatar\/cc08e6fde57d62cfc05ab2281442cfaaf53a21aedf183ff95293b1c45e85127a?s=96&d=mm&r=g","caption":"enfoquecomunicacionesec.com"},"sameAs":["http:\/\/enfoquecomunicacionesec.com","https:\/\/www.facebook.com\/enfoquecomunicacionesec\/","https:\/\/www.instagram.com\/enfoque.comunicaciones_mkt\/","https:\/\/www.linkedin.com\/in\/enfoque-comunicaciones-ec-0ba5a424b\/"],"url":"https:\/\/enfoquecomunicacionesec.com\/index.php\/author\/enfoquecomunicacionesec-com\/"}]}},"_links":{"self":[{"href":"https:\/\/enfoquecomunicacionesec.com\/index.php\/wp-json\/wp\/v2\/posts\/732","targetHints":{"allow":["GET"]}}],"collection":[{"href":"https:\/\/enfoquecomunicacionesec.com\/index.php\/wp-json\/wp\/v2\/posts"}],"about":[{"href":"https:\/\/enfoquecomunicacionesec.com\/index.php\/wp-json\/wp\/v2\/types\/post"}],"author":[{"embeddable":true,"href":"https:\/\/enfoquecomunicacionesec.com\/index.php\/wp-json\/wp\/v2\/users\/1"}],"replies":[{"embeddable":true,"href":"https:\/\/enfoquecomunicacionesec.com\/index.php\/wp-json\/wp\/v2\/comments?post=732"}],"version-history":[{"count":4,"href":"https:\/\/enfoquecomunicacionesec.com\/index.php\/wp-json\/wp\/v2\/posts\/732\/revisions"}],"predecessor-version":[{"id":740,"href":"https:\/\/enfoquecomunicacionesec.com\/index.php\/wp-json\/wp\/v2\/posts\/732\/revisions\/740"}],"wp:attachment":[{"href":"https:\/\/enfoquecomunicacionesec.com\/index.php\/wp-json\/wp\/v2\/media?parent=732"}],"wp:term":[{"taxonomy":"category","embeddable":true,"href":"https:\/\/enfoquecomunicacionesec.com\/index.php\/wp-json\/wp\/v2\/categories?post=732"},{"taxonomy":"post_tag","embeddable":true,"href":"https:\/\/enfoquecomunicacionesec.com\/index.php\/wp-json\/wp\/v2\/tags?post=732"}],"curies":[{"name":"wp","href":"https:\/\/api.w.org\/{rel}","templated":true}]}}