{"id":750,"date":"2024-10-30T16:11:02","date_gmt":"2024-10-30T21:11:02","guid":{"rendered":"https:\/\/enfoquecomunicacionesec.com\/?p=750"},"modified":"2024-10-30T16:11:02","modified_gmt":"2024-10-30T21:11:02","slug":"lanzamiento-de-la-estrategia-nacional-de-economia-circular-inclusiva-eneci","status":"publish","type":"post","link":"https:\/\/enfoquecomunicacionesec.com\/index.php\/2024\/10\/30\/lanzamiento-de-la-estrategia-nacional-de-economia-circular-inclusiva-eneci\/","title":{"rendered":"Lanzamiento de la Estrategia Nacional de Econom\u00eda Circular Inclusiva (ENECI)"},"content":{"rendered":"\n<figure class=\"wp-block-gallery has-nested-images columns-default is-cropped wp-block-gallery-1 is-layout-flex wp-block-gallery-is-layout-flex\">\n<figure class=\"wp-block-image size-large\"><img loading=\"lazy\" decoding=\"async\" width=\"1024\" height=\"768\" data-id=\"752\" src=\"https:\/\/enfoquecomunicacionesec.com\/wp-content\/uploads\/2024\/10\/WhatsApp-Image-2024-10-30-at-15.39.01-1-1024x768.jpeg\" alt=\"\" class=\"wp-image-752\" srcset=\"https:\/\/enfoquecomunicacionesec.com\/wp-content\/uploads\/2024\/10\/WhatsApp-Image-2024-10-30-at-15.39.01-1-1024x768.jpeg 1024w, https:\/\/enfoquecomunicacionesec.com\/wp-content\/uploads\/2024\/10\/WhatsApp-Image-2024-10-30-at-15.39.01-1-300x225.jpeg 300w, https:\/\/enfoquecomunicacionesec.com\/wp-content\/uploads\/2024\/10\/WhatsApp-Image-2024-10-30-at-15.39.01-1-768x576.jpeg 768w, https:\/\/enfoquecomunicacionesec.com\/wp-content\/uploads\/2024\/10\/WhatsApp-Image-2024-10-30-at-15.39.01-1-1536x1152.jpeg 1536w, https:\/\/enfoquecomunicacionesec.com\/wp-content\/uploads\/2024\/10\/WhatsApp-Image-2024-10-30-at-15.39.01-1.jpeg 1600w\" sizes=\"auto, (max-width: 1024px) 100vw, 1024px\" \/><\/figure>\n<\/figure>\n\n\n\n<hr class=\"wp-block-separator has-alpha-channel-opacity\"\/>\n\n\n\n<p>En el mes de octubre de 2024, se llev\u00f3 a cabo el evento de lanzamiento de la Estrategia Nacional de Econom\u00eda Circular Inclusiva (ENECI), una iniciativa del Ministerio de Producci\u00f3n que busca incorporar la sostenibilidad en la producci\u00f3n industrial y fomentar un consumo responsable entre los ciudadanos. El evento, realizado en el Go Quito Hotel, cont\u00f3 con la participaci\u00f3n de representantes del sector p\u00fablico, productivo y de la sociedad civil, quienes colaboraron en la elaboraci\u00f3n de esta estrategia en mesas participativas, con el apoyo de la Uni\u00f3n Europea.<\/p>\n\n\n\n<hr class=\"wp-block-separator has-alpha-channel-opacity\"\/>\n\n\n\n<p>Durante el evento, se resalt\u00f3 la importancia de esta transici\u00f3n hacia una producci\u00f3n sostenible en Ecuador, se\u00f1alando que podr\u00eda abrir puertas a nuevos mercados internacionales y diversificar las exportaciones nacionales. Asimismo, se enfoc\u00f3 la necesidad de colaboraci\u00f3n entre el Gobierno, gobiernos locales, el sector privado y la sociedad civil para convertir a Ecuador en un referente regional en econom\u00eda circular.<\/p>\n\n\n\n<figure class=\"wp-block-image size-large\"><img loading=\"lazy\" decoding=\"async\" width=\"1024\" height=\"768\" src=\"https:\/\/enfoquecomunicacionesec.com\/wp-content\/uploads\/2024\/10\/WhatsApp-Image-2024-10-30-at-15.39.00-3-1024x768.jpeg\" alt=\"\" class=\"wp-image-753\" srcset=\"https:\/\/enfoquecomunicacionesec.com\/wp-content\/uploads\/2024\/10\/WhatsApp-Image-2024-10-30-at-15.39.00-3-1024x768.jpeg 1024w, https:\/\/enfoquecomunicacionesec.com\/wp-content\/uploads\/2024\/10\/WhatsApp-Image-2024-10-30-at-15.39.00-3-300x225.jpeg 300w, https:\/\/enfoquecomunicacionesec.com\/wp-content\/uploads\/2024\/10\/WhatsApp-Image-2024-10-30-at-15.39.00-3-768x576.jpeg 768w, https:\/\/enfoquecomunicacionesec.com\/wp-content\/uploads\/2024\/10\/WhatsApp-Image-2024-10-30-at-15.39.00-3-1536x1152.jpeg 1536w, https:\/\/enfoquecomunicacionesec.com\/wp-content\/uploads\/2024\/10\/WhatsApp-Image-2024-10-30-at-15.39.00-3.jpeg 1600w\" sizes=\"auto, (max-width: 1024px) 100vw, 1024px\" \/><\/figure>\n\n\n\n<hr class=\"wp-block-separator has-alpha-channel-opacity\"\/>\n\n\n\n<p>Tambi\u00e9n se destac\u00f3 la importancia del involucramiento comunitario para superar los desaf\u00edos ambientales y econ\u00f3micos que enfrenta el pa\u00eds. Por su parte, Jekaterina Dor\u00f3dnova, embajadora de la Uni\u00f3n Europea, relacion\u00f3 estos esfuerzos con el Pacto Verde Europeo, cuyo objetivo es alcanzar cero emisiones netas de gases de efecto invernadero para 2050 y promover la econom\u00eda circular a nivel global.<\/p>\n\n\n\n<figure class=\"wp-block-image size-large\"><img loading=\"lazy\" decoding=\"async\" width=\"1024\" height=\"461\" src=\"https:\/\/enfoquecomunicacionesec.com\/wp-content\/uploads\/2024\/10\/WhatsApp-Image-2024-10-30-at-15.39.09-1-1024x461.jpeg\" alt=\"\" class=\"wp-image-754\" srcset=\"https:\/\/enfoquecomunicacionesec.com\/wp-content\/uploads\/2024\/10\/WhatsApp-Image-2024-10-30-at-15.39.09-1-1024x461.jpeg 1024w, https:\/\/enfoquecomunicacionesec.com\/wp-content\/uploads\/2024\/10\/WhatsApp-Image-2024-10-30-at-15.39.09-1-300x135.jpeg 300w, https:\/\/enfoquecomunicacionesec.com\/wp-content\/uploads\/2024\/10\/WhatsApp-Image-2024-10-30-at-15.39.09-1-768x346.jpeg 768w, https:\/\/enfoquecomunicacionesec.com\/wp-content\/uploads\/2024\/10\/WhatsApp-Image-2024-10-30-at-15.39.09-1.jpeg 1280w\" sizes=\"auto, (max-width: 1024px) 100vw, 1024px\" \/><\/figure>\n\n\n\n<hr class=\"wp-block-separator has-alpha-channel-opacity\"\/>\n\n\n\n<p><strong>Ejes y objetivos de la ENECI:<\/strong><\/p>\n\n\n\n<div style=\"height:17px\" aria-hidden=\"true\" class=\"wp-block-spacer\"><\/div>\n\n\n\n<ul class=\"wp-block-list\">\n<li><strong>Pol\u00edtica p\u00fablica:<\/strong> Fortalecer el marco normativo y las regulaciones necesarias.<\/li>\n\n\n\n<li><strong>Cooperaci\u00f3n y financiamiento:<\/strong> Fomentar alianzas estrat\u00e9gicas y desarrollar instrumentos financieros para apoyar la transici\u00f3n.<\/li>\n\n\n\n<li><strong>Producci\u00f3n y consumo sostenible:<\/strong> Impulsar pr\u00e1cticas sostenibles para optimizar recursos y reducir residuos.<\/li>\n\n\n\n<li><strong>Innovaci\u00f3n e investigaci\u00f3n:<\/strong> Promover el desarrollo de nuevas tecnolog\u00edas y modelos de negocio.<\/li>\n\n\n\n<li><strong>Ciudades circulares y desarrollo territorial sostenible:<\/strong> Integrar la econom\u00eda circular en la planificaci\u00f3n urbana y regional.<\/li>\n<\/ul>\n\n\n\n<hr class=\"wp-block-separator has-alpha-channel-opacity\"\/>\n\n\n\n<p>La participaci\u00f3n de Enfoque Comunicaciones en este evento reafirma nuestro compromiso con la comunicaci\u00f3n y promoci\u00f3n de iniciativas que generen un impacto positivo en la sostenibilidad y el desarrollo inclusivo del pa\u00eds.<\/p>\n","protected":false},"excerpt":{"rendered":"<p>En el mes de octubre de 2024, se llev\u00f3 a cabo el evento de lanzamiento de la Estrategia Nacional de Econom\u00eda Circular Inclusiva (ENECI), una iniciativa del Ministerio de Producci\u00f3n que busca incorporar la sostenibilidad en la producci\u00f3n industrial y fomentar un consumo responsable entre los ciudadanos. El evento, realizado en el Go Quito Hotel, [&hellip;]<\/p>\n","protected":false},"author":1,"featured_media":0,"comment_status":"open","ping_status":"open","sticky":false,"template":"","format":"standard","meta":{"footnotes":""},"categories":[1],"tags":[22,10,15,23],"class_list":["post-750","post","type-post","status-publish","format-standard","hentry","category-blog","tag-economia-circular","tag-evento","tag-focus-en-accion","tag-sostenibilidad"],"yoast_head":"<!-- This site is optimized with the Yoast SEO plugin v21.5 - https:\/\/yoast.com\/wordpress\/plugins\/seo\/ -->\n<title>Lanzamiento de la Estrategia Nacional de Econom\u00eda Circular Inclusiva (ENECI) - EnfoqueComunicaciones.ec<\/title>\n<meta name=\"robots\" content=\"index, follow, max-snippet:-1, max-image-preview:large, max-video-preview:-1\" \/>\n<link rel=\"canonical\" href=\"https:\/\/enfoquecomunicacionesec.com\/index.php\/2024\/10\/30\/lanzamiento-de-la-estrategia-nacional-de-economia-circular-inclusiva-eneci\/\" \/>\n<meta property=\"og:locale\" content=\"es_ES\" \/>\n<meta property=\"og:type\" content=\"article\" \/>\n<meta property=\"og:title\" content=\"Lanzamiento de la Estrategia Nacional de Econom\u00eda Circular Inclusiva (ENECI) - EnfoqueComunicaciones.ec\" \/>\n<meta property=\"og:description\" content=\"En el mes de octubre de 2024, se llev\u00f3 a cabo el evento de lanzamiento de la Estrategia Nacional de Econom\u00eda Circular Inclusiva (ENECI), una iniciativa del Ministerio de Producci\u00f3n que busca incorporar la sostenibilidad en la producci\u00f3n industrial y fomentar un consumo responsable entre los ciudadanos. El evento, realizado en el Go Quito Hotel, [&hellip;]\" \/>\n<meta property=\"og:url\" content=\"https:\/\/enfoquecomunicacionesec.com\/index.php\/2024\/10\/30\/lanzamiento-de-la-estrategia-nacional-de-economia-circular-inclusiva-eneci\/\" \/>\n<meta property=\"og:site_name\" content=\"EnfoqueComunicaciones.ec\" \/>\n<meta property=\"article:publisher\" content=\"https:\/\/www.facebook.com\/enfoquecomunicacionesec\" \/>\n<meta property=\"article:author\" content=\"https:\/\/www.facebook.com\/enfoquecomunicacionesec\/\" \/>\n<meta property=\"article:published_time\" content=\"2024-10-30T21:11:02+00:00\" \/>\n<meta property=\"og:image\" content=\"https:\/\/enfoquecomunicacionesec.com\/wp-content\/uploads\/2024\/10\/WhatsApp-Image-2024-10-30-at-15.39.01-1-1024x768.jpeg\" \/>\n<meta name=\"author\" content=\"enfoquecomunicacionesec.com\" \/>\n<meta name=\"twitter:card\" content=\"summary_large_image\" \/>\n<meta name=\"twitter:label1\" content=\"Escrito por\" \/>\n\t<meta name=\"twitter:data1\" content=\"enfoquecomunicacionesec.com\" \/>\n\t<meta name=\"twitter:label2\" content=\"Tiempo de lectura\" \/>\n\t<meta name=\"twitter:data2\" content=\"3 minutos\" \/>\n<script type=\"application\/ld+json\" class=\"yoast-schema-graph\">{\"@context\":\"https:\/\/schema.org\",\"@graph\":[{\"@type\":\"Article\",\"@id\":\"https:\/\/enfoquecomunicacionesec.com\/index.php\/2024\/10\/30\/lanzamiento-de-la-estrategia-nacional-de-economia-circular-inclusiva-eneci\/#article\",\"isPartOf\":{\"@id\":\"https:\/\/enfoquecomunicacionesec.com\/index.php\/2024\/10\/30\/lanzamiento-de-la-estrategia-nacional-de-economia-circular-inclusiva-eneci\/\"},\"author\":{\"name\":\"enfoquecomunicacionesec.com\",\"@id\":\"https:\/\/enfoquecomunicacionesec.com\/#\/schema\/person\/2b7ab7f9f7be7fa65c396efa3876a786\"},\"headline\":\"Lanzamiento de la Estrategia Nacional de Econom\u00eda Circular Inclusiva (ENECI)\",\"datePublished\":\"2024-10-30T21:11:02+00:00\",\"dateModified\":\"2024-10-30T21:11:02+00:00\",\"mainEntityOfPage\":{\"@id\":\"https:\/\/enfoquecomunicacionesec.com\/index.php\/2024\/10\/30\/lanzamiento-de-la-estrategia-nacional-de-economia-circular-inclusiva-eneci\/\"},\"wordCount\":356,\"commentCount\":0,\"publisher\":{\"@id\":\"https:\/\/enfoquecomunicacionesec.com\/#organization\"},\"keywords\":[\"economia circular\",\"Evento\",\"Focus en accion\",\"sostenibilidad\"],\"articleSection\":[\"Blog\"],\"inLanguage\":\"es\",\"potentialAction\":[{\"@type\":\"CommentAction\",\"name\":\"Comment\",\"target\":[\"https:\/\/enfoquecomunicacionesec.com\/index.php\/2024\/10\/30\/lanzamiento-de-la-estrategia-nacional-de-economia-circular-inclusiva-eneci\/#respond\"]}]},{\"@type\":\"WebPage\",\"@id\":\"https:\/\/enfoquecomunicacionesec.com\/index.php\/2024\/10\/30\/lanzamiento-de-la-estrategia-nacional-de-economia-circular-inclusiva-eneci\/\",\"url\":\"https:\/\/enfoquecomunicacionesec.com\/index.php\/2024\/10\/30\/lanzamiento-de-la-estrategia-nacional-de-economia-circular-inclusiva-eneci\/\",\"name\":\"Lanzamiento de la Estrategia Nacional de Econom\u00eda Circular Inclusiva (ENECI) - EnfoqueComunicaciones.ec\",\"isPartOf\":{\"@id\":\"https:\/\/enfoquecomunicacionesec.com\/#website\"},\"datePublished\":\"2024-10-30T21:11:02+00:00\",\"dateModified\":\"2024-10-30T21:11:02+00:00\",\"breadcrumb\":{\"@id\":\"https:\/\/enfoquecomunicacionesec.com\/index.php\/2024\/10\/30\/lanzamiento-de-la-estrategia-nacional-de-economia-circular-inclusiva-eneci\/#breadcrumb\"},\"inLanguage\":\"es\",\"potentialAction\":[{\"@type\":\"ReadAction\",\"target\":[\"https:\/\/enfoquecomunicacionesec.com\/index.php\/2024\/10\/30\/lanzamiento-de-la-estrategia-nacional-de-economia-circular-inclusiva-eneci\/\"]}]},{\"@type\":\"BreadcrumbList\",\"@id\":\"https:\/\/enfoquecomunicacionesec.com\/index.php\/2024\/10\/30\/lanzamiento-de-la-estrategia-nacional-de-economia-circular-inclusiva-eneci\/#breadcrumb\",\"itemListElement\":[{\"@type\":\"ListItem\",\"position\":1,\"name\":\"Portada\",\"item\":\"https:\/\/enfoquecomunicacionesec.com\/\"},{\"@type\":\"ListItem\",\"position\":2,\"name\":\"Lanzamiento de la Estrategia Nacional de Econom\u00eda Circular Inclusiva (ENECI)\"}]},{\"@type\":\"WebSite\",\"@id\":\"https:\/\/enfoquecomunicacionesec.com\/#website\",\"url\":\"https:\/\/enfoquecomunicacionesec.com\/\",\"name\":\"EnfoqueComunicaciones.ec\",\"description\":\"\",\"publisher\":{\"@id\":\"https:\/\/enfoquecomunicacionesec.com\/#organization\"},\"potentialAction\":[{\"@type\":\"SearchAction\",\"target\":{\"@type\":\"EntryPoint\",\"urlTemplate\":\"https:\/\/enfoquecomunicacionesec.com\/?s={search_term_string}\"},\"query-input\":\"required name=search_term_string\"}],\"inLanguage\":\"es\"},{\"@type\":\"Organization\",\"@id\":\"https:\/\/enfoquecomunicacionesec.com\/#organization\",\"name\":\"EnfoqueComunicaciones.ec\",\"url\":\"https:\/\/enfoquecomunicacionesec.com\/\",\"logo\":{\"@type\":\"ImageObject\",\"inLanguage\":\"es\",\"@id\":\"https:\/\/enfoquecomunicacionesec.com\/#\/schema\/logo\/image\/\",\"url\":\"http:\/\/enfoquecomunicacionesec.com\/wp-content\/uploads\/2023\/09\/cropped-LOGO-ENFOQUE-1.png\",\"contentUrl\":\"http:\/\/enfoquecomunicacionesec.com\/wp-content\/uploads\/2023\/09\/cropped-LOGO-ENFOQUE-1.png\",\"width\":512,\"height\":512,\"caption\":\"EnfoqueComunicaciones.ec\"},\"image\":{\"@id\":\"https:\/\/enfoquecomunicacionesec.com\/#\/schema\/logo\/image\/\"},\"sameAs\":[\"https:\/\/www.facebook.com\/enfoquecomunicacionesec\",\"https:\/\/www.instagram.com\/enfoque.comunicaciones\/\",\"https:\/\/www.linkedin.com\/in\/enfoque-comunicaciones-ec-0ba5a424b\/\"]},{\"@type\":\"Person\",\"@id\":\"https:\/\/enfoquecomunicacionesec.com\/#\/schema\/person\/2b7ab7f9f7be7fa65c396efa3876a786\",\"name\":\"enfoquecomunicacionesec.com\",\"image\":{\"@type\":\"ImageObject\",\"inLanguage\":\"es\",\"@id\":\"https:\/\/enfoquecomunicacionesec.com\/#\/schema\/person\/image\/\",\"url\":\"https:\/\/secure.gravatar.com\/avatar\/cc08e6fde57d62cfc05ab2281442cfaaf53a21aedf183ff95293b1c45e85127a?s=96&d=mm&r=g\",\"contentUrl\":\"https:\/\/secure.gravatar.com\/avatar\/cc08e6fde57d62cfc05ab2281442cfaaf53a21aedf183ff95293b1c45e85127a?s=96&d=mm&r=g\",\"caption\":\"enfoquecomunicacionesec.com\"},\"sameAs\":[\"http:\/\/enfoquecomunicacionesec.com\",\"https:\/\/www.facebook.com\/enfoquecomunicacionesec\/\",\"https:\/\/www.instagram.com\/enfoque.comunicaciones_mkt\/\",\"https:\/\/www.linkedin.com\/in\/enfoque-comunicaciones-ec-0ba5a424b\/\"],\"url\":\"https:\/\/enfoquecomunicacionesec.com\/index.php\/author\/enfoquecomunicacionesec-com\/\"}]}<\/script>\n<!-- \/ Yoast SEO plugin. -->","yoast_head_json":{"title":"Lanzamiento de la Estrategia Nacional de Econom\u00eda Circular Inclusiva (ENECI) - EnfoqueComunicaciones.ec","robots":{"index":"index","follow":"follow","max-snippet":"max-snippet:-1","max-image-preview":"max-image-preview:large","max-video-preview":"max-video-preview:-1"},"canonical":"https:\/\/enfoquecomunicacionesec.com\/index.php\/2024\/10\/30\/lanzamiento-de-la-estrategia-nacional-de-economia-circular-inclusiva-eneci\/","og_locale":"es_ES","og_type":"article","og_title":"Lanzamiento de la Estrategia Nacional de Econom\u00eda Circular Inclusiva (ENECI) - EnfoqueComunicaciones.ec","og_description":"En el mes de octubre de 2024, se llev\u00f3 a cabo el evento de lanzamiento de la Estrategia Nacional de Econom\u00eda Circular Inclusiva (ENECI), una iniciativa del Ministerio de Producci\u00f3n que busca incorporar la sostenibilidad en la producci\u00f3n industrial y fomentar un consumo responsable entre los ciudadanos. El evento, realizado en el Go Quito Hotel, [&hellip;]","og_url":"https:\/\/enfoquecomunicacionesec.com\/index.php\/2024\/10\/30\/lanzamiento-de-la-estrategia-nacional-de-economia-circular-inclusiva-eneci\/","og_site_name":"EnfoqueComunicaciones.ec","article_publisher":"https:\/\/www.facebook.com\/enfoquecomunicacionesec","article_author":"https:\/\/www.facebook.com\/enfoquecomunicacionesec\/","article_published_time":"2024-10-30T21:11:02+00:00","og_image":[{"url":"https:\/\/enfoquecomunicacionesec.com\/wp-content\/uploads\/2024\/10\/WhatsApp-Image-2024-10-30-at-15.39.01-1-1024x768.jpeg"}],"author":"enfoquecomunicacionesec.com","twitter_card":"summary_large_image","twitter_misc":{"Escrito por":"enfoquecomunicacionesec.com","Tiempo de lectura":"3 minutos"},"schema":{"@context":"https:\/\/schema.org","@graph":[{"@type":"Article","@id":"https:\/\/enfoquecomunicacionesec.com\/index.php\/2024\/10\/30\/lanzamiento-de-la-estrategia-nacional-de-economia-circular-inclusiva-eneci\/#article","isPartOf":{"@id":"https:\/\/enfoquecomunicacionesec.com\/index.php\/2024\/10\/30\/lanzamiento-de-la-estrategia-nacional-de-economia-circular-inclusiva-eneci\/"},"author":{"name":"enfoquecomunicacionesec.com","@id":"https:\/\/enfoquecomunicacionesec.com\/#\/schema\/person\/2b7ab7f9f7be7fa65c396efa3876a786"},"headline":"Lanzamiento de la Estrategia Nacional de Econom\u00eda Circular Inclusiva (ENECI)","datePublished":"2024-10-30T21:11:02+00:00","dateModified":"2024-10-30T21:11:02+00:00","mainEntityOfPage":{"@id":"https:\/\/enfoquecomunicacionesec.com\/index.php\/2024\/10\/30\/lanzamiento-de-la-estrategia-nacional-de-economia-circular-inclusiva-eneci\/"},"wordCount":356,"commentCount":0,"publisher":{"@id":"https:\/\/enfoquecomunicacionesec.com\/#organization"},"keywords":["economia circular","Evento","Focus en accion","sostenibilidad"],"articleSection":["Blog"],"inLanguage":"es","potentialAction":[{"@type":"CommentAction","name":"Comment","target":["https:\/\/enfoquecomunicacionesec.com\/index.php\/2024\/10\/30\/lanzamiento-de-la-estrategia-nacional-de-economia-circular-inclusiva-eneci\/#respond"]}]},{"@type":"WebPage","@id":"https:\/\/enfoquecomunicacionesec.com\/index.php\/2024\/10\/30\/lanzamiento-de-la-estrategia-nacional-de-economia-circular-inclusiva-eneci\/","url":"https:\/\/enfoquecomunicacionesec.com\/index.php\/2024\/10\/30\/lanzamiento-de-la-estrategia-nacional-de-economia-circular-inclusiva-eneci\/","name":"Lanzamiento de la Estrategia Nacional de Econom\u00eda Circular Inclusiva (ENECI) - EnfoqueComunicaciones.ec","isPartOf":{"@id":"https:\/\/enfoquecomunicacionesec.com\/#website"},"datePublished":"2024-10-30T21:11:02+00:00","dateModified":"2024-10-30T21:11:02+00:00","breadcrumb":{"@id":"https:\/\/enfoquecomunicacionesec.com\/index.php\/2024\/10\/30\/lanzamiento-de-la-estrategia-nacional-de-economia-circular-inclusiva-eneci\/#breadcrumb"},"inLanguage":"es","potentialAction":[{"@type":"ReadAction","target":["https:\/\/enfoquecomunicacionesec.com\/index.php\/2024\/10\/30\/lanzamiento-de-la-estrategia-nacional-de-economia-circular-inclusiva-eneci\/"]}]},{"@type":"BreadcrumbList","@id":"https:\/\/enfoquecomunicacionesec.com\/index.php\/2024\/10\/30\/lanzamiento-de-la-estrategia-nacional-de-economia-circular-inclusiva-eneci\/#breadcrumb","itemListElement":[{"@type":"ListItem","position":1,"name":"Portada","item":"https:\/\/enfoquecomunicacionesec.com\/"},{"@type":"ListItem","position":2,"name":"Lanzamiento de la Estrategia Nacional de Econom\u00eda Circular Inclusiva (ENECI)"}]},{"@type":"WebSite","@id":"https:\/\/enfoquecomunicacionesec.com\/#website","url":"https:\/\/enfoquecomunicacionesec.com\/","name":"EnfoqueComunicaciones.ec","description":"","publisher":{"@id":"https:\/\/enfoquecomunicacionesec.com\/#organization"},"potentialAction":[{"@type":"SearchAction","target":{"@type":"EntryPoint","urlTemplate":"https:\/\/enfoquecomunicacionesec.com\/?s={search_term_string}"},"query-input":"required name=search_term_string"}],"inLanguage":"es"},{"@type":"Organization","@id":"https:\/\/enfoquecomunicacionesec.com\/#organization","name":"EnfoqueComunicaciones.ec","url":"https:\/\/enfoquecomunicacionesec.com\/","logo":{"@type":"ImageObject","inLanguage":"es","@id":"https:\/\/enfoquecomunicacionesec.com\/#\/schema\/logo\/image\/","url":"http:\/\/enfoquecomunicacionesec.com\/wp-content\/uploads\/2023\/09\/cropped-LOGO-ENFOQUE-1.png","contentUrl":"http:\/\/enfoquecomunicacionesec.com\/wp-content\/uploads\/2023\/09\/cropped-LOGO-ENFOQUE-1.png","width":512,"height":512,"caption":"EnfoqueComunicaciones.ec"},"image":{"@id":"https:\/\/enfoquecomunicacionesec.com\/#\/schema\/logo\/image\/"},"sameAs":["https:\/\/www.facebook.com\/enfoquecomunicacionesec","https:\/\/www.instagram.com\/enfoque.comunicaciones\/","https:\/\/www.linkedin.com\/in\/enfoque-comunicaciones-ec-0ba5a424b\/"]},{"@type":"Person","@id":"https:\/\/enfoquecomunicacionesec.com\/#\/schema\/person\/2b7ab7f9f7be7fa65c396efa3876a786","name":"enfoquecomunicacionesec.com","image":{"@type":"ImageObject","inLanguage":"es","@id":"https:\/\/enfoquecomunicacionesec.com\/#\/schema\/person\/image\/","url":"https:\/\/secure.gravatar.com\/avatar\/cc08e6fde57d62cfc05ab2281442cfaaf53a21aedf183ff95293b1c45e85127a?s=96&d=mm&r=g","contentUrl":"https:\/\/secure.gravatar.com\/avatar\/cc08e6fde57d62cfc05ab2281442cfaaf53a21aedf183ff95293b1c45e85127a?s=96&d=mm&r=g","caption":"enfoquecomunicacionesec.com"},"sameAs":["http:\/\/enfoquecomunicacionesec.com","https:\/\/www.facebook.com\/enfoquecomunicacionesec\/","https:\/\/www.instagram.com\/enfoque.comunicaciones_mkt\/","https:\/\/www.linkedin.com\/in\/enfoque-comunicaciones-ec-0ba5a424b\/"],"url":"https:\/\/enfoquecomunicacionesec.com\/index.php\/author\/enfoquecomunicacionesec-com\/"}]}},"_links":{"self":[{"href":"https:\/\/enfoquecomunicacionesec.com\/index.php\/wp-json\/wp\/v2\/posts\/750","targetHints":{"allow":["GET"]}}],"collection":[{"href":"https:\/\/enfoquecomunicacionesec.com\/index.php\/wp-json\/wp\/v2\/posts"}],"about":[{"href":"https:\/\/enfoquecomunicacionesec.com\/index.php\/wp-json\/wp\/v2\/types\/post"}],"author":[{"embeddable":true,"href":"https:\/\/enfoquecomunicacionesec.com\/index.php\/wp-json\/wp\/v2\/users\/1"}],"replies":[{"embeddable":true,"href":"https:\/\/enfoquecomunicacionesec.com\/index.php\/wp-json\/wp\/v2\/comments?post=750"}],"version-history":[{"count":5,"href":"https:\/\/enfoquecomunicacionesec.com\/index.php\/wp-json\/wp\/v2\/posts\/750\/revisions"}],"predecessor-version":[{"id":759,"href":"https:\/\/enfoquecomunicacionesec.com\/index.php\/wp-json\/wp\/v2\/posts\/750\/revisions\/759"}],"wp:attachment":[{"href":"https:\/\/enfoquecomunicacionesec.com\/index.php\/wp-json\/wp\/v2\/media?parent=750"}],"wp:term":[{"taxonomy":"category","embeddable":true,"href":"https:\/\/enfoquecomunicacionesec.com\/index.php\/wp-json\/wp\/v2\/categories?post=750"},{"taxonomy":"post_tag","embeddable":true,"href":"https:\/\/enfoquecomunicacionesec.com\/index.php\/wp-json\/wp\/v2\/tags?post=750"}],"curies":[{"name":"wp","href":"https:\/\/api.w.org\/{rel}","templated":true}]}}