{"id":767,"date":"2024-11-19T10:00:00","date_gmt":"2024-11-19T15:00:00","guid":{"rendered":"https:\/\/enfoquecomunicacionesec.com\/?p=767"},"modified":"2024-11-14T19:57:35","modified_gmt":"2024-11-15T00:57:35","slug":"la-importancia-de-la-comunicacion-en-tiempos-de-crisis-protege-la-reputacion-de-tu-empresa-u-organizacion","status":"publish","type":"post","link":"https:\/\/enfoquecomunicacionesec.com\/index.php\/2024\/11\/19\/la-importancia-de-la-comunicacion-en-tiempos-de-crisis-protege-la-reputacion-de-tu-empresa-u-organizacion\/","title":{"rendered":"La Importancia de la Comunicaci\u00f3n en Tiempos de Crisis: Protege la Reputaci\u00f3n de tu Empresa u organizaci\u00f3n"},"content":{"rendered":"\n<figure class=\"wp-block-image size-large\"><img loading=\"lazy\" decoding=\"async\" width=\"1024\" height=\"1024\" src=\"https:\/\/enfoquecomunicacionesec.com\/wp-content\/uploads\/2024\/11\/Cronopost-Noviembre_Enfoque-Comunicaciones-9-1-1024x1024.png\" alt=\"\" class=\"wp-image-769\" srcset=\"https:\/\/enfoquecomunicacionesec.com\/wp-content\/uploads\/2024\/11\/Cronopost-Noviembre_Enfoque-Comunicaciones-9-1-1024x1024.png 1024w, https:\/\/enfoquecomunicacionesec.com\/wp-content\/uploads\/2024\/11\/Cronopost-Noviembre_Enfoque-Comunicaciones-9-1-300x300.png 300w, https:\/\/enfoquecomunicacionesec.com\/wp-content\/uploads\/2024\/11\/Cronopost-Noviembre_Enfoque-Comunicaciones-9-1-150x150.png 150w, https:\/\/enfoquecomunicacionesec.com\/wp-content\/uploads\/2024\/11\/Cronopost-Noviembre_Enfoque-Comunicaciones-9-1-768x768.png 768w, https:\/\/enfoquecomunicacionesec.com\/wp-content\/uploads\/2024\/11\/Cronopost-Noviembre_Enfoque-Comunicaciones-9-1.png 1080w\" sizes=\"auto, (max-width: 1024px) 100vw, 1024px\" \/><\/figure>\n\n\n\n<p class=\"has-text-align-left\">En el din\u00e1mico mundo empresarial, las crisis son inevitables. Ya sea un problema operativo, un esc\u00e1ndalo medi\u00e1tico, o una emergencia inesperada, lo que define el futuro de tu empresa u organizaci\u00f3n no es la crisis en s\u00ed, sino c\u00f3mo la manejas. En este proceso, <strong>la comunicaci\u00f3n de crisis es el eje central para mantener la estabilidad, la confianza y la reputaci\u00f3n de tu marca.<\/strong><\/p>\n\n\n\n<div style=\"height:30px\" aria-hidden=\"true\" class=\"wp-block-spacer\"><\/div>\n\n\n\n<p><strong>\u00bfPor qu\u00e9 es crucial comunicar durante una crisis?<\/strong><\/p>\n\n\n\n<p>Cuando una empresa u organizaci\u00f3n enfrenta una situaci\u00f3n de crisis, el silencio no es una opci\u00f3n. La falta de comunicaci\u00f3n puede interpretarse como indiferencia, incompetencia o incluso culpabilidad. En un mundo hiperconectado, donde las redes sociales amplifican cada error, <strong>la ausencia de informaci\u00f3n puede generar rumores que da\u00f1en la imagen de tu empresa u organizaci\u00f3n y, lo m\u00e1s importante, pierdas la confianza de tus clientes o beneficiarios.<\/strong><\/p>\n\n\n\n<p><\/p>\n\n\n\n<div style=\"height:30px\" aria-hidden=\"true\" class=\"wp-block-spacer\"><\/div>\n\n\n\n<p>Por otro lado, comunicar de forma efectiva y transparente en tiempos de crisis puede:<\/p>\n\n\n\n<ol start=\"1\" class=\"wp-block-list\">\n<li><strong>Mantener la confianza<\/strong> de tus clientes, beneficiarios, empleados y socios.<\/li>\n\n\n\n<li><strong>Mostrar liderazgo y control<\/strong> en momentos de incertidumbre.<\/li>\n\n\n\n<li><strong>Mitigar da\u00f1os a la reputaci\u00f3n<\/strong> al proporcionar claridad sobre los pasos que se est\u00e1n tomando para resolver el problema.<\/li>\n<\/ol>\n\n\n\n<div style=\"height:30px\" aria-hidden=\"true\" class=\"wp-block-spacer\"><\/div>\n\n\n\n<p><strong>Aqu\u00ed te compartimos algunos consejos pr\u00e1cticos para gestionar la comunicaci\u00f3n en momentos cr\u00edticos:<\/strong><\/p>\n\n\n\n<ul class=\"wp-block-list\">\n<li><strong>Act\u00faa con rapidez:<\/strong> Responder a tiempo puede ser la diferencia entre controlar la narrativa o permitir que la crisis escale. Dise\u00f1a un plan de comunicaci\u00f3n de crisis que est\u00e9 listo para activarse inmediatamente.<\/li>\n\n\n\n<li><strong>S\u00e9 honesto y transparente:<\/strong> Reconocer los errores o las situaciones problem\u00e1ticas de forma clara y directa demuestra integridad y compromiso.<\/li>\n\n\n\n<li><strong>Prepara a tu vocero:<\/strong> Designa a una persona capacitada para ser la cara de la empresa ante el p\u00fablico y los medios. Este vocero debe transmitir empat\u00eda, seguridad y conocimiento de la situaci\u00f3n.<\/li>\n\n\n\n<li><strong>Comunica lo que est\u00e1s haciendo para resolver la crisis:<\/strong> Es esencial explicar qu\u00e9 medidas est\u00e1s tomando para solucionar el problema y prevenir que vuelva a ocurrir. Esto proyecta un enfoque proactivo y comprometido.<\/li>\n\n\n\n<li><strong>Escucha y responde a tu audiencia:<\/strong> En tiempos de crisis, tus clientes, tus beneficiarios y stakeholders necesitan ser escuchados. Utiliza tus canales de comunicaci\u00f3n para atender inquietudes y mantener una interacci\u00f3n abierta.<\/li>\n<\/ul>\n\n\n\n<div style=\"height:30px\" aria-hidden=\"true\" class=\"wp-block-spacer\"><\/div>\n\n\n\n<p>En <strong>Enfoque Comunicaciones<\/strong>, sabemos que una crisis puede ser un momento desafiante, pero tambi\u00e9n una oportunidad para fortalecer tu relaci\u00f3n con tus clientes y demostrar los valores de tu marca. Nuestro equipo de expertos puede ayudarte a desarrollar un plan de comunicaci\u00f3n de crisis que proteja tu reputaci\u00f3n y garantice que tu mensaje llegue de manera efectiva.<\/p>\n","protected":false},"excerpt":{"rendered":"<p>En el din\u00e1mico mundo empresarial, las crisis son inevitables. Ya sea un problema operativo, un esc\u00e1ndalo medi\u00e1tico, o una emergencia inesperada, lo que define el futuro de tu empresa u organizaci\u00f3n no es la crisis en s\u00ed, sino c\u00f3mo la manejas. En este proceso, la comunicaci\u00f3n de crisis es el eje central para mantener la [&hellip;]<\/p>\n","protected":false},"author":1,"featured_media":0,"comment_status":"open","ping_status":"open","sticky":false,"template":"","format":"standard","meta":{"footnotes":""},"categories":[1],"tags":[28,27,30,29],"class_list":["post-767","post","type-post","status-publish","format-standard","hentry","category-blog","tag-comunicacion","tag-crisis","tag-enfoquecomunicacionesec","tag-focustelocuenta"],"yoast_head":"<!-- This site is optimized with the Yoast SEO plugin v21.5 - https:\/\/yoast.com\/wordpress\/plugins\/seo\/ -->\n<title>La Importancia de la Comunicaci\u00f3n en Tiempos de Crisis: Protege la Reputaci\u00f3n de tu Empresa u organizaci\u00f3n - EnfoqueComunicaciones.ec<\/title>\n<meta name=\"robots\" content=\"index, follow, max-snippet:-1, max-image-preview:large, max-video-preview:-1\" \/>\n<link rel=\"canonical\" href=\"https:\/\/enfoquecomunicacionesec.com\/index.php\/2024\/11\/19\/la-importancia-de-la-comunicacion-en-tiempos-de-crisis-protege-la-reputacion-de-tu-empresa-u-organizacion\/\" \/>\n<meta property=\"og:locale\" content=\"es_ES\" \/>\n<meta property=\"og:type\" content=\"article\" \/>\n<meta property=\"og:title\" content=\"La Importancia de la Comunicaci\u00f3n en Tiempos de Crisis: Protege la Reputaci\u00f3n de tu Empresa u organizaci\u00f3n - EnfoqueComunicaciones.ec\" \/>\n<meta property=\"og:description\" content=\"En el din\u00e1mico mundo empresarial, las crisis son inevitables. Ya sea un problema operativo, un esc\u00e1ndalo medi\u00e1tico, o una emergencia inesperada, lo que define el futuro de tu empresa u organizaci\u00f3n no es la crisis en s\u00ed, sino c\u00f3mo la manejas. En este proceso, la comunicaci\u00f3n de crisis es el eje central para mantener la [&hellip;]\" \/>\n<meta property=\"og:url\" content=\"https:\/\/enfoquecomunicacionesec.com\/index.php\/2024\/11\/19\/la-importancia-de-la-comunicacion-en-tiempos-de-crisis-protege-la-reputacion-de-tu-empresa-u-organizacion\/\" \/>\n<meta property=\"og:site_name\" content=\"EnfoqueComunicaciones.ec\" \/>\n<meta property=\"article:publisher\" content=\"https:\/\/www.facebook.com\/enfoquecomunicacionesec\" \/>\n<meta property=\"article:author\" content=\"https:\/\/www.facebook.com\/enfoquecomunicacionesec\/\" \/>\n<meta property=\"article:published_time\" content=\"2024-11-19T15:00:00+00:00\" \/>\n<meta property=\"article:modified_time\" content=\"2024-11-15T00:57:35+00:00\" \/>\n<meta property=\"og:image\" content=\"https:\/\/enfoquecomunicacionesec.com\/wp-content\/uploads\/2024\/11\/Cronopost-Noviembre_Enfoque-Comunicaciones-9-1-1024x1024.png\" \/>\n<meta name=\"author\" content=\"enfoquecomunicacionesec.com\" \/>\n<meta name=\"twitter:card\" content=\"summary_large_image\" \/>\n<meta name=\"twitter:label1\" content=\"Escrito por\" \/>\n\t<meta name=\"twitter:data1\" content=\"enfoquecomunicacionesec.com\" \/>\n\t<meta name=\"twitter:label2\" content=\"Tiempo de lectura\" \/>\n\t<meta name=\"twitter:data2\" content=\"3 minutos\" \/>\n<script type=\"application\/ld+json\" class=\"yoast-schema-graph\">{\"@context\":\"https:\/\/schema.org\",\"@graph\":[{\"@type\":\"Article\",\"@id\":\"https:\/\/enfoquecomunicacionesec.com\/index.php\/2024\/11\/19\/la-importancia-de-la-comunicacion-en-tiempos-de-crisis-protege-la-reputacion-de-tu-empresa-u-organizacion\/#article\",\"isPartOf\":{\"@id\":\"https:\/\/enfoquecomunicacionesec.com\/index.php\/2024\/11\/19\/la-importancia-de-la-comunicacion-en-tiempos-de-crisis-protege-la-reputacion-de-tu-empresa-u-organizacion\/\"},\"author\":{\"name\":\"enfoquecomunicacionesec.com\",\"@id\":\"https:\/\/enfoquecomunicacionesec.com\/#\/schema\/person\/2b7ab7f9f7be7fa65c396efa3876a786\"},\"headline\":\"La Importancia de la Comunicaci\u00f3n en Tiempos de Crisis: Protege la Reputaci\u00f3n de tu Empresa u organizaci\u00f3n\",\"datePublished\":\"2024-11-19T15:00:00+00:00\",\"dateModified\":\"2024-11-15T00:57:35+00:00\",\"mainEntityOfPage\":{\"@id\":\"https:\/\/enfoquecomunicacionesec.com\/index.php\/2024\/11\/19\/la-importancia-de-la-comunicacion-en-tiempos-de-crisis-protege-la-reputacion-de-tu-empresa-u-organizacion\/\"},\"wordCount\":467,\"commentCount\":0,\"publisher\":{\"@id\":\"https:\/\/enfoquecomunicacionesec.com\/#organization\"},\"keywords\":[\"#Comunicacion\",\"#Crisis\",\"#EnfoqueComunicacionesEC\",\"#Focustelocuenta\"],\"articleSection\":[\"Blog\"],\"inLanguage\":\"es\",\"potentialAction\":[{\"@type\":\"CommentAction\",\"name\":\"Comment\",\"target\":[\"https:\/\/enfoquecomunicacionesec.com\/index.php\/2024\/11\/19\/la-importancia-de-la-comunicacion-en-tiempos-de-crisis-protege-la-reputacion-de-tu-empresa-u-organizacion\/#respond\"]}]},{\"@type\":\"WebPage\",\"@id\":\"https:\/\/enfoquecomunicacionesec.com\/index.php\/2024\/11\/19\/la-importancia-de-la-comunicacion-en-tiempos-de-crisis-protege-la-reputacion-de-tu-empresa-u-organizacion\/\",\"url\":\"https:\/\/enfoquecomunicacionesec.com\/index.php\/2024\/11\/19\/la-importancia-de-la-comunicacion-en-tiempos-de-crisis-protege-la-reputacion-de-tu-empresa-u-organizacion\/\",\"name\":\"La Importancia de la Comunicaci\u00f3n en Tiempos de Crisis: Protege la Reputaci\u00f3n de tu Empresa u organizaci\u00f3n - EnfoqueComunicaciones.ec\",\"isPartOf\":{\"@id\":\"https:\/\/enfoquecomunicacionesec.com\/#website\"},\"datePublished\":\"2024-11-19T15:00:00+00:00\",\"dateModified\":\"2024-11-15T00:57:35+00:00\",\"breadcrumb\":{\"@id\":\"https:\/\/enfoquecomunicacionesec.com\/index.php\/2024\/11\/19\/la-importancia-de-la-comunicacion-en-tiempos-de-crisis-protege-la-reputacion-de-tu-empresa-u-organizacion\/#breadcrumb\"},\"inLanguage\":\"es\",\"potentialAction\":[{\"@type\":\"ReadAction\",\"target\":[\"https:\/\/enfoquecomunicacionesec.com\/index.php\/2024\/11\/19\/la-importancia-de-la-comunicacion-en-tiempos-de-crisis-protege-la-reputacion-de-tu-empresa-u-organizacion\/\"]}]},{\"@type\":\"BreadcrumbList\",\"@id\":\"https:\/\/enfoquecomunicacionesec.com\/index.php\/2024\/11\/19\/la-importancia-de-la-comunicacion-en-tiempos-de-crisis-protege-la-reputacion-de-tu-empresa-u-organizacion\/#breadcrumb\",\"itemListElement\":[{\"@type\":\"ListItem\",\"position\":1,\"name\":\"Portada\",\"item\":\"https:\/\/enfoquecomunicacionesec.com\/\"},{\"@type\":\"ListItem\",\"position\":2,\"name\":\"La Importancia de la Comunicaci\u00f3n en Tiempos de Crisis: Protege la Reputaci\u00f3n de tu Empresa u organizaci\u00f3n\"}]},{\"@type\":\"WebSite\",\"@id\":\"https:\/\/enfoquecomunicacionesec.com\/#website\",\"url\":\"https:\/\/enfoquecomunicacionesec.com\/\",\"name\":\"EnfoqueComunicaciones.ec\",\"description\":\"\",\"publisher\":{\"@id\":\"https:\/\/enfoquecomunicacionesec.com\/#organization\"},\"potentialAction\":[{\"@type\":\"SearchAction\",\"target\":{\"@type\":\"EntryPoint\",\"urlTemplate\":\"https:\/\/enfoquecomunicacionesec.com\/?s={search_term_string}\"},\"query-input\":\"required name=search_term_string\"}],\"inLanguage\":\"es\"},{\"@type\":\"Organization\",\"@id\":\"https:\/\/enfoquecomunicacionesec.com\/#organization\",\"name\":\"EnfoqueComunicaciones.ec\",\"url\":\"https:\/\/enfoquecomunicacionesec.com\/\",\"logo\":{\"@type\":\"ImageObject\",\"inLanguage\":\"es\",\"@id\":\"https:\/\/enfoquecomunicacionesec.com\/#\/schema\/logo\/image\/\",\"url\":\"http:\/\/enfoquecomunicacionesec.com\/wp-content\/uploads\/2023\/09\/cropped-LOGO-ENFOQUE-1.png\",\"contentUrl\":\"http:\/\/enfoquecomunicacionesec.com\/wp-content\/uploads\/2023\/09\/cropped-LOGO-ENFOQUE-1.png\",\"width\":512,\"height\":512,\"caption\":\"EnfoqueComunicaciones.ec\"},\"image\":{\"@id\":\"https:\/\/enfoquecomunicacionesec.com\/#\/schema\/logo\/image\/\"},\"sameAs\":[\"https:\/\/www.facebook.com\/enfoquecomunicacionesec\",\"https:\/\/www.instagram.com\/enfoque.comunicaciones\/\",\"https:\/\/www.linkedin.com\/in\/enfoque-comunicaciones-ec-0ba5a424b\/\"]},{\"@type\":\"Person\",\"@id\":\"https:\/\/enfoquecomunicacionesec.com\/#\/schema\/person\/2b7ab7f9f7be7fa65c396efa3876a786\",\"name\":\"enfoquecomunicacionesec.com\",\"image\":{\"@type\":\"ImageObject\",\"inLanguage\":\"es\",\"@id\":\"https:\/\/enfoquecomunicacionesec.com\/#\/schema\/person\/image\/\",\"url\":\"https:\/\/secure.gravatar.com\/avatar\/cc08e6fde57d62cfc05ab2281442cfaaf53a21aedf183ff95293b1c45e85127a?s=96&d=mm&r=g\",\"contentUrl\":\"https:\/\/secure.gravatar.com\/avatar\/cc08e6fde57d62cfc05ab2281442cfaaf53a21aedf183ff95293b1c45e85127a?s=96&d=mm&r=g\",\"caption\":\"enfoquecomunicacionesec.com\"},\"sameAs\":[\"http:\/\/enfoquecomunicacionesec.com\",\"https:\/\/www.facebook.com\/enfoquecomunicacionesec\/\",\"https:\/\/www.instagram.com\/enfoque.comunicaciones_mkt\/\",\"https:\/\/www.linkedin.com\/in\/enfoque-comunicaciones-ec-0ba5a424b\/\"],\"url\":\"https:\/\/enfoquecomunicacionesec.com\/index.php\/author\/enfoquecomunicacionesec-com\/\"}]}<\/script>\n<!-- \/ Yoast SEO plugin. -->","yoast_head_json":{"title":"La Importancia de la Comunicaci\u00f3n en Tiempos de Crisis: Protege la Reputaci\u00f3n de tu Empresa u organizaci\u00f3n - EnfoqueComunicaciones.ec","robots":{"index":"index","follow":"follow","max-snippet":"max-snippet:-1","max-image-preview":"max-image-preview:large","max-video-preview":"max-video-preview:-1"},"canonical":"https:\/\/enfoquecomunicacionesec.com\/index.php\/2024\/11\/19\/la-importancia-de-la-comunicacion-en-tiempos-de-crisis-protege-la-reputacion-de-tu-empresa-u-organizacion\/","og_locale":"es_ES","og_type":"article","og_title":"La Importancia de la Comunicaci\u00f3n en Tiempos de Crisis: Protege la Reputaci\u00f3n de tu Empresa u organizaci\u00f3n - EnfoqueComunicaciones.ec","og_description":"En el din\u00e1mico mundo empresarial, las crisis son inevitables. Ya sea un problema operativo, un esc\u00e1ndalo medi\u00e1tico, o una emergencia inesperada, lo que define el futuro de tu empresa u organizaci\u00f3n no es la crisis en s\u00ed, sino c\u00f3mo la manejas. En este proceso, la comunicaci\u00f3n de crisis es el eje central para mantener la [&hellip;]","og_url":"https:\/\/enfoquecomunicacionesec.com\/index.php\/2024\/11\/19\/la-importancia-de-la-comunicacion-en-tiempos-de-crisis-protege-la-reputacion-de-tu-empresa-u-organizacion\/","og_site_name":"EnfoqueComunicaciones.ec","article_publisher":"https:\/\/www.facebook.com\/enfoquecomunicacionesec","article_author":"https:\/\/www.facebook.com\/enfoquecomunicacionesec\/","article_published_time":"2024-11-19T15:00:00+00:00","article_modified_time":"2024-11-15T00:57:35+00:00","og_image":[{"url":"https:\/\/enfoquecomunicacionesec.com\/wp-content\/uploads\/2024\/11\/Cronopost-Noviembre_Enfoque-Comunicaciones-9-1-1024x1024.png"}],"author":"enfoquecomunicacionesec.com","twitter_card":"summary_large_image","twitter_misc":{"Escrito por":"enfoquecomunicacionesec.com","Tiempo de lectura":"3 minutos"},"schema":{"@context":"https:\/\/schema.org","@graph":[{"@type":"Article","@id":"https:\/\/enfoquecomunicacionesec.com\/index.php\/2024\/11\/19\/la-importancia-de-la-comunicacion-en-tiempos-de-crisis-protege-la-reputacion-de-tu-empresa-u-organizacion\/#article","isPartOf":{"@id":"https:\/\/enfoquecomunicacionesec.com\/index.php\/2024\/11\/19\/la-importancia-de-la-comunicacion-en-tiempos-de-crisis-protege-la-reputacion-de-tu-empresa-u-organizacion\/"},"author":{"name":"enfoquecomunicacionesec.com","@id":"https:\/\/enfoquecomunicacionesec.com\/#\/schema\/person\/2b7ab7f9f7be7fa65c396efa3876a786"},"headline":"La Importancia de la Comunicaci\u00f3n en Tiempos de Crisis: Protege la Reputaci\u00f3n de tu Empresa u organizaci\u00f3n","datePublished":"2024-11-19T15:00:00+00:00","dateModified":"2024-11-15T00:57:35+00:00","mainEntityOfPage":{"@id":"https:\/\/enfoquecomunicacionesec.com\/index.php\/2024\/11\/19\/la-importancia-de-la-comunicacion-en-tiempos-de-crisis-protege-la-reputacion-de-tu-empresa-u-organizacion\/"},"wordCount":467,"commentCount":0,"publisher":{"@id":"https:\/\/enfoquecomunicacionesec.com\/#organization"},"keywords":["#Comunicacion","#Crisis","#EnfoqueComunicacionesEC","#Focustelocuenta"],"articleSection":["Blog"],"inLanguage":"es","potentialAction":[{"@type":"CommentAction","name":"Comment","target":["https:\/\/enfoquecomunicacionesec.com\/index.php\/2024\/11\/19\/la-importancia-de-la-comunicacion-en-tiempos-de-crisis-protege-la-reputacion-de-tu-empresa-u-organizacion\/#respond"]}]},{"@type":"WebPage","@id":"https:\/\/enfoquecomunicacionesec.com\/index.php\/2024\/11\/19\/la-importancia-de-la-comunicacion-en-tiempos-de-crisis-protege-la-reputacion-de-tu-empresa-u-organizacion\/","url":"https:\/\/enfoquecomunicacionesec.com\/index.php\/2024\/11\/19\/la-importancia-de-la-comunicacion-en-tiempos-de-crisis-protege-la-reputacion-de-tu-empresa-u-organizacion\/","name":"La Importancia de la Comunicaci\u00f3n en Tiempos de Crisis: Protege la Reputaci\u00f3n de tu Empresa u organizaci\u00f3n - EnfoqueComunicaciones.ec","isPartOf":{"@id":"https:\/\/enfoquecomunicacionesec.com\/#website"},"datePublished":"2024-11-19T15:00:00+00:00","dateModified":"2024-11-15T00:57:35+00:00","breadcrumb":{"@id":"https:\/\/enfoquecomunicacionesec.com\/index.php\/2024\/11\/19\/la-importancia-de-la-comunicacion-en-tiempos-de-crisis-protege-la-reputacion-de-tu-empresa-u-organizacion\/#breadcrumb"},"inLanguage":"es","potentialAction":[{"@type":"ReadAction","target":["https:\/\/enfoquecomunicacionesec.com\/index.php\/2024\/11\/19\/la-importancia-de-la-comunicacion-en-tiempos-de-crisis-protege-la-reputacion-de-tu-empresa-u-organizacion\/"]}]},{"@type":"BreadcrumbList","@id":"https:\/\/enfoquecomunicacionesec.com\/index.php\/2024\/11\/19\/la-importancia-de-la-comunicacion-en-tiempos-de-crisis-protege-la-reputacion-de-tu-empresa-u-organizacion\/#breadcrumb","itemListElement":[{"@type":"ListItem","position":1,"name":"Portada","item":"https:\/\/enfoquecomunicacionesec.com\/"},{"@type":"ListItem","position":2,"name":"La Importancia de la Comunicaci\u00f3n en Tiempos de Crisis: Protege la Reputaci\u00f3n de tu Empresa u organizaci\u00f3n"}]},{"@type":"WebSite","@id":"https:\/\/enfoquecomunicacionesec.com\/#website","url":"https:\/\/enfoquecomunicacionesec.com\/","name":"EnfoqueComunicaciones.ec","description":"","publisher":{"@id":"https:\/\/enfoquecomunicacionesec.com\/#organization"},"potentialAction":[{"@type":"SearchAction","target":{"@type":"EntryPoint","urlTemplate":"https:\/\/enfoquecomunicacionesec.com\/?s={search_term_string}"},"query-input":"required name=search_term_string"}],"inLanguage":"es"},{"@type":"Organization","@id":"https:\/\/enfoquecomunicacionesec.com\/#organization","name":"EnfoqueComunicaciones.ec","url":"https:\/\/enfoquecomunicacionesec.com\/","logo":{"@type":"ImageObject","inLanguage":"es","@id":"https:\/\/enfoquecomunicacionesec.com\/#\/schema\/logo\/image\/","url":"http:\/\/enfoquecomunicacionesec.com\/wp-content\/uploads\/2023\/09\/cropped-LOGO-ENFOQUE-1.png","contentUrl":"http:\/\/enfoquecomunicacionesec.com\/wp-content\/uploads\/2023\/09\/cropped-LOGO-ENFOQUE-1.png","width":512,"height":512,"caption":"EnfoqueComunicaciones.ec"},"image":{"@id":"https:\/\/enfoquecomunicacionesec.com\/#\/schema\/logo\/image\/"},"sameAs":["https:\/\/www.facebook.com\/enfoquecomunicacionesec","https:\/\/www.instagram.com\/enfoque.comunicaciones\/","https:\/\/www.linkedin.com\/in\/enfoque-comunicaciones-ec-0ba5a424b\/"]},{"@type":"Person","@id":"https:\/\/enfoquecomunicacionesec.com\/#\/schema\/person\/2b7ab7f9f7be7fa65c396efa3876a786","name":"enfoquecomunicacionesec.com","image":{"@type":"ImageObject","inLanguage":"es","@id":"https:\/\/enfoquecomunicacionesec.com\/#\/schema\/person\/image\/","url":"https:\/\/secure.gravatar.com\/avatar\/cc08e6fde57d62cfc05ab2281442cfaaf53a21aedf183ff95293b1c45e85127a?s=96&d=mm&r=g","contentUrl":"https:\/\/secure.gravatar.com\/avatar\/cc08e6fde57d62cfc05ab2281442cfaaf53a21aedf183ff95293b1c45e85127a?s=96&d=mm&r=g","caption":"enfoquecomunicacionesec.com"},"sameAs":["http:\/\/enfoquecomunicacionesec.com","https:\/\/www.facebook.com\/enfoquecomunicacionesec\/","https:\/\/www.instagram.com\/enfoque.comunicaciones_mkt\/","https:\/\/www.linkedin.com\/in\/enfoque-comunicaciones-ec-0ba5a424b\/"],"url":"https:\/\/enfoquecomunicacionesec.com\/index.php\/author\/enfoquecomunicacionesec-com\/"}]}},"_links":{"self":[{"href":"https:\/\/enfoquecomunicacionesec.com\/index.php\/wp-json\/wp\/v2\/posts\/767","targetHints":{"allow":["GET"]}}],"collection":[{"href":"https:\/\/enfoquecomunicacionesec.com\/index.php\/wp-json\/wp\/v2\/posts"}],"about":[{"href":"https:\/\/enfoquecomunicacionesec.com\/index.php\/wp-json\/wp\/v2\/types\/post"}],"author":[{"embeddable":true,"href":"https:\/\/enfoquecomunicacionesec.com\/index.php\/wp-json\/wp\/v2\/users\/1"}],"replies":[{"embeddable":true,"href":"https:\/\/enfoquecomunicacionesec.com\/index.php\/wp-json\/wp\/v2\/comments?post=767"}],"version-history":[{"count":3,"href":"https:\/\/enfoquecomunicacionesec.com\/index.php\/wp-json\/wp\/v2\/posts\/767\/revisions"}],"predecessor-version":[{"id":772,"href":"https:\/\/enfoquecomunicacionesec.com\/index.php\/wp-json\/wp\/v2\/posts\/767\/revisions\/772"}],"wp:attachment":[{"href":"https:\/\/enfoquecomunicacionesec.com\/index.php\/wp-json\/wp\/v2\/media?parent=767"}],"wp:term":[{"taxonomy":"category","embeddable":true,"href":"https:\/\/enfoquecomunicacionesec.com\/index.php\/wp-json\/wp\/v2\/categories?post=767"},{"taxonomy":"post_tag","embeddable":true,"href":"https:\/\/enfoquecomunicacionesec.com\/index.php\/wp-json\/wp\/v2\/tags?post=767"}],"curies":[{"name":"wp","href":"https:\/\/api.w.org\/{rel}","templated":true}]}}