{"id":773,"date":"2024-11-22T17:57:13","date_gmt":"2024-11-22T22:57:13","guid":{"rendered":"https:\/\/enfoquecomunicacionesec.com\/?p=773"},"modified":"2024-11-22T17:57:13","modified_gmt":"2024-11-22T22:57:13","slug":"por-tercera-vez-en-quito-amuzi-cirque-presenta-un-espectaculo-navideno-para-reconectar-con-el-verdadero-espiritu-de-las-fiestas","status":"publish","type":"post","link":"https:\/\/enfoquecomunicacionesec.com\/index.php\/2024\/11\/22\/por-tercera-vez-en-quito-amuzi-cirque-presenta-un-espectaculo-navideno-para-reconectar-con-el-verdadero-espiritu-de-las-fiestas\/","title":{"rendered":"Por tercera vez en Quito: Amuzi Cirque presenta un espect\u00e1culo navide\u00f1o para reconectar con el verdadero esp\u00edritu de las fiestas"},"content":{"rendered":"\n<p class=\"has-text-align-center\">Inspirados por la creciente presi\u00f3n emocional que muchas personas experimentan en esta temporada de fiestas, con estad\u00edsticas alarmantes sobre el aumento de suicidios en estos meses, Amuzi Cirque, reconocido por sus espect\u00e1culos de circo contempor\u00e1neo, presenta este a\u00f1o su obra \u201cM\u00e1gica Navidad\u201c, como una alternativa para llegar a las personas con un mensaje art\u00edstico y entretenido sobre la importancia de vivir las fiestas de una forma m\u00e1s consciente donde el compartir sea nuestro centro de celebraci\u00f3n.<\/p>\n\n\n\n<div style=\"height:29px\" aria-hidden=\"true\" class=\"wp-block-spacer\"><\/div>\n\n\n\n<p class=\"has-text-align-center\">Este espect\u00e1culo \u00fanico se presentar\u00e1 en el Teatro San Gabriel el 10 de noviembre a las 15h00 y a las 18h00. \u00a0El objetivo es ofrecer una experiencia diferente que combina magia, acrobacia, danza, contorsionismo, malabares, m\u00fasica en vivo y actuaci\u00f3n al estilo Circo del sol, con un mensaje significativo y de influencia social.<\/p>\n\n\n\n<hr class=\"wp-block-separator has-alpha-channel-opacity\"\/>\n\n\n\n<p class=\"has-text-align-center\">En paralelo al espect\u00e1culo, Amuzi Cirque ha lanzado una campa\u00f1a educativa en colegios, de la mano de su personaje \u201cGrinch\u201d, que anima a los ni\u00f1os y adolescentes a vivir esta temporada con autenticidad, sin dejarse afectar por la aparente perfecci\u00f3n que muestran las redes sociales y que consumimos cotidianamente. La campa\u00f1a aborda la presi\u00f3n emocional que muchos sienten durante las fiestas, a menudo influenciada por expectativas poco realistas frente a la felicidad idealizada en redes sociales. Esta problem\u00e1tica se refleja en el preocupante aumento de suicidios en la \u00e9poca de Navidad y A\u00f1o Nuevo especialmente, una tendencia que exige m\u00e1s atenci\u00f3n y cuidado sobre todo en ni\u00f1os y adolescentes.<\/p>\n\n\n\n<figure class=\"wp-block-image size-large\"><img loading=\"lazy\" decoding=\"async\" width=\"1024\" height=\"1024\" src=\"https:\/\/enfoquecomunicacionesec.com\/wp-content\/uploads\/2024\/11\/WhatsApp-Image-2024-11-22-at-16.43.55-1-1024x1024.jpeg\" alt=\"\" class=\"wp-image-774\" srcset=\"https:\/\/enfoquecomunicacionesec.com\/wp-content\/uploads\/2024\/11\/WhatsApp-Image-2024-11-22-at-16.43.55-1-1024x1024.jpeg 1024w, https:\/\/enfoquecomunicacionesec.com\/wp-content\/uploads\/2024\/11\/WhatsApp-Image-2024-11-22-at-16.43.55-1-300x300.jpeg 300w, https:\/\/enfoquecomunicacionesec.com\/wp-content\/uploads\/2024\/11\/WhatsApp-Image-2024-11-22-at-16.43.55-1-150x150.jpeg 150w, https:\/\/enfoquecomunicacionesec.com\/wp-content\/uploads\/2024\/11\/WhatsApp-Image-2024-11-22-at-16.43.55-1-768x768.jpeg 768w, https:\/\/enfoquecomunicacionesec.com\/wp-content\/uploads\/2024\/11\/WhatsApp-Image-2024-11-22-at-16.43.55-1.jpeg 1080w\" sizes=\"auto, (max-width: 1024px) 100vw, 1024px\" \/><\/figure>\n\n\n\n<hr class=\"wp-block-separator has-alpha-channel-opacity\"\/>\n\n\n\n<p class=\"has-text-align-center\">La obra cuenta con un elenco de destacados artistas de Amuzi Cirque, entre ellos Keily Villacr\u00e9s, una talentosa joven de 13 a\u00f1os que protagoniza el espect\u00e1culo y ha despertado un liderazgo en el arte de la actuaci\u00f3n, acompa\u00f1ada por Mauricio Ortega, reconocido por su personaje \u201cT\u00eda Charo\u201d, Maicol Mora Grijalva (EnchufeTV), junto con importantes directores como Anderson Altuve Mendoza y Frank Morales. El elenco promete llevar al p\u00fablico a una experiencia conmovedora y transformadora.<\/p>\n\n\n\n<div style=\"height:29px\" aria-hidden=\"true\" class=\"wp-block-spacer\"><\/div>\n\n\n\n<p class=\"has-text-align-center\">Alejandra Castillo Machado, productora ejecutiva de Amuzi Cirque, coment\u00f3: \u201cNuestro objetivo con esta obra navide\u00f1a es ofrecer una experiencia que reconecte a las familias, que inspire un momento de conversaci\u00f3n alejado de los tel\u00e9fonos celulares y las expectativas comerciales que hay detr\u00e1s de la navidad, que las personas vuelvan al teatro y se maravillen de la disciplina de la gente viva. Queremos que los ni\u00f1os y sus familias encuentren en el circo una alternativa sana y significativa para celebrar\u201d.<\/p>\n","protected":false},"excerpt":{"rendered":"<p>Inspirados por la creciente presi\u00f3n emocional que muchas personas experimentan en esta temporada de fiestas, con estad\u00edsticas alarmantes sobre el aumento de suicidios en estos meses, Amuzi Cirque, reconocido por sus espect\u00e1culos de circo contempor\u00e1neo, presenta este a\u00f1o su obra \u201cM\u00e1gica Navidad\u201c, como una alternativa para llegar a las personas con un mensaje art\u00edstico y [&hellip;]<\/p>\n","protected":false},"author":1,"featured_media":0,"comment_status":"open","ping_status":"open","sticky":false,"template":"","format":"standard","meta":{"footnotes":""},"categories":[1],"tags":[10,15],"class_list":["post-773","post","type-post","status-publish","format-standard","hentry","category-blog","tag-evento","tag-focus-en-accion"],"yoast_head":"<!-- This site is optimized with the Yoast SEO plugin v21.5 - https:\/\/yoast.com\/wordpress\/plugins\/seo\/ -->\n<title>Por tercera vez en Quito: Amuzi Cirque presenta un espect\u00e1culo navide\u00f1o para reconectar con el verdadero esp\u00edritu de las fiestas - EnfoqueComunicaciones.ec<\/title>\n<meta name=\"robots\" content=\"index, follow, max-snippet:-1, max-image-preview:large, max-video-preview:-1\" \/>\n<link rel=\"canonical\" href=\"https:\/\/enfoquecomunicacionesec.com\/index.php\/2024\/11\/22\/por-tercera-vez-en-quito-amuzi-cirque-presenta-un-espectaculo-navideno-para-reconectar-con-el-verdadero-espiritu-de-las-fiestas\/\" \/>\n<meta property=\"og:locale\" content=\"es_ES\" \/>\n<meta property=\"og:type\" content=\"article\" \/>\n<meta property=\"og:title\" content=\"Por tercera vez en Quito: Amuzi Cirque presenta un espect\u00e1culo navide\u00f1o para reconectar con el verdadero esp\u00edritu de las fiestas - EnfoqueComunicaciones.ec\" \/>\n<meta property=\"og:description\" content=\"Inspirados por la creciente presi\u00f3n emocional que muchas personas experimentan en esta temporada de fiestas, con estad\u00edsticas alarmantes sobre el aumento de suicidios en estos meses, Amuzi Cirque, reconocido por sus espect\u00e1culos de circo contempor\u00e1neo, presenta este a\u00f1o su obra \u201cM\u00e1gica Navidad\u201c, como una alternativa para llegar a las personas con un mensaje art\u00edstico y [&hellip;]\" \/>\n<meta property=\"og:url\" content=\"https:\/\/enfoquecomunicacionesec.com\/index.php\/2024\/11\/22\/por-tercera-vez-en-quito-amuzi-cirque-presenta-un-espectaculo-navideno-para-reconectar-con-el-verdadero-espiritu-de-las-fiestas\/\" \/>\n<meta property=\"og:site_name\" content=\"EnfoqueComunicaciones.ec\" \/>\n<meta property=\"article:publisher\" content=\"https:\/\/www.facebook.com\/enfoquecomunicacionesec\" \/>\n<meta property=\"article:author\" content=\"https:\/\/www.facebook.com\/enfoquecomunicacionesec\/\" \/>\n<meta property=\"article:published_time\" content=\"2024-11-22T22:57:13+00:00\" \/>\n<meta property=\"og:image\" content=\"https:\/\/enfoquecomunicacionesec.com\/wp-content\/uploads\/2024\/11\/WhatsApp-Image-2024-11-22-at-16.43.55-1-1024x1024.jpeg\" \/>\n<meta name=\"author\" content=\"enfoquecomunicacionesec.com\" \/>\n<meta name=\"twitter:card\" content=\"summary_large_image\" \/>\n<meta name=\"twitter:label1\" content=\"Escrito por\" \/>\n\t<meta name=\"twitter:data1\" content=\"enfoquecomunicacionesec.com\" \/>\n\t<meta name=\"twitter:label2\" content=\"Tiempo de lectura\" \/>\n\t<meta name=\"twitter:data2\" content=\"2 minutos\" \/>\n<script type=\"application\/ld+json\" class=\"yoast-schema-graph\">{\"@context\":\"https:\/\/schema.org\",\"@graph\":[{\"@type\":\"Article\",\"@id\":\"https:\/\/enfoquecomunicacionesec.com\/index.php\/2024\/11\/22\/por-tercera-vez-en-quito-amuzi-cirque-presenta-un-espectaculo-navideno-para-reconectar-con-el-verdadero-espiritu-de-las-fiestas\/#article\",\"isPartOf\":{\"@id\":\"https:\/\/enfoquecomunicacionesec.com\/index.php\/2024\/11\/22\/por-tercera-vez-en-quito-amuzi-cirque-presenta-un-espectaculo-navideno-para-reconectar-con-el-verdadero-espiritu-de-las-fiestas\/\"},\"author\":{\"name\":\"enfoquecomunicacionesec.com\",\"@id\":\"https:\/\/enfoquecomunicacionesec.com\/#\/schema\/person\/2b7ab7f9f7be7fa65c396efa3876a786\"},\"headline\":\"Por tercera vez en Quito: Amuzi Cirque presenta un espect\u00e1culo navide\u00f1o para reconectar con el verdadero esp\u00edritu de las fiestas\",\"datePublished\":\"2024-11-22T22:57:13+00:00\",\"dateModified\":\"2024-11-22T22:57:13+00:00\",\"mainEntityOfPage\":{\"@id\":\"https:\/\/enfoquecomunicacionesec.com\/index.php\/2024\/11\/22\/por-tercera-vez-en-quito-amuzi-cirque-presenta-un-espectaculo-navideno-para-reconectar-con-el-verdadero-espiritu-de-las-fiestas\/\"},\"wordCount\":447,\"commentCount\":0,\"publisher\":{\"@id\":\"https:\/\/enfoquecomunicacionesec.com\/#organization\"},\"keywords\":[\"Evento\",\"Focus en accion\"],\"articleSection\":[\"Blog\"],\"inLanguage\":\"es\",\"potentialAction\":[{\"@type\":\"CommentAction\",\"name\":\"Comment\",\"target\":[\"https:\/\/enfoquecomunicacionesec.com\/index.php\/2024\/11\/22\/por-tercera-vez-en-quito-amuzi-cirque-presenta-un-espectaculo-navideno-para-reconectar-con-el-verdadero-espiritu-de-las-fiestas\/#respond\"]}]},{\"@type\":\"WebPage\",\"@id\":\"https:\/\/enfoquecomunicacionesec.com\/index.php\/2024\/11\/22\/por-tercera-vez-en-quito-amuzi-cirque-presenta-un-espectaculo-navideno-para-reconectar-con-el-verdadero-espiritu-de-las-fiestas\/\",\"url\":\"https:\/\/enfoquecomunicacionesec.com\/index.php\/2024\/11\/22\/por-tercera-vez-en-quito-amuzi-cirque-presenta-un-espectaculo-navideno-para-reconectar-con-el-verdadero-espiritu-de-las-fiestas\/\",\"name\":\"Por tercera vez en Quito: Amuzi Cirque presenta un espect\u00e1culo navide\u00f1o para reconectar con el verdadero esp\u00edritu de las fiestas - EnfoqueComunicaciones.ec\",\"isPartOf\":{\"@id\":\"https:\/\/enfoquecomunicacionesec.com\/#website\"},\"datePublished\":\"2024-11-22T22:57:13+00:00\",\"dateModified\":\"2024-11-22T22:57:13+00:00\",\"breadcrumb\":{\"@id\":\"https:\/\/enfoquecomunicacionesec.com\/index.php\/2024\/11\/22\/por-tercera-vez-en-quito-amuzi-cirque-presenta-un-espectaculo-navideno-para-reconectar-con-el-verdadero-espiritu-de-las-fiestas\/#breadcrumb\"},\"inLanguage\":\"es\",\"potentialAction\":[{\"@type\":\"ReadAction\",\"target\":[\"https:\/\/enfoquecomunicacionesec.com\/index.php\/2024\/11\/22\/por-tercera-vez-en-quito-amuzi-cirque-presenta-un-espectaculo-navideno-para-reconectar-con-el-verdadero-espiritu-de-las-fiestas\/\"]}]},{\"@type\":\"BreadcrumbList\",\"@id\":\"https:\/\/enfoquecomunicacionesec.com\/index.php\/2024\/11\/22\/por-tercera-vez-en-quito-amuzi-cirque-presenta-un-espectaculo-navideno-para-reconectar-con-el-verdadero-espiritu-de-las-fiestas\/#breadcrumb\",\"itemListElement\":[{\"@type\":\"ListItem\",\"position\":1,\"name\":\"Portada\",\"item\":\"https:\/\/enfoquecomunicacionesec.com\/\"},{\"@type\":\"ListItem\",\"position\":2,\"name\":\"Por tercera vez en Quito: Amuzi Cirque presenta un espect\u00e1culo navide\u00f1o para reconectar con el verdadero esp\u00edritu de las fiestas\"}]},{\"@type\":\"WebSite\",\"@id\":\"https:\/\/enfoquecomunicacionesec.com\/#website\",\"url\":\"https:\/\/enfoquecomunicacionesec.com\/\",\"name\":\"EnfoqueComunicaciones.ec\",\"description\":\"\",\"publisher\":{\"@id\":\"https:\/\/enfoquecomunicacionesec.com\/#organization\"},\"potentialAction\":[{\"@type\":\"SearchAction\",\"target\":{\"@type\":\"EntryPoint\",\"urlTemplate\":\"https:\/\/enfoquecomunicacionesec.com\/?s={search_term_string}\"},\"query-input\":\"required name=search_term_string\"}],\"inLanguage\":\"es\"},{\"@type\":\"Organization\",\"@id\":\"https:\/\/enfoquecomunicacionesec.com\/#organization\",\"name\":\"EnfoqueComunicaciones.ec\",\"url\":\"https:\/\/enfoquecomunicacionesec.com\/\",\"logo\":{\"@type\":\"ImageObject\",\"inLanguage\":\"es\",\"@id\":\"https:\/\/enfoquecomunicacionesec.com\/#\/schema\/logo\/image\/\",\"url\":\"http:\/\/enfoquecomunicacionesec.com\/wp-content\/uploads\/2023\/09\/cropped-LOGO-ENFOQUE-1.png\",\"contentUrl\":\"http:\/\/enfoquecomunicacionesec.com\/wp-content\/uploads\/2023\/09\/cropped-LOGO-ENFOQUE-1.png\",\"width\":512,\"height\":512,\"caption\":\"EnfoqueComunicaciones.ec\"},\"image\":{\"@id\":\"https:\/\/enfoquecomunicacionesec.com\/#\/schema\/logo\/image\/\"},\"sameAs\":[\"https:\/\/www.facebook.com\/enfoquecomunicacionesec\",\"https:\/\/www.instagram.com\/enfoque.comunicaciones\/\",\"https:\/\/www.linkedin.com\/in\/enfoque-comunicaciones-ec-0ba5a424b\/\"]},{\"@type\":\"Person\",\"@id\":\"https:\/\/enfoquecomunicacionesec.com\/#\/schema\/person\/2b7ab7f9f7be7fa65c396efa3876a786\",\"name\":\"enfoquecomunicacionesec.com\",\"image\":{\"@type\":\"ImageObject\",\"inLanguage\":\"es\",\"@id\":\"https:\/\/enfoquecomunicacionesec.com\/#\/schema\/person\/image\/\",\"url\":\"https:\/\/secure.gravatar.com\/avatar\/cc08e6fde57d62cfc05ab2281442cfaaf53a21aedf183ff95293b1c45e85127a?s=96&d=mm&r=g\",\"contentUrl\":\"https:\/\/secure.gravatar.com\/avatar\/cc08e6fde57d62cfc05ab2281442cfaaf53a21aedf183ff95293b1c45e85127a?s=96&d=mm&r=g\",\"caption\":\"enfoquecomunicacionesec.com\"},\"sameAs\":[\"http:\/\/enfoquecomunicacionesec.com\",\"https:\/\/www.facebook.com\/enfoquecomunicacionesec\/\",\"https:\/\/www.instagram.com\/enfoque.comunicaciones_mkt\/\",\"https:\/\/www.linkedin.com\/in\/enfoque-comunicaciones-ec-0ba5a424b\/\"],\"url\":\"https:\/\/enfoquecomunicacionesec.com\/index.php\/author\/enfoquecomunicacionesec-com\/\"}]}<\/script>\n<!-- \/ Yoast SEO plugin. -->","yoast_head_json":{"title":"Por tercera vez en Quito: Amuzi Cirque presenta un espect\u00e1culo navide\u00f1o para reconectar con el verdadero esp\u00edritu de las fiestas - EnfoqueComunicaciones.ec","robots":{"index":"index","follow":"follow","max-snippet":"max-snippet:-1","max-image-preview":"max-image-preview:large","max-video-preview":"max-video-preview:-1"},"canonical":"https:\/\/enfoquecomunicacionesec.com\/index.php\/2024\/11\/22\/por-tercera-vez-en-quito-amuzi-cirque-presenta-un-espectaculo-navideno-para-reconectar-con-el-verdadero-espiritu-de-las-fiestas\/","og_locale":"es_ES","og_type":"article","og_title":"Por tercera vez en Quito: Amuzi Cirque presenta un espect\u00e1culo navide\u00f1o para reconectar con el verdadero esp\u00edritu de las fiestas - EnfoqueComunicaciones.ec","og_description":"Inspirados por la creciente presi\u00f3n emocional que muchas personas experimentan en esta temporada de fiestas, con estad\u00edsticas alarmantes sobre el aumento de suicidios en estos meses, Amuzi Cirque, reconocido por sus espect\u00e1culos de circo contempor\u00e1neo, presenta este a\u00f1o su obra \u201cM\u00e1gica Navidad\u201c, como una alternativa para llegar a las personas con un mensaje art\u00edstico y [&hellip;]","og_url":"https:\/\/enfoquecomunicacionesec.com\/index.php\/2024\/11\/22\/por-tercera-vez-en-quito-amuzi-cirque-presenta-un-espectaculo-navideno-para-reconectar-con-el-verdadero-espiritu-de-las-fiestas\/","og_site_name":"EnfoqueComunicaciones.ec","article_publisher":"https:\/\/www.facebook.com\/enfoquecomunicacionesec","article_author":"https:\/\/www.facebook.com\/enfoquecomunicacionesec\/","article_published_time":"2024-11-22T22:57:13+00:00","og_image":[{"url":"https:\/\/enfoquecomunicacionesec.com\/wp-content\/uploads\/2024\/11\/WhatsApp-Image-2024-11-22-at-16.43.55-1-1024x1024.jpeg"}],"author":"enfoquecomunicacionesec.com","twitter_card":"summary_large_image","twitter_misc":{"Escrito por":"enfoquecomunicacionesec.com","Tiempo de lectura":"2 minutos"},"schema":{"@context":"https:\/\/schema.org","@graph":[{"@type":"Article","@id":"https:\/\/enfoquecomunicacionesec.com\/index.php\/2024\/11\/22\/por-tercera-vez-en-quito-amuzi-cirque-presenta-un-espectaculo-navideno-para-reconectar-con-el-verdadero-espiritu-de-las-fiestas\/#article","isPartOf":{"@id":"https:\/\/enfoquecomunicacionesec.com\/index.php\/2024\/11\/22\/por-tercera-vez-en-quito-amuzi-cirque-presenta-un-espectaculo-navideno-para-reconectar-con-el-verdadero-espiritu-de-las-fiestas\/"},"author":{"name":"enfoquecomunicacionesec.com","@id":"https:\/\/enfoquecomunicacionesec.com\/#\/schema\/person\/2b7ab7f9f7be7fa65c396efa3876a786"},"headline":"Por tercera vez en Quito: Amuzi Cirque presenta un espect\u00e1culo navide\u00f1o para reconectar con el verdadero esp\u00edritu de las fiestas","datePublished":"2024-11-22T22:57:13+00:00","dateModified":"2024-11-22T22:57:13+00:00","mainEntityOfPage":{"@id":"https:\/\/enfoquecomunicacionesec.com\/index.php\/2024\/11\/22\/por-tercera-vez-en-quito-amuzi-cirque-presenta-un-espectaculo-navideno-para-reconectar-con-el-verdadero-espiritu-de-las-fiestas\/"},"wordCount":447,"commentCount":0,"publisher":{"@id":"https:\/\/enfoquecomunicacionesec.com\/#organization"},"keywords":["Evento","Focus en accion"],"articleSection":["Blog"],"inLanguage":"es","potentialAction":[{"@type":"CommentAction","name":"Comment","target":["https:\/\/enfoquecomunicacionesec.com\/index.php\/2024\/11\/22\/por-tercera-vez-en-quito-amuzi-cirque-presenta-un-espectaculo-navideno-para-reconectar-con-el-verdadero-espiritu-de-las-fiestas\/#respond"]}]},{"@type":"WebPage","@id":"https:\/\/enfoquecomunicacionesec.com\/index.php\/2024\/11\/22\/por-tercera-vez-en-quito-amuzi-cirque-presenta-un-espectaculo-navideno-para-reconectar-con-el-verdadero-espiritu-de-las-fiestas\/","url":"https:\/\/enfoquecomunicacionesec.com\/index.php\/2024\/11\/22\/por-tercera-vez-en-quito-amuzi-cirque-presenta-un-espectaculo-navideno-para-reconectar-con-el-verdadero-espiritu-de-las-fiestas\/","name":"Por tercera vez en Quito: Amuzi Cirque presenta un espect\u00e1culo navide\u00f1o para reconectar con el verdadero esp\u00edritu de las fiestas - EnfoqueComunicaciones.ec","isPartOf":{"@id":"https:\/\/enfoquecomunicacionesec.com\/#website"},"datePublished":"2024-11-22T22:57:13+00:00","dateModified":"2024-11-22T22:57:13+00:00","breadcrumb":{"@id":"https:\/\/enfoquecomunicacionesec.com\/index.php\/2024\/11\/22\/por-tercera-vez-en-quito-amuzi-cirque-presenta-un-espectaculo-navideno-para-reconectar-con-el-verdadero-espiritu-de-las-fiestas\/#breadcrumb"},"inLanguage":"es","potentialAction":[{"@type":"ReadAction","target":["https:\/\/enfoquecomunicacionesec.com\/index.php\/2024\/11\/22\/por-tercera-vez-en-quito-amuzi-cirque-presenta-un-espectaculo-navideno-para-reconectar-con-el-verdadero-espiritu-de-las-fiestas\/"]}]},{"@type":"BreadcrumbList","@id":"https:\/\/enfoquecomunicacionesec.com\/index.php\/2024\/11\/22\/por-tercera-vez-en-quito-amuzi-cirque-presenta-un-espectaculo-navideno-para-reconectar-con-el-verdadero-espiritu-de-las-fiestas\/#breadcrumb","itemListElement":[{"@type":"ListItem","position":1,"name":"Portada","item":"https:\/\/enfoquecomunicacionesec.com\/"},{"@type":"ListItem","position":2,"name":"Por tercera vez en Quito: Amuzi Cirque presenta un espect\u00e1culo navide\u00f1o para reconectar con el verdadero esp\u00edritu de las fiestas"}]},{"@type":"WebSite","@id":"https:\/\/enfoquecomunicacionesec.com\/#website","url":"https:\/\/enfoquecomunicacionesec.com\/","name":"EnfoqueComunicaciones.ec","description":"","publisher":{"@id":"https:\/\/enfoquecomunicacionesec.com\/#organization"},"potentialAction":[{"@type":"SearchAction","target":{"@type":"EntryPoint","urlTemplate":"https:\/\/enfoquecomunicacionesec.com\/?s={search_term_string}"},"query-input":"required name=search_term_string"}],"inLanguage":"es"},{"@type":"Organization","@id":"https:\/\/enfoquecomunicacionesec.com\/#organization","name":"EnfoqueComunicaciones.ec","url":"https:\/\/enfoquecomunicacionesec.com\/","logo":{"@type":"ImageObject","inLanguage":"es","@id":"https:\/\/enfoquecomunicacionesec.com\/#\/schema\/logo\/image\/","url":"http:\/\/enfoquecomunicacionesec.com\/wp-content\/uploads\/2023\/09\/cropped-LOGO-ENFOQUE-1.png","contentUrl":"http:\/\/enfoquecomunicacionesec.com\/wp-content\/uploads\/2023\/09\/cropped-LOGO-ENFOQUE-1.png","width":512,"height":512,"caption":"EnfoqueComunicaciones.ec"},"image":{"@id":"https:\/\/enfoquecomunicacionesec.com\/#\/schema\/logo\/image\/"},"sameAs":["https:\/\/www.facebook.com\/enfoquecomunicacionesec","https:\/\/www.instagram.com\/enfoque.comunicaciones\/","https:\/\/www.linkedin.com\/in\/enfoque-comunicaciones-ec-0ba5a424b\/"]},{"@type":"Person","@id":"https:\/\/enfoquecomunicacionesec.com\/#\/schema\/person\/2b7ab7f9f7be7fa65c396efa3876a786","name":"enfoquecomunicacionesec.com","image":{"@type":"ImageObject","inLanguage":"es","@id":"https:\/\/enfoquecomunicacionesec.com\/#\/schema\/person\/image\/","url":"https:\/\/secure.gravatar.com\/avatar\/cc08e6fde57d62cfc05ab2281442cfaaf53a21aedf183ff95293b1c45e85127a?s=96&d=mm&r=g","contentUrl":"https:\/\/secure.gravatar.com\/avatar\/cc08e6fde57d62cfc05ab2281442cfaaf53a21aedf183ff95293b1c45e85127a?s=96&d=mm&r=g","caption":"enfoquecomunicacionesec.com"},"sameAs":["http:\/\/enfoquecomunicacionesec.com","https:\/\/www.facebook.com\/enfoquecomunicacionesec\/","https:\/\/www.instagram.com\/enfoque.comunicaciones_mkt\/","https:\/\/www.linkedin.com\/in\/enfoque-comunicaciones-ec-0ba5a424b\/"],"url":"https:\/\/enfoquecomunicacionesec.com\/index.php\/author\/enfoquecomunicacionesec-com\/"}]}},"_links":{"self":[{"href":"https:\/\/enfoquecomunicacionesec.com\/index.php\/wp-json\/wp\/v2\/posts\/773","targetHints":{"allow":["GET"]}}],"collection":[{"href":"https:\/\/enfoquecomunicacionesec.com\/index.php\/wp-json\/wp\/v2\/posts"}],"about":[{"href":"https:\/\/enfoquecomunicacionesec.com\/index.php\/wp-json\/wp\/v2\/types\/post"}],"author":[{"embeddable":true,"href":"https:\/\/enfoquecomunicacionesec.com\/index.php\/wp-json\/wp\/v2\/users\/1"}],"replies":[{"embeddable":true,"href":"https:\/\/enfoquecomunicacionesec.com\/index.php\/wp-json\/wp\/v2\/comments?post=773"}],"version-history":[{"count":3,"href":"https:\/\/enfoquecomunicacionesec.com\/index.php\/wp-json\/wp\/v2\/posts\/773\/revisions"}],"predecessor-version":[{"id":777,"href":"https:\/\/enfoquecomunicacionesec.com\/index.php\/wp-json\/wp\/v2\/posts\/773\/revisions\/777"}],"wp:attachment":[{"href":"https:\/\/enfoquecomunicacionesec.com\/index.php\/wp-json\/wp\/v2\/media?parent=773"}],"wp:term":[{"taxonomy":"category","embeddable":true,"href":"https:\/\/enfoquecomunicacionesec.com\/index.php\/wp-json\/wp\/v2\/categories?post=773"},{"taxonomy":"post_tag","embeddable":true,"href":"https:\/\/enfoquecomunicacionesec.com\/index.php\/wp-json\/wp\/v2\/tags?post=773"}],"curies":[{"name":"wp","href":"https:\/\/api.w.org\/{rel}","templated":true}]}}