{"id":778,"date":"2024-11-25T16:24:47","date_gmt":"2024-11-25T21:24:47","guid":{"rendered":"https:\/\/enfoquecomunicacionesec.com\/?p=778"},"modified":"2024-11-25T16:24:47","modified_gmt":"2024-11-25T21:24:47","slug":"enfoque-comunicaciones-presente-en-el-evento-de-byd-innovacion-y-sostenibilidad-en-el-song-plus","status":"publish","type":"post","link":"https:\/\/enfoquecomunicacionesec.com\/index.php\/2024\/11\/25\/enfoque-comunicaciones-presente-en-el-evento-de-byd-innovacion-y-sostenibilidad-en-el-song-plus\/","title":{"rendered":"Enfoque Comunicaciones presente en el evento de BYD: Innovaci\u00f3n y sostenibilidad en el Song Plus"},"content":{"rendered":"\n<figure class=\"wp-block-image size-large\"><img loading=\"lazy\" decoding=\"async\" width=\"1024\" height=\"768\" src=\"https:\/\/enfoquecomunicacionesec.com\/wp-content\/uploads\/2024\/11\/WhatsApp-Image-2024-11-15-at-13.44.09-1-1024x768.jpeg\" alt=\"\" class=\"wp-image-779\" srcset=\"https:\/\/enfoquecomunicacionesec.com\/wp-content\/uploads\/2024\/11\/WhatsApp-Image-2024-11-15-at-13.44.09-1-1024x768.jpeg 1024w, https:\/\/enfoquecomunicacionesec.com\/wp-content\/uploads\/2024\/11\/WhatsApp-Image-2024-11-15-at-13.44.09-1-300x225.jpeg 300w, https:\/\/enfoquecomunicacionesec.com\/wp-content\/uploads\/2024\/11\/WhatsApp-Image-2024-11-15-at-13.44.09-1-768x576.jpeg 768w, https:\/\/enfoquecomunicacionesec.com\/wp-content\/uploads\/2024\/11\/WhatsApp-Image-2024-11-15-at-13.44.09-1-1536x1152.jpeg 1536w, https:\/\/enfoquecomunicacionesec.com\/wp-content\/uploads\/2024\/11\/WhatsApp-Image-2024-11-15-at-13.44.09-1-2048x1536.jpeg 2048w\" sizes=\"auto, (max-width: 1024px) 100vw, 1024px\" \/><\/figure>\n\n\n\n<p>Enfoque Comunicaciones tuvo el privilegio de asistir al evento exclusivo de BYD, donde la marca l\u00edder en tecnolog\u00eda y sostenibilidad realiz\u00f3 una comparativa de prestaciones de su modelo Song plus, un veh\u00edculo que redefine el concepto de eficiencia y compromiso ambiental.<\/p>\n\n\n\n<hr class=\"wp-block-separator has-alpha-channel-opacity\"\/>\n\n\n\n<p>Durante la jornada, expertos de BYD destacaron las innovaciones del Song Plus, resaltando c\u00f3mo este modelo se posiciona como una de las opciones m\u00e1s avanzadas del mercado. El Song Plus ofrece un ahorro de hasta el 75% en consumo energ\u00e9tico gracias a su tecnolog\u00eda de punta.<\/p>\n\n\n\n<div style=\"height:43px\" aria-hidden=\"true\" class=\"wp-block-spacer\"><\/div>\n\n\n\n<figure class=\"wp-block-image size-large\"><img loading=\"lazy\" decoding=\"async\" width=\"1024\" height=\"768\" src=\"https:\/\/enfoquecomunicacionesec.com\/wp-content\/uploads\/2024\/11\/WhatsApp-Image-2024-11-15-at-13.44.10-1024x768.jpeg\" alt=\"\" class=\"wp-image-781\" srcset=\"https:\/\/enfoquecomunicacionesec.com\/wp-content\/uploads\/2024\/11\/WhatsApp-Image-2024-11-15-at-13.44.10-1024x768.jpeg 1024w, https:\/\/enfoquecomunicacionesec.com\/wp-content\/uploads\/2024\/11\/WhatsApp-Image-2024-11-15-at-13.44.10-300x225.jpeg 300w, https:\/\/enfoquecomunicacionesec.com\/wp-content\/uploads\/2024\/11\/WhatsApp-Image-2024-11-15-at-13.44.10-768x576.jpeg 768w, https:\/\/enfoquecomunicacionesec.com\/wp-content\/uploads\/2024\/11\/WhatsApp-Image-2024-11-15-at-13.44.10-1536x1152.jpeg 1536w, https:\/\/enfoquecomunicacionesec.com\/wp-content\/uploads\/2024\/11\/WhatsApp-Image-2024-11-15-at-13.44.10-2048x1536.jpeg 2048w\" sizes=\"auto, (max-width: 1024px) 100vw, 1024px\" \/><\/figure>\n\n\n\n<p>Adem\u00e1s de su eficiencia, BYD reafirm\u00f3 su misi\u00f3n de liderar un cambio global hacia la sostenibilidad. La empresa subray\u00f3 su compromiso con el medio ambiente, apuntando a una meta ambiciosa: contribuir a la disminuci\u00f3n de 1\u00b0C en la temperatura global del planeta mediante soluciones de movilidad sostenibles y limpias.<\/p>\n\n\n\n<hr class=\"wp-block-separator has-alpha-channel-opacity\"\/>\n\n\n\n<p>Enfoque Comunicaciones felicita a BYD por este evento que no solo mostr\u00f3 el potencial del Song Plus, sino tambi\u00e9n su visi\u00f3n integral hacia un futuro m\u00e1s verde y sostenible. Seguiremos atentos a las iniciativas que impulsen la innovaci\u00f3n y el desarrollo en favor del medio ambiente.<\/p>\n\n\n\n<div style=\"height:43px\" aria-hidden=\"true\" class=\"wp-block-spacer\"><\/div>\n\n\n\n<figure class=\"wp-block-gallery has-nested-images columns-default is-cropped wp-block-gallery-1 is-layout-flex wp-block-gallery-is-layout-flex\">\n<figure class=\"wp-block-image size-large\"><img loading=\"lazy\" decoding=\"async\" width=\"1024\" height=\"768\" data-id=\"783\" src=\"https:\/\/enfoquecomunicacionesec.com\/wp-content\/uploads\/2024\/11\/WhatsApp-Image-2024-11-15-at-13.43.07-1024x768.jpeg\" alt=\"\" class=\"wp-image-783\" srcset=\"https:\/\/enfoquecomunicacionesec.com\/wp-content\/uploads\/2024\/11\/WhatsApp-Image-2024-11-15-at-13.43.07-1024x768.jpeg 1024w, https:\/\/enfoquecomunicacionesec.com\/wp-content\/uploads\/2024\/11\/WhatsApp-Image-2024-11-15-at-13.43.07-300x225.jpeg 300w, https:\/\/enfoquecomunicacionesec.com\/wp-content\/uploads\/2024\/11\/WhatsApp-Image-2024-11-15-at-13.43.07-768x576.jpeg 768w, https:\/\/enfoquecomunicacionesec.com\/wp-content\/uploads\/2024\/11\/WhatsApp-Image-2024-11-15-at-13.43.07-1536x1152.jpeg 1536w, https:\/\/enfoquecomunicacionesec.com\/wp-content\/uploads\/2024\/11\/WhatsApp-Image-2024-11-15-at-13.43.07-2048x1536.jpeg 2048w\" sizes=\"auto, (max-width: 1024px) 100vw, 1024px\" \/><\/figure>\n\n\n\n<figure class=\"wp-block-image size-large\"><img loading=\"lazy\" decoding=\"async\" width=\"768\" height=\"1024\" data-id=\"784\" src=\"https:\/\/enfoquecomunicacionesec.com\/wp-content\/uploads\/2024\/11\/WhatsApp-Image-2024-11-15-at-13.43.36-768x1024.jpeg\" alt=\"\" class=\"wp-image-784\" srcset=\"https:\/\/enfoquecomunicacionesec.com\/wp-content\/uploads\/2024\/11\/WhatsApp-Image-2024-11-15-at-13.43.36-768x1024.jpeg 768w, https:\/\/enfoquecomunicacionesec.com\/wp-content\/uploads\/2024\/11\/WhatsApp-Image-2024-11-15-at-13.43.36-225x300.jpeg 225w, https:\/\/enfoquecomunicacionesec.com\/wp-content\/uploads\/2024\/11\/WhatsApp-Image-2024-11-15-at-13.43.36-1152x1536.jpeg 1152w, https:\/\/enfoquecomunicacionesec.com\/wp-content\/uploads\/2024\/11\/WhatsApp-Image-2024-11-15-at-13.43.36-1536x2048.jpeg 1536w, https:\/\/enfoquecomunicacionesec.com\/wp-content\/uploads\/2024\/11\/WhatsApp-Image-2024-11-15-at-13.43.36-scaled.jpeg 1919w\" sizes=\"auto, (max-width: 768px) 100vw, 768px\" \/><\/figure>\n\n\n\n<figure class=\"wp-block-image size-large\"><img loading=\"lazy\" decoding=\"async\" width=\"768\" height=\"1024\" data-id=\"782\" src=\"https:\/\/enfoquecomunicacionesec.com\/wp-content\/uploads\/2024\/11\/WhatsApp-Image-2024-11-15-at-13.44.12-768x1024.jpeg\" alt=\"\" class=\"wp-image-782\" srcset=\"https:\/\/enfoquecomunicacionesec.com\/wp-content\/uploads\/2024\/11\/WhatsApp-Image-2024-11-15-at-13.44.12-768x1024.jpeg 768w, https:\/\/enfoquecomunicacionesec.com\/wp-content\/uploads\/2024\/11\/WhatsApp-Image-2024-11-15-at-13.44.12-225x300.jpeg 225w, https:\/\/enfoquecomunicacionesec.com\/wp-content\/uploads\/2024\/11\/WhatsApp-Image-2024-11-15-at-13.44.12-1152x1536.jpeg 1152w, https:\/\/enfoquecomunicacionesec.com\/wp-content\/uploads\/2024\/11\/WhatsApp-Image-2024-11-15-at-13.44.12-1536x2048.jpeg 1536w, https:\/\/enfoquecomunicacionesec.com\/wp-content\/uploads\/2024\/11\/WhatsApp-Image-2024-11-15-at-13.44.12-scaled.jpeg 1919w\" sizes=\"auto, (max-width: 768px) 100vw, 768px\" \/><\/figure>\n<\/figure>\n","protected":false},"excerpt":{"rendered":"<p>Enfoque Comunicaciones tuvo el privilegio de asistir al evento exclusivo de BYD, donde la marca l\u00edder en tecnolog\u00eda y sostenibilidad realiz\u00f3 una comparativa de prestaciones de su modelo Song plus, un veh\u00edculo que redefine el concepto de eficiencia y compromiso ambiental. Durante la jornada, expertos de BYD destacaron las innovaciones del Song Plus, resaltando c\u00f3mo [&hellip;]<\/p>\n","protected":false},"author":1,"featured_media":0,"comment_status":"open","ping_status":"open","sticky":false,"template":"","format":"standard","meta":{"footnotes":""},"categories":[1],"tags":[32,10,31],"class_list":["post-778","post","type-post","status-publish","format-standard","hentry","category-blog","tag-byd","tag-evento","tag-focusenaccion-2"],"yoast_head":"<!-- This site is optimized with the Yoast SEO plugin v21.5 - https:\/\/yoast.com\/wordpress\/plugins\/seo\/ -->\n<title>Enfoque Comunicaciones presente en el evento de BYD: Innovaci\u00f3n y sostenibilidad en el Song Plus - EnfoqueComunicaciones.ec<\/title>\n<meta name=\"robots\" content=\"index, follow, max-snippet:-1, max-image-preview:large, max-video-preview:-1\" \/>\n<link rel=\"canonical\" href=\"https:\/\/enfoquecomunicacionesec.com\/index.php\/2024\/11\/25\/enfoque-comunicaciones-presente-en-el-evento-de-byd-innovacion-y-sostenibilidad-en-el-song-plus\/\" \/>\n<meta property=\"og:locale\" content=\"es_ES\" \/>\n<meta property=\"og:type\" content=\"article\" \/>\n<meta property=\"og:title\" content=\"Enfoque Comunicaciones presente en el evento de BYD: Innovaci\u00f3n y sostenibilidad en el Song Plus - EnfoqueComunicaciones.ec\" \/>\n<meta property=\"og:description\" content=\"Enfoque Comunicaciones tuvo el privilegio de asistir al evento exclusivo de BYD, donde la marca l\u00edder en tecnolog\u00eda y sostenibilidad realiz\u00f3 una comparativa de prestaciones de su modelo Song plus, un veh\u00edculo que redefine el concepto de eficiencia y compromiso ambiental. Durante la jornada, expertos de BYD destacaron las innovaciones del Song Plus, resaltando c\u00f3mo [&hellip;]\" \/>\n<meta property=\"og:url\" content=\"https:\/\/enfoquecomunicacionesec.com\/index.php\/2024\/11\/25\/enfoque-comunicaciones-presente-en-el-evento-de-byd-innovacion-y-sostenibilidad-en-el-song-plus\/\" \/>\n<meta property=\"og:site_name\" content=\"EnfoqueComunicaciones.ec\" \/>\n<meta property=\"article:publisher\" content=\"https:\/\/www.facebook.com\/enfoquecomunicacionesec\" \/>\n<meta property=\"article:author\" content=\"https:\/\/www.facebook.com\/enfoquecomunicacionesec\/\" \/>\n<meta property=\"article:published_time\" content=\"2024-11-25T21:24:47+00:00\" \/>\n<meta property=\"og:image\" content=\"https:\/\/enfoquecomunicacionesec.com\/wp-content\/uploads\/2024\/11\/WhatsApp-Image-2024-11-15-at-13.44.09-1-1024x768.jpeg\" \/>\n<meta name=\"author\" content=\"enfoquecomunicacionesec.com\" \/>\n<meta name=\"twitter:card\" content=\"summary_large_image\" \/>\n<meta name=\"twitter:label1\" content=\"Escrito por\" \/>\n\t<meta name=\"twitter:data1\" content=\"enfoquecomunicacionesec.com\" \/>\n\t<meta name=\"twitter:label2\" content=\"Tiempo de lectura\" \/>\n\t<meta name=\"twitter:data2\" content=\"2 minutos\" \/>\n<script type=\"application\/ld+json\" class=\"yoast-schema-graph\">{\"@context\":\"https:\/\/schema.org\",\"@graph\":[{\"@type\":\"Article\",\"@id\":\"https:\/\/enfoquecomunicacionesec.com\/index.php\/2024\/11\/25\/enfoque-comunicaciones-presente-en-el-evento-de-byd-innovacion-y-sostenibilidad-en-el-song-plus\/#article\",\"isPartOf\":{\"@id\":\"https:\/\/enfoquecomunicacionesec.com\/index.php\/2024\/11\/25\/enfoque-comunicaciones-presente-en-el-evento-de-byd-innovacion-y-sostenibilidad-en-el-song-plus\/\"},\"author\":{\"name\":\"enfoquecomunicacionesec.com\",\"@id\":\"https:\/\/enfoquecomunicacionesec.com\/#\/schema\/person\/2b7ab7f9f7be7fa65c396efa3876a786\"},\"headline\":\"Enfoque Comunicaciones presente en el evento de BYD: Innovaci\u00f3n y sostenibilidad en el Song Plus\",\"datePublished\":\"2024-11-25T21:24:47+00:00\",\"dateModified\":\"2024-11-25T21:24:47+00:00\",\"mainEntityOfPage\":{\"@id\":\"https:\/\/enfoquecomunicacionesec.com\/index.php\/2024\/11\/25\/enfoque-comunicaciones-presente-en-el-evento-de-byd-innovacion-y-sostenibilidad-en-el-song-plus\/\"},\"wordCount\":211,\"commentCount\":0,\"publisher\":{\"@id\":\"https:\/\/enfoquecomunicacionesec.com\/#organization\"},\"keywords\":[\"BYD\",\"Evento\",\"focusenaccion\"],\"articleSection\":[\"Blog\"],\"inLanguage\":\"es\",\"potentialAction\":[{\"@type\":\"CommentAction\",\"name\":\"Comment\",\"target\":[\"https:\/\/enfoquecomunicacionesec.com\/index.php\/2024\/11\/25\/enfoque-comunicaciones-presente-en-el-evento-de-byd-innovacion-y-sostenibilidad-en-el-song-plus\/#respond\"]}]},{\"@type\":\"WebPage\",\"@id\":\"https:\/\/enfoquecomunicacionesec.com\/index.php\/2024\/11\/25\/enfoque-comunicaciones-presente-en-el-evento-de-byd-innovacion-y-sostenibilidad-en-el-song-plus\/\",\"url\":\"https:\/\/enfoquecomunicacionesec.com\/index.php\/2024\/11\/25\/enfoque-comunicaciones-presente-en-el-evento-de-byd-innovacion-y-sostenibilidad-en-el-song-plus\/\",\"name\":\"Enfoque Comunicaciones presente en el evento de BYD: Innovaci\u00f3n y sostenibilidad en el Song Plus - EnfoqueComunicaciones.ec\",\"isPartOf\":{\"@id\":\"https:\/\/enfoquecomunicacionesec.com\/#website\"},\"datePublished\":\"2024-11-25T21:24:47+00:00\",\"dateModified\":\"2024-11-25T21:24:47+00:00\",\"breadcrumb\":{\"@id\":\"https:\/\/enfoquecomunicacionesec.com\/index.php\/2024\/11\/25\/enfoque-comunicaciones-presente-en-el-evento-de-byd-innovacion-y-sostenibilidad-en-el-song-plus\/#breadcrumb\"},\"inLanguage\":\"es\",\"potentialAction\":[{\"@type\":\"ReadAction\",\"target\":[\"https:\/\/enfoquecomunicacionesec.com\/index.php\/2024\/11\/25\/enfoque-comunicaciones-presente-en-el-evento-de-byd-innovacion-y-sostenibilidad-en-el-song-plus\/\"]}]},{\"@type\":\"BreadcrumbList\",\"@id\":\"https:\/\/enfoquecomunicacionesec.com\/index.php\/2024\/11\/25\/enfoque-comunicaciones-presente-en-el-evento-de-byd-innovacion-y-sostenibilidad-en-el-song-plus\/#breadcrumb\",\"itemListElement\":[{\"@type\":\"ListItem\",\"position\":1,\"name\":\"Portada\",\"item\":\"https:\/\/enfoquecomunicacionesec.com\/\"},{\"@type\":\"ListItem\",\"position\":2,\"name\":\"Enfoque Comunicaciones presente en el evento de BYD: Innovaci\u00f3n y sostenibilidad en el Song Plus\"}]},{\"@type\":\"WebSite\",\"@id\":\"https:\/\/enfoquecomunicacionesec.com\/#website\",\"url\":\"https:\/\/enfoquecomunicacionesec.com\/\",\"name\":\"EnfoqueComunicaciones.ec\",\"description\":\"\",\"publisher\":{\"@id\":\"https:\/\/enfoquecomunicacionesec.com\/#organization\"},\"potentialAction\":[{\"@type\":\"SearchAction\",\"target\":{\"@type\":\"EntryPoint\",\"urlTemplate\":\"https:\/\/enfoquecomunicacionesec.com\/?s={search_term_string}\"},\"query-input\":\"required name=search_term_string\"}],\"inLanguage\":\"es\"},{\"@type\":\"Organization\",\"@id\":\"https:\/\/enfoquecomunicacionesec.com\/#organization\",\"name\":\"EnfoqueComunicaciones.ec\",\"url\":\"https:\/\/enfoquecomunicacionesec.com\/\",\"logo\":{\"@type\":\"ImageObject\",\"inLanguage\":\"es\",\"@id\":\"https:\/\/enfoquecomunicacionesec.com\/#\/schema\/logo\/image\/\",\"url\":\"http:\/\/enfoquecomunicacionesec.com\/wp-content\/uploads\/2023\/09\/cropped-LOGO-ENFOQUE-1.png\",\"contentUrl\":\"http:\/\/enfoquecomunicacionesec.com\/wp-content\/uploads\/2023\/09\/cropped-LOGO-ENFOQUE-1.png\",\"width\":512,\"height\":512,\"caption\":\"EnfoqueComunicaciones.ec\"},\"image\":{\"@id\":\"https:\/\/enfoquecomunicacionesec.com\/#\/schema\/logo\/image\/\"},\"sameAs\":[\"https:\/\/www.facebook.com\/enfoquecomunicacionesec\",\"https:\/\/www.instagram.com\/enfoque.comunicaciones\/\",\"https:\/\/www.linkedin.com\/in\/enfoque-comunicaciones-ec-0ba5a424b\/\"]},{\"@type\":\"Person\",\"@id\":\"https:\/\/enfoquecomunicacionesec.com\/#\/schema\/person\/2b7ab7f9f7be7fa65c396efa3876a786\",\"name\":\"enfoquecomunicacionesec.com\",\"image\":{\"@type\":\"ImageObject\",\"inLanguage\":\"es\",\"@id\":\"https:\/\/enfoquecomunicacionesec.com\/#\/schema\/person\/image\/\",\"url\":\"https:\/\/secure.gravatar.com\/avatar\/cc08e6fde57d62cfc05ab2281442cfaaf53a21aedf183ff95293b1c45e85127a?s=96&d=mm&r=g\",\"contentUrl\":\"https:\/\/secure.gravatar.com\/avatar\/cc08e6fde57d62cfc05ab2281442cfaaf53a21aedf183ff95293b1c45e85127a?s=96&d=mm&r=g\",\"caption\":\"enfoquecomunicacionesec.com\"},\"sameAs\":[\"http:\/\/enfoquecomunicacionesec.com\",\"https:\/\/www.facebook.com\/enfoquecomunicacionesec\/\",\"https:\/\/www.instagram.com\/enfoque.comunicaciones_mkt\/\",\"https:\/\/www.linkedin.com\/in\/enfoque-comunicaciones-ec-0ba5a424b\/\"],\"url\":\"https:\/\/enfoquecomunicacionesec.com\/index.php\/author\/enfoquecomunicacionesec-com\/\"}]}<\/script>\n<!-- \/ Yoast SEO plugin. -->","yoast_head_json":{"title":"Enfoque Comunicaciones presente en el evento de BYD: Innovaci\u00f3n y sostenibilidad en el Song Plus - EnfoqueComunicaciones.ec","robots":{"index":"index","follow":"follow","max-snippet":"max-snippet:-1","max-image-preview":"max-image-preview:large","max-video-preview":"max-video-preview:-1"},"canonical":"https:\/\/enfoquecomunicacionesec.com\/index.php\/2024\/11\/25\/enfoque-comunicaciones-presente-en-el-evento-de-byd-innovacion-y-sostenibilidad-en-el-song-plus\/","og_locale":"es_ES","og_type":"article","og_title":"Enfoque Comunicaciones presente en el evento de BYD: Innovaci\u00f3n y sostenibilidad en el Song Plus - EnfoqueComunicaciones.ec","og_description":"Enfoque Comunicaciones tuvo el privilegio de asistir al evento exclusivo de BYD, donde la marca l\u00edder en tecnolog\u00eda y sostenibilidad realiz\u00f3 una comparativa de prestaciones de su modelo Song plus, un veh\u00edculo que redefine el concepto de eficiencia y compromiso ambiental. Durante la jornada, expertos de BYD destacaron las innovaciones del Song Plus, resaltando c\u00f3mo [&hellip;]","og_url":"https:\/\/enfoquecomunicacionesec.com\/index.php\/2024\/11\/25\/enfoque-comunicaciones-presente-en-el-evento-de-byd-innovacion-y-sostenibilidad-en-el-song-plus\/","og_site_name":"EnfoqueComunicaciones.ec","article_publisher":"https:\/\/www.facebook.com\/enfoquecomunicacionesec","article_author":"https:\/\/www.facebook.com\/enfoquecomunicacionesec\/","article_published_time":"2024-11-25T21:24:47+00:00","og_image":[{"url":"https:\/\/enfoquecomunicacionesec.com\/wp-content\/uploads\/2024\/11\/WhatsApp-Image-2024-11-15-at-13.44.09-1-1024x768.jpeg"}],"author":"enfoquecomunicacionesec.com","twitter_card":"summary_large_image","twitter_misc":{"Escrito por":"enfoquecomunicacionesec.com","Tiempo de lectura":"2 minutos"},"schema":{"@context":"https:\/\/schema.org","@graph":[{"@type":"Article","@id":"https:\/\/enfoquecomunicacionesec.com\/index.php\/2024\/11\/25\/enfoque-comunicaciones-presente-en-el-evento-de-byd-innovacion-y-sostenibilidad-en-el-song-plus\/#article","isPartOf":{"@id":"https:\/\/enfoquecomunicacionesec.com\/index.php\/2024\/11\/25\/enfoque-comunicaciones-presente-en-el-evento-de-byd-innovacion-y-sostenibilidad-en-el-song-plus\/"},"author":{"name":"enfoquecomunicacionesec.com","@id":"https:\/\/enfoquecomunicacionesec.com\/#\/schema\/person\/2b7ab7f9f7be7fa65c396efa3876a786"},"headline":"Enfoque Comunicaciones presente en el evento de BYD: Innovaci\u00f3n y sostenibilidad en el Song Plus","datePublished":"2024-11-25T21:24:47+00:00","dateModified":"2024-11-25T21:24:47+00:00","mainEntityOfPage":{"@id":"https:\/\/enfoquecomunicacionesec.com\/index.php\/2024\/11\/25\/enfoque-comunicaciones-presente-en-el-evento-de-byd-innovacion-y-sostenibilidad-en-el-song-plus\/"},"wordCount":211,"commentCount":0,"publisher":{"@id":"https:\/\/enfoquecomunicacionesec.com\/#organization"},"keywords":["BYD","Evento","focusenaccion"],"articleSection":["Blog"],"inLanguage":"es","potentialAction":[{"@type":"CommentAction","name":"Comment","target":["https:\/\/enfoquecomunicacionesec.com\/index.php\/2024\/11\/25\/enfoque-comunicaciones-presente-en-el-evento-de-byd-innovacion-y-sostenibilidad-en-el-song-plus\/#respond"]}]},{"@type":"WebPage","@id":"https:\/\/enfoquecomunicacionesec.com\/index.php\/2024\/11\/25\/enfoque-comunicaciones-presente-en-el-evento-de-byd-innovacion-y-sostenibilidad-en-el-song-plus\/","url":"https:\/\/enfoquecomunicacionesec.com\/index.php\/2024\/11\/25\/enfoque-comunicaciones-presente-en-el-evento-de-byd-innovacion-y-sostenibilidad-en-el-song-plus\/","name":"Enfoque Comunicaciones presente en el evento de BYD: Innovaci\u00f3n y sostenibilidad en el Song Plus - EnfoqueComunicaciones.ec","isPartOf":{"@id":"https:\/\/enfoquecomunicacionesec.com\/#website"},"datePublished":"2024-11-25T21:24:47+00:00","dateModified":"2024-11-25T21:24:47+00:00","breadcrumb":{"@id":"https:\/\/enfoquecomunicacionesec.com\/index.php\/2024\/11\/25\/enfoque-comunicaciones-presente-en-el-evento-de-byd-innovacion-y-sostenibilidad-en-el-song-plus\/#breadcrumb"},"inLanguage":"es","potentialAction":[{"@type":"ReadAction","target":["https:\/\/enfoquecomunicacionesec.com\/index.php\/2024\/11\/25\/enfoque-comunicaciones-presente-en-el-evento-de-byd-innovacion-y-sostenibilidad-en-el-song-plus\/"]}]},{"@type":"BreadcrumbList","@id":"https:\/\/enfoquecomunicacionesec.com\/index.php\/2024\/11\/25\/enfoque-comunicaciones-presente-en-el-evento-de-byd-innovacion-y-sostenibilidad-en-el-song-plus\/#breadcrumb","itemListElement":[{"@type":"ListItem","position":1,"name":"Portada","item":"https:\/\/enfoquecomunicacionesec.com\/"},{"@type":"ListItem","position":2,"name":"Enfoque Comunicaciones presente en el evento de BYD: Innovaci\u00f3n y sostenibilidad en el Song Plus"}]},{"@type":"WebSite","@id":"https:\/\/enfoquecomunicacionesec.com\/#website","url":"https:\/\/enfoquecomunicacionesec.com\/","name":"EnfoqueComunicaciones.ec","description":"","publisher":{"@id":"https:\/\/enfoquecomunicacionesec.com\/#organization"},"potentialAction":[{"@type":"SearchAction","target":{"@type":"EntryPoint","urlTemplate":"https:\/\/enfoquecomunicacionesec.com\/?s={search_term_string}"},"query-input":"required name=search_term_string"}],"inLanguage":"es"},{"@type":"Organization","@id":"https:\/\/enfoquecomunicacionesec.com\/#organization","name":"EnfoqueComunicaciones.ec","url":"https:\/\/enfoquecomunicacionesec.com\/","logo":{"@type":"ImageObject","inLanguage":"es","@id":"https:\/\/enfoquecomunicacionesec.com\/#\/schema\/logo\/image\/","url":"http:\/\/enfoquecomunicacionesec.com\/wp-content\/uploads\/2023\/09\/cropped-LOGO-ENFOQUE-1.png","contentUrl":"http:\/\/enfoquecomunicacionesec.com\/wp-content\/uploads\/2023\/09\/cropped-LOGO-ENFOQUE-1.png","width":512,"height":512,"caption":"EnfoqueComunicaciones.ec"},"image":{"@id":"https:\/\/enfoquecomunicacionesec.com\/#\/schema\/logo\/image\/"},"sameAs":["https:\/\/www.facebook.com\/enfoquecomunicacionesec","https:\/\/www.instagram.com\/enfoque.comunicaciones\/","https:\/\/www.linkedin.com\/in\/enfoque-comunicaciones-ec-0ba5a424b\/"]},{"@type":"Person","@id":"https:\/\/enfoquecomunicacionesec.com\/#\/schema\/person\/2b7ab7f9f7be7fa65c396efa3876a786","name":"enfoquecomunicacionesec.com","image":{"@type":"ImageObject","inLanguage":"es","@id":"https:\/\/enfoquecomunicacionesec.com\/#\/schema\/person\/image\/","url":"https:\/\/secure.gravatar.com\/avatar\/cc08e6fde57d62cfc05ab2281442cfaaf53a21aedf183ff95293b1c45e85127a?s=96&d=mm&r=g","contentUrl":"https:\/\/secure.gravatar.com\/avatar\/cc08e6fde57d62cfc05ab2281442cfaaf53a21aedf183ff95293b1c45e85127a?s=96&d=mm&r=g","caption":"enfoquecomunicacionesec.com"},"sameAs":["http:\/\/enfoquecomunicacionesec.com","https:\/\/www.facebook.com\/enfoquecomunicacionesec\/","https:\/\/www.instagram.com\/enfoque.comunicaciones_mkt\/","https:\/\/www.linkedin.com\/in\/enfoque-comunicaciones-ec-0ba5a424b\/"],"url":"https:\/\/enfoquecomunicacionesec.com\/index.php\/author\/enfoquecomunicacionesec-com\/"}]}},"_links":{"self":[{"href":"https:\/\/enfoquecomunicacionesec.com\/index.php\/wp-json\/wp\/v2\/posts\/778","targetHints":{"allow":["GET"]}}],"collection":[{"href":"https:\/\/enfoquecomunicacionesec.com\/index.php\/wp-json\/wp\/v2\/posts"}],"about":[{"href":"https:\/\/enfoquecomunicacionesec.com\/index.php\/wp-json\/wp\/v2\/types\/post"}],"author":[{"embeddable":true,"href":"https:\/\/enfoquecomunicacionesec.com\/index.php\/wp-json\/wp\/v2\/users\/1"}],"replies":[{"embeddable":true,"href":"https:\/\/enfoquecomunicacionesec.com\/index.php\/wp-json\/wp\/v2\/comments?post=778"}],"version-history":[{"count":3,"href":"https:\/\/enfoquecomunicacionesec.com\/index.php\/wp-json\/wp\/v2\/posts\/778\/revisions"}],"predecessor-version":[{"id":787,"href":"https:\/\/enfoquecomunicacionesec.com\/index.php\/wp-json\/wp\/v2\/posts\/778\/revisions\/787"}],"wp:attachment":[{"href":"https:\/\/enfoquecomunicacionesec.com\/index.php\/wp-json\/wp\/v2\/media?parent=778"}],"wp:term":[{"taxonomy":"category","embeddable":true,"href":"https:\/\/enfoquecomunicacionesec.com\/index.php\/wp-json\/wp\/v2\/categories?post=778"},{"taxonomy":"post_tag","embeddable":true,"href":"https:\/\/enfoquecomunicacionesec.com\/index.php\/wp-json\/wp\/v2\/tags?post=778"}],"curies":[{"name":"wp","href":"https:\/\/api.w.org\/{rel}","templated":true}]}}