{"id":788,"date":"2024-11-25T20:21:07","date_gmt":"2024-11-26T01:21:07","guid":{"rendered":"https:\/\/enfoquecomunicacionesec.com\/?p=788"},"modified":"2024-11-25T20:21:08","modified_gmt":"2024-11-26T01:21:08","slug":"enfoque-comunicaciones-destaca-el-lanzamiento-de-la-contabilidad-satelite-de-bioeconomia-en-ecuador","status":"publish","type":"post","link":"https:\/\/enfoquecomunicacionesec.com\/index.php\/2024\/11\/25\/enfoque-comunicaciones-destaca-el-lanzamiento-de-la-contabilidad-satelite-de-bioeconomia-en-ecuador\/","title":{"rendered":"Enfoque Comunicaciones destaca el lanzamiento de la Contabilidad Sat\u00e9lite de Bioeconom\u00eda en Ecuador"},"content":{"rendered":"\n<figure class=\"wp-block-image size-large\"><img loading=\"lazy\" decoding=\"async\" width=\"1024\" height=\"216\" src=\"https:\/\/enfoquecomunicacionesec.com\/wp-content\/uploads\/2024\/11\/WhatsApp-Image-2024-11-18-at-16.00.01-1024x216.jpeg\" alt=\"\" class=\"wp-image-789\" srcset=\"https:\/\/enfoquecomunicacionesec.com\/wp-content\/uploads\/2024\/11\/WhatsApp-Image-2024-11-18-at-16.00.01-1024x216.jpeg 1024w, https:\/\/enfoquecomunicacionesec.com\/wp-content\/uploads\/2024\/11\/WhatsApp-Image-2024-11-18-at-16.00.01-300x63.jpeg 300w, https:\/\/enfoquecomunicacionesec.com\/wp-content\/uploads\/2024\/11\/WhatsApp-Image-2024-11-18-at-16.00.01-768x162.jpeg 768w, https:\/\/enfoquecomunicacionesec.com\/wp-content\/uploads\/2024\/11\/WhatsApp-Image-2024-11-18-at-16.00.01.jpeg 1244w\" sizes=\"auto, (max-width: 1024px) 100vw, 1024px\" \/><\/figure>\n\n\n\n<div style=\"height:45px\" aria-hidden=\"true\" class=\"wp-block-spacer\"><\/div>\n\n\n\n<p>Este lunes, el Hotel Mercure de Quito acogi\u00f3 el <strong>Taller de Lanzamiento de la Contabilidad Sat\u00e9lite de Bioeconom\u00eda para Ecuador<\/strong>, un evento trascendental que marca un hito en el camino hacia un desarrollo sostenible para el pa\u00eds.<\/p>\n\n\n\n<hr class=\"wp-block-separator has-alpha-channel-opacity\"\/>\n\n\n\n<p>Organizado por el <strong>Ministerio de Ambiente, Agua y Transici\u00f3n Ecol\u00f3gica (MAATE)<\/strong>, el <strong>Fondo de Asistencia T\u00e9cnica en Bioeconom\u00eda<\/strong> administrado por el <strong>Fondo de Inversi\u00f3n Ambiental Sostenible (FIAS)<\/strong>, con el apoyo de la <strong>CEPAL<\/strong> y la <strong>Agencia Francesa de Desarrollo (AFD)<\/strong>, el taller reuni\u00f3 a destacados representantes del \u00e1mbito econ\u00f3mico, ambiental y acad\u00e9mico para abordar los retos y oportunidades de esta innovadora herramienta.<\/p>\n\n\n\n<hr class=\"wp-block-separator has-alpha-channel-opacity\"\/>\n\n\n\n<figure class=\"wp-block-gallery has-nested-images columns-default is-cropped wp-block-gallery-1 is-layout-flex wp-block-gallery-is-layout-flex\">\n<figure class=\"wp-block-image size-large\"><img loading=\"lazy\" decoding=\"async\" width=\"768\" height=\"1024\" data-id=\"790\" src=\"https:\/\/enfoquecomunicacionesec.com\/wp-content\/uploads\/2024\/11\/WhatsApp-Image-2024-11-18-at-11.06.16-768x1024.jpeg\" alt=\"\" class=\"wp-image-790\" srcset=\"https:\/\/enfoquecomunicacionesec.com\/wp-content\/uploads\/2024\/11\/WhatsApp-Image-2024-11-18-at-11.06.16-768x1024.jpeg 768w, https:\/\/enfoquecomunicacionesec.com\/wp-content\/uploads\/2024\/11\/WhatsApp-Image-2024-11-18-at-11.06.16-225x300.jpeg 225w, https:\/\/enfoquecomunicacionesec.com\/wp-content\/uploads\/2024\/11\/WhatsApp-Image-2024-11-18-at-11.06.16-1152x1536.jpeg 1152w, https:\/\/enfoquecomunicacionesec.com\/wp-content\/uploads\/2024\/11\/WhatsApp-Image-2024-11-18-at-11.06.16.jpeg 1200w\" sizes=\"auto, (max-width: 768px) 100vw, 768px\" \/><\/figure>\n\n\n\n<figure class=\"wp-block-image size-large\"><img loading=\"lazy\" decoding=\"async\" width=\"768\" height=\"1024\" data-id=\"791\" src=\"https:\/\/enfoquecomunicacionesec.com\/wp-content\/uploads\/2024\/11\/WhatsApp-Image-2024-11-18-at-11.06.18-768x1024.jpeg\" alt=\"\" class=\"wp-image-791\" srcset=\"https:\/\/enfoquecomunicacionesec.com\/wp-content\/uploads\/2024\/11\/WhatsApp-Image-2024-11-18-at-11.06.18-768x1024.jpeg 768w, https:\/\/enfoquecomunicacionesec.com\/wp-content\/uploads\/2024\/11\/WhatsApp-Image-2024-11-18-at-11.06.18-225x300.jpeg 225w, https:\/\/enfoquecomunicacionesec.com\/wp-content\/uploads\/2024\/11\/WhatsApp-Image-2024-11-18-at-11.06.18-1152x1536.jpeg 1152w, https:\/\/enfoquecomunicacionesec.com\/wp-content\/uploads\/2024\/11\/WhatsApp-Image-2024-11-18-at-11.06.18.jpeg 1200w\" sizes=\"auto, (max-width: 768px) 100vw, 768px\" \/><\/figure>\n\n\n\n<figure class=\"wp-block-image size-large\"><img loading=\"lazy\" decoding=\"async\" width=\"768\" height=\"1024\" data-id=\"792\" src=\"https:\/\/enfoquecomunicacionesec.com\/wp-content\/uploads\/2024\/11\/WhatsApp-Image-2024-11-18-at-12.17.21-768x1024.jpeg\" alt=\"\" class=\"wp-image-792\" srcset=\"https:\/\/enfoquecomunicacionesec.com\/wp-content\/uploads\/2024\/11\/WhatsApp-Image-2024-11-18-at-12.17.21-768x1024.jpeg 768w, https:\/\/enfoquecomunicacionesec.com\/wp-content\/uploads\/2024\/11\/WhatsApp-Image-2024-11-18-at-12.17.21-225x300.jpeg 225w, https:\/\/enfoquecomunicacionesec.com\/wp-content\/uploads\/2024\/11\/WhatsApp-Image-2024-11-18-at-12.17.21-1152x1536.jpeg 1152w, https:\/\/enfoquecomunicacionesec.com\/wp-content\/uploads\/2024\/11\/WhatsApp-Image-2024-11-18-at-12.17.21.jpeg 1200w\" sizes=\"auto, (max-width: 768px) 100vw, 768px\" \/><\/figure>\n<\/figure>\n\n\n\n<hr class=\"wp-block-separator has-alpha-channel-opacity\"\/>\n\n\n\n<ul class=\"wp-block-list\">\n<li><strong>MAATE<\/strong> comparti\u00f3 una visi\u00f3n nacional sobre el impacto estrat\u00e9gico de la bioeconom\u00eda.<\/li>\n\n\n\n<li><strong>Banco Central del Ecuador (BCE)<\/strong> destac\u00f3 los esfuerzos macroecon\u00f3micos requeridos para integrar la Contabilidad Sat\u00e9lite en las cuentas nacionales.<\/li>\n\n\n\n<li><strong>INEC<\/strong> enfatiz\u00f3 la importancia de los datos estad\u00edsticos para impulsar esta iniciativa.<\/li>\n\n\n\n<li><strong>UTPL<\/strong>, representada por Juan Manuel Garc\u00eda, present\u00f3 un diagn\u00f3stico macroecon\u00f3mico sobre las oportunidades de la bioeconom\u00eda en Ecuador.<\/li>\n<\/ul>\n\n\n\n<hr class=\"wp-block-separator has-alpha-channel-opacity\"\/>\n\n\n\n<p>El economista Renato Vargas, consultor de la CEPAL, cerr\u00f3 las ponencias con una exposici\u00f3n sobre los hallazgos y desaf\u00edos identificados durante el ejercicio piloto de la Contabilidad Sat\u00e9lite.<\/p>\n\n\n\n<div style=\"height:41px\" aria-hidden=\"true\" class=\"wp-block-spacer\"><\/div>\n\n\n\n<figure class=\"wp-block-gallery has-nested-images columns-default is-cropped wp-block-gallery-2 is-layout-flex wp-block-gallery-is-layout-flex\">\n<figure class=\"wp-block-image size-large\"><img loading=\"lazy\" decoding=\"async\" width=\"1024\" height=\"768\" data-id=\"794\" src=\"https:\/\/enfoquecomunicacionesec.com\/wp-content\/uploads\/2024\/11\/WhatsApp-Image-2024-11-18-at-11.06.22-1024x768.jpeg\" alt=\"\" class=\"wp-image-794\" srcset=\"https:\/\/enfoquecomunicacionesec.com\/wp-content\/uploads\/2024\/11\/WhatsApp-Image-2024-11-18-at-11.06.22-1024x768.jpeg 1024w, https:\/\/enfoquecomunicacionesec.com\/wp-content\/uploads\/2024\/11\/WhatsApp-Image-2024-11-18-at-11.06.22-300x225.jpeg 300w, https:\/\/enfoquecomunicacionesec.com\/wp-content\/uploads\/2024\/11\/WhatsApp-Image-2024-11-18-at-11.06.22-768x576.jpeg 768w, https:\/\/enfoquecomunicacionesec.com\/wp-content\/uploads\/2024\/11\/WhatsApp-Image-2024-11-18-at-11.06.22-1536x1152.jpeg 1536w, https:\/\/enfoquecomunicacionesec.com\/wp-content\/uploads\/2024\/11\/WhatsApp-Image-2024-11-18-at-11.06.22.jpeg 1600w\" sizes=\"auto, (max-width: 1024px) 100vw, 1024px\" \/><\/figure>\n<\/figure>\n\n\n\n<div style=\"height:41px\" aria-hidden=\"true\" class=\"wp-block-spacer\"><\/div>\n\n\n\n<p>El taller finaliz\u00f3 con un foro interactivo que permiti\u00f3 a los asistentes dialogar con los expertos y profundizar en los temas discutidos.<\/p>\n\n\n\n<div style=\"height:41px\" aria-hidden=\"true\" class=\"wp-block-spacer\"><\/div>\n\n\n\n<p>Este lanzamiento establece una base s\u00f3lida para visibilizar el aporte de la biodiversidad ecuatoriana a la econom\u00eda nacional, abriendo nuevas posibilidades para un modelo inclusivo y resiliente, alineado con los Objetivos de Desarrollo Sostenible.<\/p>\n\n\n\n<div style=\"height:41px\" aria-hidden=\"true\" class=\"wp-block-spacer\"><\/div>\n\n\n\n<p>En <strong>Enfoque Comunicaciones<\/strong>, nos enorgullece ser parte de la difusi\u00f3n de iniciativas que transforman nuestro entorno y contribuyen al progreso del pa\u00eds.<\/p>\n\n\n\n<hr class=\"wp-block-separator has-alpha-channel-opacity\"\/>\n\n\n\n<figure class=\"wp-block-image size-large\"><img loading=\"lazy\" decoding=\"async\" width=\"1024\" height=\"768\" src=\"https:\/\/enfoquecomunicacionesec.com\/wp-content\/uploads\/2024\/11\/WhatsApp-Image-2024-11-18-at-17.01.36-1-1024x768.jpeg\" alt=\"\" class=\"wp-image-795\" srcset=\"https:\/\/enfoquecomunicacionesec.com\/wp-content\/uploads\/2024\/11\/WhatsApp-Image-2024-11-18-at-17.01.36-1-1024x768.jpeg 1024w, https:\/\/enfoquecomunicacionesec.com\/wp-content\/uploads\/2024\/11\/WhatsApp-Image-2024-11-18-at-17.01.36-1-300x225.jpeg 300w, https:\/\/enfoquecomunicacionesec.com\/wp-content\/uploads\/2024\/11\/WhatsApp-Image-2024-11-18-at-17.01.36-1-768x576.jpeg 768w, https:\/\/enfoquecomunicacionesec.com\/wp-content\/uploads\/2024\/11\/WhatsApp-Image-2024-11-18-at-17.01.36-1-1536x1152.jpeg 1536w, https:\/\/enfoquecomunicacionesec.com\/wp-content\/uploads\/2024\/11\/WhatsApp-Image-2024-11-18-at-17.01.36-1.jpeg 1600w\" sizes=\"auto, (max-width: 1024px) 100vw, 1024px\" \/><\/figure>\n\n\n\n<hr class=\"wp-block-separator has-alpha-channel-opacity\"\/>\n","protected":false},"excerpt":{"rendered":"<p>Este lunes, el Hotel Mercure de Quito acogi\u00f3 el Taller de Lanzamiento de la Contabilidad Sat\u00e9lite de Bioeconom\u00eda para Ecuador, un evento trascendental que marca un hito en el camino hacia un desarrollo sostenible para el pa\u00eds. Organizado por el Ministerio de Ambiente, Agua y Transici\u00f3n Ecol\u00f3gica (MAATE), el Fondo de Asistencia T\u00e9cnica en Bioeconom\u00eda [&hellip;]<\/p>\n","protected":false},"author":1,"featured_media":0,"comment_status":"open","ping_status":"open","sticky":false,"template":"","format":"standard","meta":{"footnotes":""},"categories":[1],"tags":[33,34,15],"class_list":["post-788","post","type-post","status-publish","format-standard","hentry","category-blog","tag-bioeconomia","tag-cuenta-satelite-ecuador","tag-focus-en-accion"],"yoast_head":"<!-- This site is optimized with the Yoast SEO plugin v21.5 - https:\/\/yoast.com\/wordpress\/plugins\/seo\/ -->\n<title>Enfoque Comunicaciones destaca el lanzamiento de la Contabilidad Sat\u00e9lite de Bioeconom\u00eda en Ecuador - EnfoqueComunicaciones.ec<\/title>\n<meta name=\"robots\" content=\"index, follow, max-snippet:-1, max-image-preview:large, max-video-preview:-1\" \/>\n<link rel=\"canonical\" href=\"https:\/\/enfoquecomunicacionesec.com\/index.php\/2024\/11\/25\/enfoque-comunicaciones-destaca-el-lanzamiento-de-la-contabilidad-satelite-de-bioeconomia-en-ecuador\/\" \/>\n<meta property=\"og:locale\" content=\"es_ES\" \/>\n<meta property=\"og:type\" content=\"article\" \/>\n<meta property=\"og:title\" content=\"Enfoque Comunicaciones destaca el lanzamiento de la Contabilidad Sat\u00e9lite de Bioeconom\u00eda en Ecuador - EnfoqueComunicaciones.ec\" \/>\n<meta property=\"og:description\" content=\"Este lunes, el Hotel Mercure de Quito acogi\u00f3 el Taller de Lanzamiento de la Contabilidad Sat\u00e9lite de Bioeconom\u00eda para Ecuador, un evento trascendental que marca un hito en el camino hacia un desarrollo sostenible para el pa\u00eds. Organizado por el Ministerio de Ambiente, Agua y Transici\u00f3n Ecol\u00f3gica (MAATE), el Fondo de Asistencia T\u00e9cnica en Bioeconom\u00eda [&hellip;]\" \/>\n<meta property=\"og:url\" content=\"https:\/\/enfoquecomunicacionesec.com\/index.php\/2024\/11\/25\/enfoque-comunicaciones-destaca-el-lanzamiento-de-la-contabilidad-satelite-de-bioeconomia-en-ecuador\/\" \/>\n<meta property=\"og:site_name\" content=\"EnfoqueComunicaciones.ec\" \/>\n<meta property=\"article:publisher\" content=\"https:\/\/www.facebook.com\/enfoquecomunicacionesec\" \/>\n<meta property=\"article:author\" content=\"https:\/\/www.facebook.com\/enfoquecomunicacionesec\/\" \/>\n<meta property=\"article:published_time\" content=\"2024-11-26T01:21:07+00:00\" \/>\n<meta property=\"article:modified_time\" content=\"2024-11-26T01:21:08+00:00\" \/>\n<meta property=\"og:image\" content=\"https:\/\/enfoquecomunicacionesec.com\/wp-content\/uploads\/2024\/11\/WhatsApp-Image-2024-11-18-at-16.00.01-1024x216.jpeg\" \/>\n<meta name=\"author\" content=\"enfoquecomunicacionesec.com\" \/>\n<meta name=\"twitter:card\" content=\"summary_large_image\" \/>\n<meta name=\"twitter:label1\" content=\"Escrito por\" \/>\n\t<meta name=\"twitter:data1\" content=\"enfoquecomunicacionesec.com\" \/>\n\t<meta name=\"twitter:label2\" content=\"Tiempo de lectura\" \/>\n\t<meta name=\"twitter:data2\" content=\"3 minutos\" \/>\n<script type=\"application\/ld+json\" class=\"yoast-schema-graph\">{\"@context\":\"https:\/\/schema.org\",\"@graph\":[{\"@type\":\"Article\",\"@id\":\"https:\/\/enfoquecomunicacionesec.com\/index.php\/2024\/11\/25\/enfoque-comunicaciones-destaca-el-lanzamiento-de-la-contabilidad-satelite-de-bioeconomia-en-ecuador\/#article\",\"isPartOf\":{\"@id\":\"https:\/\/enfoquecomunicacionesec.com\/index.php\/2024\/11\/25\/enfoque-comunicaciones-destaca-el-lanzamiento-de-la-contabilidad-satelite-de-bioeconomia-en-ecuador\/\"},\"author\":{\"name\":\"enfoquecomunicacionesec.com\",\"@id\":\"https:\/\/enfoquecomunicacionesec.com\/#\/schema\/person\/2b7ab7f9f7be7fa65c396efa3876a786\"},\"headline\":\"Enfoque Comunicaciones destaca el lanzamiento de la Contabilidad Sat\u00e9lite de Bioeconom\u00eda en Ecuador\",\"datePublished\":\"2024-11-26T01:21:07+00:00\",\"dateModified\":\"2024-11-26T01:21:08+00:00\",\"mainEntityOfPage\":{\"@id\":\"https:\/\/enfoquecomunicacionesec.com\/index.php\/2024\/11\/25\/enfoque-comunicaciones-destaca-el-lanzamiento-de-la-contabilidad-satelite-de-bioeconomia-en-ecuador\/\"},\"wordCount\":308,\"commentCount\":2,\"publisher\":{\"@id\":\"https:\/\/enfoquecomunicacionesec.com\/#organization\"},\"keywords\":[\"bioeconomia\",\"cuenta satelite ecuador\",\"Focus en accion\"],\"articleSection\":[\"Blog\"],\"inLanguage\":\"es\",\"potentialAction\":[{\"@type\":\"CommentAction\",\"name\":\"Comment\",\"target\":[\"https:\/\/enfoquecomunicacionesec.com\/index.php\/2024\/11\/25\/enfoque-comunicaciones-destaca-el-lanzamiento-de-la-contabilidad-satelite-de-bioeconomia-en-ecuador\/#respond\"]}]},{\"@type\":\"WebPage\",\"@id\":\"https:\/\/enfoquecomunicacionesec.com\/index.php\/2024\/11\/25\/enfoque-comunicaciones-destaca-el-lanzamiento-de-la-contabilidad-satelite-de-bioeconomia-en-ecuador\/\",\"url\":\"https:\/\/enfoquecomunicacionesec.com\/index.php\/2024\/11\/25\/enfoque-comunicaciones-destaca-el-lanzamiento-de-la-contabilidad-satelite-de-bioeconomia-en-ecuador\/\",\"name\":\"Enfoque Comunicaciones destaca el lanzamiento de la Contabilidad Sat\u00e9lite de Bioeconom\u00eda en Ecuador - EnfoqueComunicaciones.ec\",\"isPartOf\":{\"@id\":\"https:\/\/enfoquecomunicacionesec.com\/#website\"},\"datePublished\":\"2024-11-26T01:21:07+00:00\",\"dateModified\":\"2024-11-26T01:21:08+00:00\",\"breadcrumb\":{\"@id\":\"https:\/\/enfoquecomunicacionesec.com\/index.php\/2024\/11\/25\/enfoque-comunicaciones-destaca-el-lanzamiento-de-la-contabilidad-satelite-de-bioeconomia-en-ecuador\/#breadcrumb\"},\"inLanguage\":\"es\",\"potentialAction\":[{\"@type\":\"ReadAction\",\"target\":[\"https:\/\/enfoquecomunicacionesec.com\/index.php\/2024\/11\/25\/enfoque-comunicaciones-destaca-el-lanzamiento-de-la-contabilidad-satelite-de-bioeconomia-en-ecuador\/\"]}]},{\"@type\":\"BreadcrumbList\",\"@id\":\"https:\/\/enfoquecomunicacionesec.com\/index.php\/2024\/11\/25\/enfoque-comunicaciones-destaca-el-lanzamiento-de-la-contabilidad-satelite-de-bioeconomia-en-ecuador\/#breadcrumb\",\"itemListElement\":[{\"@type\":\"ListItem\",\"position\":1,\"name\":\"Portada\",\"item\":\"https:\/\/enfoquecomunicacionesec.com\/\"},{\"@type\":\"ListItem\",\"position\":2,\"name\":\"Enfoque Comunicaciones destaca el lanzamiento de la Contabilidad Sat\u00e9lite de Bioeconom\u00eda en Ecuador\"}]},{\"@type\":\"WebSite\",\"@id\":\"https:\/\/enfoquecomunicacionesec.com\/#website\",\"url\":\"https:\/\/enfoquecomunicacionesec.com\/\",\"name\":\"EnfoqueComunicaciones.ec\",\"description\":\"\",\"publisher\":{\"@id\":\"https:\/\/enfoquecomunicacionesec.com\/#organization\"},\"potentialAction\":[{\"@type\":\"SearchAction\",\"target\":{\"@type\":\"EntryPoint\",\"urlTemplate\":\"https:\/\/enfoquecomunicacionesec.com\/?s={search_term_string}\"},\"query-input\":\"required name=search_term_string\"}],\"inLanguage\":\"es\"},{\"@type\":\"Organization\",\"@id\":\"https:\/\/enfoquecomunicacionesec.com\/#organization\",\"name\":\"EnfoqueComunicaciones.ec\",\"url\":\"https:\/\/enfoquecomunicacionesec.com\/\",\"logo\":{\"@type\":\"ImageObject\",\"inLanguage\":\"es\",\"@id\":\"https:\/\/enfoquecomunicacionesec.com\/#\/schema\/logo\/image\/\",\"url\":\"http:\/\/enfoquecomunicacionesec.com\/wp-content\/uploads\/2023\/09\/cropped-LOGO-ENFOQUE-1.png\",\"contentUrl\":\"http:\/\/enfoquecomunicacionesec.com\/wp-content\/uploads\/2023\/09\/cropped-LOGO-ENFOQUE-1.png\",\"width\":512,\"height\":512,\"caption\":\"EnfoqueComunicaciones.ec\"},\"image\":{\"@id\":\"https:\/\/enfoquecomunicacionesec.com\/#\/schema\/logo\/image\/\"},\"sameAs\":[\"https:\/\/www.facebook.com\/enfoquecomunicacionesec\",\"https:\/\/www.instagram.com\/enfoque.comunicaciones\/\",\"https:\/\/www.linkedin.com\/in\/enfoque-comunicaciones-ec-0ba5a424b\/\"]},{\"@type\":\"Person\",\"@id\":\"https:\/\/enfoquecomunicacionesec.com\/#\/schema\/person\/2b7ab7f9f7be7fa65c396efa3876a786\",\"name\":\"enfoquecomunicacionesec.com\",\"image\":{\"@type\":\"ImageObject\",\"inLanguage\":\"es\",\"@id\":\"https:\/\/enfoquecomunicacionesec.com\/#\/schema\/person\/image\/\",\"url\":\"https:\/\/secure.gravatar.com\/avatar\/cc08e6fde57d62cfc05ab2281442cfaaf53a21aedf183ff95293b1c45e85127a?s=96&d=mm&r=g\",\"contentUrl\":\"https:\/\/secure.gravatar.com\/avatar\/cc08e6fde57d62cfc05ab2281442cfaaf53a21aedf183ff95293b1c45e85127a?s=96&d=mm&r=g\",\"caption\":\"enfoquecomunicacionesec.com\"},\"sameAs\":[\"http:\/\/enfoquecomunicacionesec.com\",\"https:\/\/www.facebook.com\/enfoquecomunicacionesec\/\",\"https:\/\/www.instagram.com\/enfoque.comunicaciones_mkt\/\",\"https:\/\/www.linkedin.com\/in\/enfoque-comunicaciones-ec-0ba5a424b\/\"],\"url\":\"https:\/\/enfoquecomunicacionesec.com\/index.php\/author\/enfoquecomunicacionesec-com\/\"}]}<\/script>\n<!-- \/ Yoast SEO plugin. -->","yoast_head_json":{"title":"Enfoque Comunicaciones destaca el lanzamiento de la Contabilidad Sat\u00e9lite de Bioeconom\u00eda en Ecuador - EnfoqueComunicaciones.ec","robots":{"index":"index","follow":"follow","max-snippet":"max-snippet:-1","max-image-preview":"max-image-preview:large","max-video-preview":"max-video-preview:-1"},"canonical":"https:\/\/enfoquecomunicacionesec.com\/index.php\/2024\/11\/25\/enfoque-comunicaciones-destaca-el-lanzamiento-de-la-contabilidad-satelite-de-bioeconomia-en-ecuador\/","og_locale":"es_ES","og_type":"article","og_title":"Enfoque Comunicaciones destaca el lanzamiento de la Contabilidad Sat\u00e9lite de Bioeconom\u00eda en Ecuador - EnfoqueComunicaciones.ec","og_description":"Este lunes, el Hotel Mercure de Quito acogi\u00f3 el Taller de Lanzamiento de la Contabilidad Sat\u00e9lite de Bioeconom\u00eda para Ecuador, un evento trascendental que marca un hito en el camino hacia un desarrollo sostenible para el pa\u00eds. Organizado por el Ministerio de Ambiente, Agua y Transici\u00f3n Ecol\u00f3gica (MAATE), el Fondo de Asistencia T\u00e9cnica en Bioeconom\u00eda [&hellip;]","og_url":"https:\/\/enfoquecomunicacionesec.com\/index.php\/2024\/11\/25\/enfoque-comunicaciones-destaca-el-lanzamiento-de-la-contabilidad-satelite-de-bioeconomia-en-ecuador\/","og_site_name":"EnfoqueComunicaciones.ec","article_publisher":"https:\/\/www.facebook.com\/enfoquecomunicacionesec","article_author":"https:\/\/www.facebook.com\/enfoquecomunicacionesec\/","article_published_time":"2024-11-26T01:21:07+00:00","article_modified_time":"2024-11-26T01:21:08+00:00","og_image":[{"url":"https:\/\/enfoquecomunicacionesec.com\/wp-content\/uploads\/2024\/11\/WhatsApp-Image-2024-11-18-at-16.00.01-1024x216.jpeg"}],"author":"enfoquecomunicacionesec.com","twitter_card":"summary_large_image","twitter_misc":{"Escrito por":"enfoquecomunicacionesec.com","Tiempo de lectura":"3 minutos"},"schema":{"@context":"https:\/\/schema.org","@graph":[{"@type":"Article","@id":"https:\/\/enfoquecomunicacionesec.com\/index.php\/2024\/11\/25\/enfoque-comunicaciones-destaca-el-lanzamiento-de-la-contabilidad-satelite-de-bioeconomia-en-ecuador\/#article","isPartOf":{"@id":"https:\/\/enfoquecomunicacionesec.com\/index.php\/2024\/11\/25\/enfoque-comunicaciones-destaca-el-lanzamiento-de-la-contabilidad-satelite-de-bioeconomia-en-ecuador\/"},"author":{"name":"enfoquecomunicacionesec.com","@id":"https:\/\/enfoquecomunicacionesec.com\/#\/schema\/person\/2b7ab7f9f7be7fa65c396efa3876a786"},"headline":"Enfoque Comunicaciones destaca el lanzamiento de la Contabilidad Sat\u00e9lite de Bioeconom\u00eda en Ecuador","datePublished":"2024-11-26T01:21:07+00:00","dateModified":"2024-11-26T01:21:08+00:00","mainEntityOfPage":{"@id":"https:\/\/enfoquecomunicacionesec.com\/index.php\/2024\/11\/25\/enfoque-comunicaciones-destaca-el-lanzamiento-de-la-contabilidad-satelite-de-bioeconomia-en-ecuador\/"},"wordCount":308,"commentCount":2,"publisher":{"@id":"https:\/\/enfoquecomunicacionesec.com\/#organization"},"keywords":["bioeconomia","cuenta satelite ecuador","Focus en accion"],"articleSection":["Blog"],"inLanguage":"es","potentialAction":[{"@type":"CommentAction","name":"Comment","target":["https:\/\/enfoquecomunicacionesec.com\/index.php\/2024\/11\/25\/enfoque-comunicaciones-destaca-el-lanzamiento-de-la-contabilidad-satelite-de-bioeconomia-en-ecuador\/#respond"]}]},{"@type":"WebPage","@id":"https:\/\/enfoquecomunicacionesec.com\/index.php\/2024\/11\/25\/enfoque-comunicaciones-destaca-el-lanzamiento-de-la-contabilidad-satelite-de-bioeconomia-en-ecuador\/","url":"https:\/\/enfoquecomunicacionesec.com\/index.php\/2024\/11\/25\/enfoque-comunicaciones-destaca-el-lanzamiento-de-la-contabilidad-satelite-de-bioeconomia-en-ecuador\/","name":"Enfoque Comunicaciones destaca el lanzamiento de la Contabilidad Sat\u00e9lite de Bioeconom\u00eda en Ecuador - EnfoqueComunicaciones.ec","isPartOf":{"@id":"https:\/\/enfoquecomunicacionesec.com\/#website"},"datePublished":"2024-11-26T01:21:07+00:00","dateModified":"2024-11-26T01:21:08+00:00","breadcrumb":{"@id":"https:\/\/enfoquecomunicacionesec.com\/index.php\/2024\/11\/25\/enfoque-comunicaciones-destaca-el-lanzamiento-de-la-contabilidad-satelite-de-bioeconomia-en-ecuador\/#breadcrumb"},"inLanguage":"es","potentialAction":[{"@type":"ReadAction","target":["https:\/\/enfoquecomunicacionesec.com\/index.php\/2024\/11\/25\/enfoque-comunicaciones-destaca-el-lanzamiento-de-la-contabilidad-satelite-de-bioeconomia-en-ecuador\/"]}]},{"@type":"BreadcrumbList","@id":"https:\/\/enfoquecomunicacionesec.com\/index.php\/2024\/11\/25\/enfoque-comunicaciones-destaca-el-lanzamiento-de-la-contabilidad-satelite-de-bioeconomia-en-ecuador\/#breadcrumb","itemListElement":[{"@type":"ListItem","position":1,"name":"Portada","item":"https:\/\/enfoquecomunicacionesec.com\/"},{"@type":"ListItem","position":2,"name":"Enfoque Comunicaciones destaca el lanzamiento de la Contabilidad Sat\u00e9lite de Bioeconom\u00eda en Ecuador"}]},{"@type":"WebSite","@id":"https:\/\/enfoquecomunicacionesec.com\/#website","url":"https:\/\/enfoquecomunicacionesec.com\/","name":"EnfoqueComunicaciones.ec","description":"","publisher":{"@id":"https:\/\/enfoquecomunicacionesec.com\/#organization"},"potentialAction":[{"@type":"SearchAction","target":{"@type":"EntryPoint","urlTemplate":"https:\/\/enfoquecomunicacionesec.com\/?s={search_term_string}"},"query-input":"required name=search_term_string"}],"inLanguage":"es"},{"@type":"Organization","@id":"https:\/\/enfoquecomunicacionesec.com\/#organization","name":"EnfoqueComunicaciones.ec","url":"https:\/\/enfoquecomunicacionesec.com\/","logo":{"@type":"ImageObject","inLanguage":"es","@id":"https:\/\/enfoquecomunicacionesec.com\/#\/schema\/logo\/image\/","url":"http:\/\/enfoquecomunicacionesec.com\/wp-content\/uploads\/2023\/09\/cropped-LOGO-ENFOQUE-1.png","contentUrl":"http:\/\/enfoquecomunicacionesec.com\/wp-content\/uploads\/2023\/09\/cropped-LOGO-ENFOQUE-1.png","width":512,"height":512,"caption":"EnfoqueComunicaciones.ec"},"image":{"@id":"https:\/\/enfoquecomunicacionesec.com\/#\/schema\/logo\/image\/"},"sameAs":["https:\/\/www.facebook.com\/enfoquecomunicacionesec","https:\/\/www.instagram.com\/enfoque.comunicaciones\/","https:\/\/www.linkedin.com\/in\/enfoque-comunicaciones-ec-0ba5a424b\/"]},{"@type":"Person","@id":"https:\/\/enfoquecomunicacionesec.com\/#\/schema\/person\/2b7ab7f9f7be7fa65c396efa3876a786","name":"enfoquecomunicacionesec.com","image":{"@type":"ImageObject","inLanguage":"es","@id":"https:\/\/enfoquecomunicacionesec.com\/#\/schema\/person\/image\/","url":"https:\/\/secure.gravatar.com\/avatar\/cc08e6fde57d62cfc05ab2281442cfaaf53a21aedf183ff95293b1c45e85127a?s=96&d=mm&r=g","contentUrl":"https:\/\/secure.gravatar.com\/avatar\/cc08e6fde57d62cfc05ab2281442cfaaf53a21aedf183ff95293b1c45e85127a?s=96&d=mm&r=g","caption":"enfoquecomunicacionesec.com"},"sameAs":["http:\/\/enfoquecomunicacionesec.com","https:\/\/www.facebook.com\/enfoquecomunicacionesec\/","https:\/\/www.instagram.com\/enfoque.comunicaciones_mkt\/","https:\/\/www.linkedin.com\/in\/enfoque-comunicaciones-ec-0ba5a424b\/"],"url":"https:\/\/enfoquecomunicacionesec.com\/index.php\/author\/enfoquecomunicacionesec-com\/"}]}},"_links":{"self":[{"href":"https:\/\/enfoquecomunicacionesec.com\/index.php\/wp-json\/wp\/v2\/posts\/788","targetHints":{"allow":["GET"]}}],"collection":[{"href":"https:\/\/enfoquecomunicacionesec.com\/index.php\/wp-json\/wp\/v2\/posts"}],"about":[{"href":"https:\/\/enfoquecomunicacionesec.com\/index.php\/wp-json\/wp\/v2\/types\/post"}],"author":[{"embeddable":true,"href":"https:\/\/enfoquecomunicacionesec.com\/index.php\/wp-json\/wp\/v2\/users\/1"}],"replies":[{"embeddable":true,"href":"https:\/\/enfoquecomunicacionesec.com\/index.php\/wp-json\/wp\/v2\/comments?post=788"}],"version-history":[{"count":3,"href":"https:\/\/enfoquecomunicacionesec.com\/index.php\/wp-json\/wp\/v2\/posts\/788\/revisions"}],"predecessor-version":[{"id":798,"href":"https:\/\/enfoquecomunicacionesec.com\/index.php\/wp-json\/wp\/v2\/posts\/788\/revisions\/798"}],"wp:attachment":[{"href":"https:\/\/enfoquecomunicacionesec.com\/index.php\/wp-json\/wp\/v2\/media?parent=788"}],"wp:term":[{"taxonomy":"category","embeddable":true,"href":"https:\/\/enfoquecomunicacionesec.com\/index.php\/wp-json\/wp\/v2\/categories?post=788"},{"taxonomy":"post_tag","embeddable":true,"href":"https:\/\/enfoquecomunicacionesec.com\/index.php\/wp-json\/wp\/v2\/tags?post=788"}],"curies":[{"name":"wp","href":"https:\/\/api.w.org\/{rel}","templated":true}]}}