{"id":799,"date":"2024-11-29T10:24:34","date_gmt":"2024-11-29T15:24:34","guid":{"rendered":"https:\/\/enfoquecomunicacionesec.com\/?p=799"},"modified":"2024-11-29T10:24:34","modified_gmt":"2024-11-29T15:24:34","slug":"llega-la-navidad-al-tryp-by-wyndham-guayaquil-celebraciones-con-estilo-unico-y-propuestas-irresistibles","status":"publish","type":"post","link":"https:\/\/enfoquecomunicacionesec.com\/index.php\/2024\/11\/29\/llega-la-navidad-al-tryp-by-wyndham-guayaquil-celebraciones-con-estilo-unico-y-propuestas-irresistibles\/","title":{"rendered":"Llega la Navidad al TRYP by Wyndham Guayaquil: Celebraciones con estilo \u00fanico y propuestas irresistibles"},"content":{"rendered":"\n<figure class=\"wp-block-image size-large\"><img loading=\"lazy\" decoding=\"async\" width=\"1024\" height=\"875\" src=\"https:\/\/enfoquecomunicacionesec.com\/wp-content\/uploads\/2024\/11\/DSC01176-1024x875.jpg\" alt=\"\" class=\"wp-image-800\" srcset=\"https:\/\/enfoquecomunicacionesec.com\/wp-content\/uploads\/2024\/11\/DSC01176-1024x875.jpg 1024w, https:\/\/enfoquecomunicacionesec.com\/wp-content\/uploads\/2024\/11\/DSC01176-300x256.jpg 300w, https:\/\/enfoquecomunicacionesec.com\/wp-content\/uploads\/2024\/11\/DSC01176-768x656.jpg 768w, https:\/\/enfoquecomunicacionesec.com\/wp-content\/uploads\/2024\/11\/DSC01176-1536x1313.jpg 1536w, https:\/\/enfoquecomunicacionesec.com\/wp-content\/uploads\/2024\/11\/DSC01176-2048x1750.jpg 2048w\" sizes=\"auto, (max-width: 1024px) 100vw, 1024px\" \/><\/figure>\n\n\n\n<hr class=\"wp-block-separator has-alpha-channel-opacity\"\/>\n\n\n\n<p><strong>Guayaquil, noviembre 2024<\/strong> \u2013 La magia de la Navidad se vive al m\u00e1ximo en el TRYP by Wyndham Guayaquil. Este a\u00f1o, el hotel presenta una agenda llena de actividades, experiencias gastron\u00f3micas y paquetes especiales para quienes desean disfrutar de las festividades en un ambiente c\u00e1lido, acogedor y con el toque \u00fanico de Olmedo y Jaleo, sus reconocidos espacios culinarios.<\/p>\n\n\n\n<div style=\"height:30px\" aria-hidden=\"true\" class=\"wp-block-spacer\"><\/div>\n\n\n\n<p><strong>Cenas y celebraciones para todos los gustos<\/strong><\/p>\n\n\n\n<div style=\"height:19px\" aria-hidden=\"true\" class=\"wp-block-spacer\"><\/div>\n\n\n\n<p>En Olmedo, la celebraci\u00f3n comienza con <strong>White Christmas<\/strong> el 24 de diciembre, donde los asistentes disfrutar\u00e1n de una cena buffet que incluye estaciones de chocolate, panettone y galletas navide\u00f1as por <strong>$45 m\u00e1s impuestos<\/strong>. Para cerrar el a\u00f1o, <strong>Golden New Year\u2019s Eve<\/strong>, el 31 de diciembre, ofrece cena buffet, m\u00fasica en vivo, sorteos y la tradicional c\u00e1bala de A\u00f1o Nuevo, todo por <strong>$90 m\u00e1s impuestos<\/strong>, con opci\u00f3n a barra libre por <strong>$15 adicionales<\/strong>.<\/p>\n\n\n\n<div style=\"height:19px\" aria-hidden=\"true\" class=\"wp-block-spacer\"><\/div>\n\n\n\n<p>Durante todo diciembre, Olmedo invita a sus <strong>tardes de chocolate<\/strong> con c\u00f3cteles de bienvenida, postres y bocaditos ideales para disfrutar con amigos o en familia. Adem\u00e1s, las <strong>Christmas Party<\/strong> (lunes y martes por $30) y <strong>Friends and Christmas<\/strong> (mi\u00e9rcoles a s\u00e1bado por $32) prometen ser el punto de encuentro perfecto para celebrar el esp\u00edritu navide\u00f1o.<\/p>\n\n\n\n<div style=\"height:19px\" aria-hidden=\"true\" class=\"wp-block-spacer\"><\/div>\n\n\n\n<p>En <strong>Jaleo<\/strong>, las fiestas no se quedan atr\u00e1s. La noche del 24 de diciembre brilla con una cena buffet llena de delicias t\u00edpicas y m\u00fasica en vivo por <strong>$45 m\u00e1s impuestos<\/strong>, mientras que el <strong>31 de diciembre<\/strong>, la fiesta de Nochevieja eleva la experiencia con cena, barra libre por <strong>$20 adicionales<\/strong>, encebollado al amanecer y mucho m\u00e1s, todo por <strong>$100 m\u00e1s impuestos<\/strong>.<\/p>\n\n\n\n<hr class=\"wp-block-separator has-alpha-channel-opacity\"\/>\n\n\n\n<figure class=\"wp-block-image size-large\"><img loading=\"lazy\" decoding=\"async\" width=\"1024\" height=\"856\" src=\"https:\/\/enfoquecomunicacionesec.com\/wp-content\/uploads\/2024\/11\/DSC01307-Enhanced-NR-1-1024x856.jpg\" alt=\"\" class=\"wp-image-801\" srcset=\"https:\/\/enfoquecomunicacionesec.com\/wp-content\/uploads\/2024\/11\/DSC01307-Enhanced-NR-1-1024x856.jpg 1024w, https:\/\/enfoquecomunicacionesec.com\/wp-content\/uploads\/2024\/11\/DSC01307-Enhanced-NR-1-300x251.jpg 300w, https:\/\/enfoquecomunicacionesec.com\/wp-content\/uploads\/2024\/11\/DSC01307-Enhanced-NR-1-768x642.jpg 768w, https:\/\/enfoquecomunicacionesec.com\/wp-content\/uploads\/2024\/11\/DSC01307-Enhanced-NR-1-1536x1284.jpg 1536w, https:\/\/enfoquecomunicacionesec.com\/wp-content\/uploads\/2024\/11\/DSC01307-Enhanced-NR-1-2048x1712.jpg 2048w\" sizes=\"auto, (max-width: 1024px) 100vw, 1024px\" \/><\/figure>\n\n\n\n<hr class=\"wp-block-separator has-alpha-channel-opacity\"\/>\n\n\n\n<p>Para quienes buscan combinar descanso y celebraci\u00f3n, el TRYP by Wyndham ofrece un paquete especial de Nochebuena por <strong>$80 m\u00e1s impuestos por adulto<\/strong>, que incluye una noche en habitaci\u00f3n doble, cena y desayuno buffet, adem\u00e1s de parqueo privado.<\/p>\n\n\n\n<div style=\"height:19px\" aria-hidden=\"true\" class=\"wp-block-spacer\"><\/div>\n\n\n\n<p>Este mes, los visitantes podr\u00e1n degustar delicias tradicionales como el famoso relleno con la receta secreta del chef, el tronco navide\u00f1o de chocolate y panettone artesanal, entre otros.<\/p>\n\n\n\n<div style=\"height:19px\" aria-hidden=\"true\" class=\"wp-block-spacer\"><\/div>\n\n\n\n<p><em>\u201cQueremos que cada hu\u00e9sped y visitante viva momentos inolvidables, combinando lo mejor de la gastronom\u00eda navide\u00f1a con un ambiente excepcional,\u201d<\/em> coment\u00f3 <strong>Hugo Rivera Barreto<\/strong>, Gerente General del hotel.<\/p>\n\n\n\n<hr class=\"wp-block-separator has-alpha-channel-opacity\"\/>\n\n\n\n<figure class=\"wp-block-gallery has-nested-images columns-default is-cropped wp-block-gallery-1 is-layout-flex wp-block-gallery-is-layout-flex\">\n<figure class=\"wp-block-image size-large\"><img loading=\"lazy\" decoding=\"async\" width=\"633\" height=\"1024\" data-id=\"804\" src=\"https:\/\/enfoquecomunicacionesec.com\/wp-content\/uploads\/2024\/11\/DSC01308-Enhanced-NR-633x1024.jpg\" alt=\"\" class=\"wp-image-804\" srcset=\"https:\/\/enfoquecomunicacionesec.com\/wp-content\/uploads\/2024\/11\/DSC01308-Enhanced-NR-633x1024.jpg 633w, https:\/\/enfoquecomunicacionesec.com\/wp-content\/uploads\/2024\/11\/DSC01308-Enhanced-NR-186x300.jpg 186w, https:\/\/enfoquecomunicacionesec.com\/wp-content\/uploads\/2024\/11\/DSC01308-Enhanced-NR-768x1242.jpg 768w, https:\/\/enfoquecomunicacionesec.com\/wp-content\/uploads\/2024\/11\/DSC01308-Enhanced-NR-950x1536.jpg 950w, https:\/\/enfoquecomunicacionesec.com\/wp-content\/uploads\/2024\/11\/DSC01308-Enhanced-NR-1266x2048.jpg 1266w, https:\/\/enfoquecomunicacionesec.com\/wp-content\/uploads\/2024\/11\/DSC01308-Enhanced-NR-scaled.jpg 1583w\" sizes=\"auto, (max-width: 633px) 100vw, 633px\" \/><\/figure>\n\n\n\n<figure class=\"wp-block-image size-large\"><img loading=\"lazy\" decoding=\"async\" width=\"1024\" height=\"683\" data-id=\"805\" src=\"https:\/\/enfoquecomunicacionesec.com\/wp-content\/uploads\/2024\/11\/DSC01169-Enhanced-NR-1024x683.jpg\" alt=\"\" class=\"wp-image-805\" srcset=\"https:\/\/enfoquecomunicacionesec.com\/wp-content\/uploads\/2024\/11\/DSC01169-Enhanced-NR-1024x683.jpg 1024w, https:\/\/enfoquecomunicacionesec.com\/wp-content\/uploads\/2024\/11\/DSC01169-Enhanced-NR-300x200.jpg 300w, https:\/\/enfoquecomunicacionesec.com\/wp-content\/uploads\/2024\/11\/DSC01169-Enhanced-NR-768x512.jpg 768w, https:\/\/enfoquecomunicacionesec.com\/wp-content\/uploads\/2024\/11\/DSC01169-Enhanced-NR-1536x1024.jpg 1536w, https:\/\/enfoquecomunicacionesec.com\/wp-content\/uploads\/2024\/11\/DSC01169-Enhanced-NR-2048x1365.jpg 2048w\" sizes=\"auto, (max-width: 1024px) 100vw, 1024px\" \/><\/figure>\n\n\n\n<figure class=\"wp-block-image size-large\"><img loading=\"lazy\" decoding=\"async\" width=\"1024\" height=\"794\" data-id=\"803\" src=\"https:\/\/enfoquecomunicacionesec.com\/wp-content\/uploads\/2024\/11\/DSC01301-Enhanced-NR-1-1024x794.jpg\" alt=\"\" class=\"wp-image-803\" srcset=\"https:\/\/enfoquecomunicacionesec.com\/wp-content\/uploads\/2024\/11\/DSC01301-Enhanced-NR-1-1024x794.jpg 1024w, https:\/\/enfoquecomunicacionesec.com\/wp-content\/uploads\/2024\/11\/DSC01301-Enhanced-NR-1-300x233.jpg 300w, https:\/\/enfoquecomunicacionesec.com\/wp-content\/uploads\/2024\/11\/DSC01301-Enhanced-NR-1-768x596.jpg 768w, https:\/\/enfoquecomunicacionesec.com\/wp-content\/uploads\/2024\/11\/DSC01301-Enhanced-NR-1-1536x1192.jpg 1536w, https:\/\/enfoquecomunicacionesec.com\/wp-content\/uploads\/2024\/11\/DSC01301-Enhanced-NR-1-2048x1589.jpg 2048w\" sizes=\"auto, (max-width: 1024px) 100vw, 1024px\" \/><\/figure>\n<\/figure>\n\n\n\n<p>Con la experiencia y el compromiso del <strong>Grupo SIXSTAR Hotels<\/strong>, TRYP by Wyndham Guayaquil se consolida como el lugar ideal para celebrar una Navidad y un A\u00f1o Nuevo inolvidables.<\/p>\n","protected":false},"excerpt":{"rendered":"<p>Guayaquil, noviembre 2024 \u2013 La magia de la Navidad se vive al m\u00e1ximo en el TRYP by Wyndham Guayaquil. Este a\u00f1o, el hotel presenta una agenda llena de actividades, experiencias gastron\u00f3micas y paquetes especiales para quienes desean disfrutar de las festividades en un ambiente c\u00e1lido, acogedor y con el toque \u00fanico de Olmedo y Jaleo, [&hellip;]<\/p>\n","protected":false},"author":1,"featured_media":0,"comment_status":"open","ping_status":"open","sticky":false,"template":"","format":"standard","meta":{"footnotes":""},"categories":[1],"tags":[35,38,36],"class_list":["post-799","post","type-post","status-publish","format-standard","hentry","category-blog","tag-focus-al-dia","tag-guayaquil","tag-navidad"],"yoast_head":"<!-- This site is optimized with the Yoast SEO plugin v21.5 - https:\/\/yoast.com\/wordpress\/plugins\/seo\/ -->\n<title>Llega la Navidad al TRYP by Wyndham Guayaquil: Celebraciones con estilo \u00fanico y propuestas irresistibles - EnfoqueComunicaciones.ec<\/title>\n<meta name=\"robots\" content=\"index, follow, max-snippet:-1, max-image-preview:large, max-video-preview:-1\" \/>\n<link rel=\"canonical\" href=\"https:\/\/enfoquecomunicacionesec.com\/index.php\/2024\/11\/29\/llega-la-navidad-al-tryp-by-wyndham-guayaquil-celebraciones-con-estilo-unico-y-propuestas-irresistibles\/\" \/>\n<meta property=\"og:locale\" content=\"es_ES\" \/>\n<meta property=\"og:type\" content=\"article\" \/>\n<meta property=\"og:title\" content=\"Llega la Navidad al TRYP by Wyndham Guayaquil: Celebraciones con estilo \u00fanico y propuestas irresistibles - EnfoqueComunicaciones.ec\" \/>\n<meta property=\"og:description\" content=\"Guayaquil, noviembre 2024 \u2013 La magia de la Navidad se vive al m\u00e1ximo en el TRYP by Wyndham Guayaquil. Este a\u00f1o, el hotel presenta una agenda llena de actividades, experiencias gastron\u00f3micas y paquetes especiales para quienes desean disfrutar de las festividades en un ambiente c\u00e1lido, acogedor y con el toque \u00fanico de Olmedo y Jaleo, [&hellip;]\" \/>\n<meta property=\"og:url\" content=\"https:\/\/enfoquecomunicacionesec.com\/index.php\/2024\/11\/29\/llega-la-navidad-al-tryp-by-wyndham-guayaquil-celebraciones-con-estilo-unico-y-propuestas-irresistibles\/\" \/>\n<meta property=\"og:site_name\" content=\"EnfoqueComunicaciones.ec\" \/>\n<meta property=\"article:publisher\" content=\"https:\/\/www.facebook.com\/enfoquecomunicacionesec\" \/>\n<meta property=\"article:author\" content=\"https:\/\/www.facebook.com\/enfoquecomunicacionesec\/\" \/>\n<meta property=\"article:published_time\" content=\"2024-11-29T15:24:34+00:00\" \/>\n<meta property=\"og:image\" content=\"https:\/\/enfoquecomunicacionesec.com\/wp-content\/uploads\/2024\/11\/DSC01176-1024x875.jpg\" \/>\n<meta name=\"author\" content=\"enfoquecomunicacionesec.com\" \/>\n<meta name=\"twitter:card\" content=\"summary_large_image\" \/>\n<meta name=\"twitter:label1\" content=\"Escrito por\" \/>\n\t<meta name=\"twitter:data1\" content=\"enfoquecomunicacionesec.com\" \/>\n\t<meta name=\"twitter:label2\" content=\"Tiempo de lectura\" \/>\n\t<meta name=\"twitter:data2\" content=\"3 minutos\" \/>\n<script type=\"application\/ld+json\" class=\"yoast-schema-graph\">{\"@context\":\"https:\/\/schema.org\",\"@graph\":[{\"@type\":\"Article\",\"@id\":\"https:\/\/enfoquecomunicacionesec.com\/index.php\/2024\/11\/29\/llega-la-navidad-al-tryp-by-wyndham-guayaquil-celebraciones-con-estilo-unico-y-propuestas-irresistibles\/#article\",\"isPartOf\":{\"@id\":\"https:\/\/enfoquecomunicacionesec.com\/index.php\/2024\/11\/29\/llega-la-navidad-al-tryp-by-wyndham-guayaquil-celebraciones-con-estilo-unico-y-propuestas-irresistibles\/\"},\"author\":{\"name\":\"enfoquecomunicacionesec.com\",\"@id\":\"https:\/\/enfoquecomunicacionesec.com\/#\/schema\/person\/2b7ab7f9f7be7fa65c396efa3876a786\"},\"headline\":\"Llega la Navidad al TRYP by Wyndham Guayaquil: Celebraciones con estilo \u00fanico y propuestas irresistibles\",\"datePublished\":\"2024-11-29T15:24:34+00:00\",\"dateModified\":\"2024-11-29T15:24:34+00:00\",\"mainEntityOfPage\":{\"@id\":\"https:\/\/enfoquecomunicacionesec.com\/index.php\/2024\/11\/29\/llega-la-navidad-al-tryp-by-wyndham-guayaquil-celebraciones-con-estilo-unico-y-propuestas-irresistibles\/\"},\"wordCount\":415,\"commentCount\":0,\"publisher\":{\"@id\":\"https:\/\/enfoquecomunicacionesec.com\/#organization\"},\"keywords\":[\"focus al d\u00eda\",\"Guayaquil\",\"navidad\"],\"articleSection\":[\"Blog\"],\"inLanguage\":\"es\",\"potentialAction\":[{\"@type\":\"CommentAction\",\"name\":\"Comment\",\"target\":[\"https:\/\/enfoquecomunicacionesec.com\/index.php\/2024\/11\/29\/llega-la-navidad-al-tryp-by-wyndham-guayaquil-celebraciones-con-estilo-unico-y-propuestas-irresistibles\/#respond\"]}]},{\"@type\":\"WebPage\",\"@id\":\"https:\/\/enfoquecomunicacionesec.com\/index.php\/2024\/11\/29\/llega-la-navidad-al-tryp-by-wyndham-guayaquil-celebraciones-con-estilo-unico-y-propuestas-irresistibles\/\",\"url\":\"https:\/\/enfoquecomunicacionesec.com\/index.php\/2024\/11\/29\/llega-la-navidad-al-tryp-by-wyndham-guayaquil-celebraciones-con-estilo-unico-y-propuestas-irresistibles\/\",\"name\":\"Llega la Navidad al TRYP by Wyndham Guayaquil: Celebraciones con estilo \u00fanico y propuestas irresistibles - EnfoqueComunicaciones.ec\",\"isPartOf\":{\"@id\":\"https:\/\/enfoquecomunicacionesec.com\/#website\"},\"datePublished\":\"2024-11-29T15:24:34+00:00\",\"dateModified\":\"2024-11-29T15:24:34+00:00\",\"breadcrumb\":{\"@id\":\"https:\/\/enfoquecomunicacionesec.com\/index.php\/2024\/11\/29\/llega-la-navidad-al-tryp-by-wyndham-guayaquil-celebraciones-con-estilo-unico-y-propuestas-irresistibles\/#breadcrumb\"},\"inLanguage\":\"es\",\"potentialAction\":[{\"@type\":\"ReadAction\",\"target\":[\"https:\/\/enfoquecomunicacionesec.com\/index.php\/2024\/11\/29\/llega-la-navidad-al-tryp-by-wyndham-guayaquil-celebraciones-con-estilo-unico-y-propuestas-irresistibles\/\"]}]},{\"@type\":\"BreadcrumbList\",\"@id\":\"https:\/\/enfoquecomunicacionesec.com\/index.php\/2024\/11\/29\/llega-la-navidad-al-tryp-by-wyndham-guayaquil-celebraciones-con-estilo-unico-y-propuestas-irresistibles\/#breadcrumb\",\"itemListElement\":[{\"@type\":\"ListItem\",\"position\":1,\"name\":\"Portada\",\"item\":\"https:\/\/enfoquecomunicacionesec.com\/\"},{\"@type\":\"ListItem\",\"position\":2,\"name\":\"Llega la Navidad al TRYP by Wyndham Guayaquil: Celebraciones con estilo \u00fanico y propuestas irresistibles\"}]},{\"@type\":\"WebSite\",\"@id\":\"https:\/\/enfoquecomunicacionesec.com\/#website\",\"url\":\"https:\/\/enfoquecomunicacionesec.com\/\",\"name\":\"EnfoqueComunicaciones.ec\",\"description\":\"\",\"publisher\":{\"@id\":\"https:\/\/enfoquecomunicacionesec.com\/#organization\"},\"potentialAction\":[{\"@type\":\"SearchAction\",\"target\":{\"@type\":\"EntryPoint\",\"urlTemplate\":\"https:\/\/enfoquecomunicacionesec.com\/?s={search_term_string}\"},\"query-input\":\"required name=search_term_string\"}],\"inLanguage\":\"es\"},{\"@type\":\"Organization\",\"@id\":\"https:\/\/enfoquecomunicacionesec.com\/#organization\",\"name\":\"EnfoqueComunicaciones.ec\",\"url\":\"https:\/\/enfoquecomunicacionesec.com\/\",\"logo\":{\"@type\":\"ImageObject\",\"inLanguage\":\"es\",\"@id\":\"https:\/\/enfoquecomunicacionesec.com\/#\/schema\/logo\/image\/\",\"url\":\"http:\/\/enfoquecomunicacionesec.com\/wp-content\/uploads\/2023\/09\/cropped-LOGO-ENFOQUE-1.png\",\"contentUrl\":\"http:\/\/enfoquecomunicacionesec.com\/wp-content\/uploads\/2023\/09\/cropped-LOGO-ENFOQUE-1.png\",\"width\":512,\"height\":512,\"caption\":\"EnfoqueComunicaciones.ec\"},\"image\":{\"@id\":\"https:\/\/enfoquecomunicacionesec.com\/#\/schema\/logo\/image\/\"},\"sameAs\":[\"https:\/\/www.facebook.com\/enfoquecomunicacionesec\",\"https:\/\/www.instagram.com\/enfoque.comunicaciones\/\",\"https:\/\/www.linkedin.com\/in\/enfoque-comunicaciones-ec-0ba5a424b\/\"]},{\"@type\":\"Person\",\"@id\":\"https:\/\/enfoquecomunicacionesec.com\/#\/schema\/person\/2b7ab7f9f7be7fa65c396efa3876a786\",\"name\":\"enfoquecomunicacionesec.com\",\"image\":{\"@type\":\"ImageObject\",\"inLanguage\":\"es\",\"@id\":\"https:\/\/enfoquecomunicacionesec.com\/#\/schema\/person\/image\/\",\"url\":\"https:\/\/secure.gravatar.com\/avatar\/cc08e6fde57d62cfc05ab2281442cfaaf53a21aedf183ff95293b1c45e85127a?s=96&d=mm&r=g\",\"contentUrl\":\"https:\/\/secure.gravatar.com\/avatar\/cc08e6fde57d62cfc05ab2281442cfaaf53a21aedf183ff95293b1c45e85127a?s=96&d=mm&r=g\",\"caption\":\"enfoquecomunicacionesec.com\"},\"sameAs\":[\"http:\/\/enfoquecomunicacionesec.com\",\"https:\/\/www.facebook.com\/enfoquecomunicacionesec\/\",\"https:\/\/www.instagram.com\/enfoque.comunicaciones_mkt\/\",\"https:\/\/www.linkedin.com\/in\/enfoque-comunicaciones-ec-0ba5a424b\/\"],\"url\":\"https:\/\/enfoquecomunicacionesec.com\/index.php\/author\/enfoquecomunicacionesec-com\/\"}]}<\/script>\n<!-- \/ Yoast SEO plugin. -->","yoast_head_json":{"title":"Llega la Navidad al TRYP by Wyndham Guayaquil: Celebraciones con estilo \u00fanico y propuestas irresistibles - EnfoqueComunicaciones.ec","robots":{"index":"index","follow":"follow","max-snippet":"max-snippet:-1","max-image-preview":"max-image-preview:large","max-video-preview":"max-video-preview:-1"},"canonical":"https:\/\/enfoquecomunicacionesec.com\/index.php\/2024\/11\/29\/llega-la-navidad-al-tryp-by-wyndham-guayaquil-celebraciones-con-estilo-unico-y-propuestas-irresistibles\/","og_locale":"es_ES","og_type":"article","og_title":"Llega la Navidad al TRYP by Wyndham Guayaquil: Celebraciones con estilo \u00fanico y propuestas irresistibles - EnfoqueComunicaciones.ec","og_description":"Guayaquil, noviembre 2024 \u2013 La magia de la Navidad se vive al m\u00e1ximo en el TRYP by Wyndham Guayaquil. Este a\u00f1o, el hotel presenta una agenda llena de actividades, experiencias gastron\u00f3micas y paquetes especiales para quienes desean disfrutar de las festividades en un ambiente c\u00e1lido, acogedor y con el toque \u00fanico de Olmedo y Jaleo, [&hellip;]","og_url":"https:\/\/enfoquecomunicacionesec.com\/index.php\/2024\/11\/29\/llega-la-navidad-al-tryp-by-wyndham-guayaquil-celebraciones-con-estilo-unico-y-propuestas-irresistibles\/","og_site_name":"EnfoqueComunicaciones.ec","article_publisher":"https:\/\/www.facebook.com\/enfoquecomunicacionesec","article_author":"https:\/\/www.facebook.com\/enfoquecomunicacionesec\/","article_published_time":"2024-11-29T15:24:34+00:00","og_image":[{"url":"https:\/\/enfoquecomunicacionesec.com\/wp-content\/uploads\/2024\/11\/DSC01176-1024x875.jpg"}],"author":"enfoquecomunicacionesec.com","twitter_card":"summary_large_image","twitter_misc":{"Escrito por":"enfoquecomunicacionesec.com","Tiempo de lectura":"3 minutos"},"schema":{"@context":"https:\/\/schema.org","@graph":[{"@type":"Article","@id":"https:\/\/enfoquecomunicacionesec.com\/index.php\/2024\/11\/29\/llega-la-navidad-al-tryp-by-wyndham-guayaquil-celebraciones-con-estilo-unico-y-propuestas-irresistibles\/#article","isPartOf":{"@id":"https:\/\/enfoquecomunicacionesec.com\/index.php\/2024\/11\/29\/llega-la-navidad-al-tryp-by-wyndham-guayaquil-celebraciones-con-estilo-unico-y-propuestas-irresistibles\/"},"author":{"name":"enfoquecomunicacionesec.com","@id":"https:\/\/enfoquecomunicacionesec.com\/#\/schema\/person\/2b7ab7f9f7be7fa65c396efa3876a786"},"headline":"Llega la Navidad al TRYP by Wyndham Guayaquil: Celebraciones con estilo \u00fanico y propuestas irresistibles","datePublished":"2024-11-29T15:24:34+00:00","dateModified":"2024-11-29T15:24:34+00:00","mainEntityOfPage":{"@id":"https:\/\/enfoquecomunicacionesec.com\/index.php\/2024\/11\/29\/llega-la-navidad-al-tryp-by-wyndham-guayaquil-celebraciones-con-estilo-unico-y-propuestas-irresistibles\/"},"wordCount":415,"commentCount":0,"publisher":{"@id":"https:\/\/enfoquecomunicacionesec.com\/#organization"},"keywords":["focus al d\u00eda","Guayaquil","navidad"],"articleSection":["Blog"],"inLanguage":"es","potentialAction":[{"@type":"CommentAction","name":"Comment","target":["https:\/\/enfoquecomunicacionesec.com\/index.php\/2024\/11\/29\/llega-la-navidad-al-tryp-by-wyndham-guayaquil-celebraciones-con-estilo-unico-y-propuestas-irresistibles\/#respond"]}]},{"@type":"WebPage","@id":"https:\/\/enfoquecomunicacionesec.com\/index.php\/2024\/11\/29\/llega-la-navidad-al-tryp-by-wyndham-guayaquil-celebraciones-con-estilo-unico-y-propuestas-irresistibles\/","url":"https:\/\/enfoquecomunicacionesec.com\/index.php\/2024\/11\/29\/llega-la-navidad-al-tryp-by-wyndham-guayaquil-celebraciones-con-estilo-unico-y-propuestas-irresistibles\/","name":"Llega la Navidad al TRYP by Wyndham Guayaquil: Celebraciones con estilo \u00fanico y propuestas irresistibles - EnfoqueComunicaciones.ec","isPartOf":{"@id":"https:\/\/enfoquecomunicacionesec.com\/#website"},"datePublished":"2024-11-29T15:24:34+00:00","dateModified":"2024-11-29T15:24:34+00:00","breadcrumb":{"@id":"https:\/\/enfoquecomunicacionesec.com\/index.php\/2024\/11\/29\/llega-la-navidad-al-tryp-by-wyndham-guayaquil-celebraciones-con-estilo-unico-y-propuestas-irresistibles\/#breadcrumb"},"inLanguage":"es","potentialAction":[{"@type":"ReadAction","target":["https:\/\/enfoquecomunicacionesec.com\/index.php\/2024\/11\/29\/llega-la-navidad-al-tryp-by-wyndham-guayaquil-celebraciones-con-estilo-unico-y-propuestas-irresistibles\/"]}]},{"@type":"BreadcrumbList","@id":"https:\/\/enfoquecomunicacionesec.com\/index.php\/2024\/11\/29\/llega-la-navidad-al-tryp-by-wyndham-guayaquil-celebraciones-con-estilo-unico-y-propuestas-irresistibles\/#breadcrumb","itemListElement":[{"@type":"ListItem","position":1,"name":"Portada","item":"https:\/\/enfoquecomunicacionesec.com\/"},{"@type":"ListItem","position":2,"name":"Llega la Navidad al TRYP by Wyndham Guayaquil: Celebraciones con estilo \u00fanico y propuestas irresistibles"}]},{"@type":"WebSite","@id":"https:\/\/enfoquecomunicacionesec.com\/#website","url":"https:\/\/enfoquecomunicacionesec.com\/","name":"EnfoqueComunicaciones.ec","description":"","publisher":{"@id":"https:\/\/enfoquecomunicacionesec.com\/#organization"},"potentialAction":[{"@type":"SearchAction","target":{"@type":"EntryPoint","urlTemplate":"https:\/\/enfoquecomunicacionesec.com\/?s={search_term_string}"},"query-input":"required name=search_term_string"}],"inLanguage":"es"},{"@type":"Organization","@id":"https:\/\/enfoquecomunicacionesec.com\/#organization","name":"EnfoqueComunicaciones.ec","url":"https:\/\/enfoquecomunicacionesec.com\/","logo":{"@type":"ImageObject","inLanguage":"es","@id":"https:\/\/enfoquecomunicacionesec.com\/#\/schema\/logo\/image\/","url":"http:\/\/enfoquecomunicacionesec.com\/wp-content\/uploads\/2023\/09\/cropped-LOGO-ENFOQUE-1.png","contentUrl":"http:\/\/enfoquecomunicacionesec.com\/wp-content\/uploads\/2023\/09\/cropped-LOGO-ENFOQUE-1.png","width":512,"height":512,"caption":"EnfoqueComunicaciones.ec"},"image":{"@id":"https:\/\/enfoquecomunicacionesec.com\/#\/schema\/logo\/image\/"},"sameAs":["https:\/\/www.facebook.com\/enfoquecomunicacionesec","https:\/\/www.instagram.com\/enfoque.comunicaciones\/","https:\/\/www.linkedin.com\/in\/enfoque-comunicaciones-ec-0ba5a424b\/"]},{"@type":"Person","@id":"https:\/\/enfoquecomunicacionesec.com\/#\/schema\/person\/2b7ab7f9f7be7fa65c396efa3876a786","name":"enfoquecomunicacionesec.com","image":{"@type":"ImageObject","inLanguage":"es","@id":"https:\/\/enfoquecomunicacionesec.com\/#\/schema\/person\/image\/","url":"https:\/\/secure.gravatar.com\/avatar\/cc08e6fde57d62cfc05ab2281442cfaaf53a21aedf183ff95293b1c45e85127a?s=96&d=mm&r=g","contentUrl":"https:\/\/secure.gravatar.com\/avatar\/cc08e6fde57d62cfc05ab2281442cfaaf53a21aedf183ff95293b1c45e85127a?s=96&d=mm&r=g","caption":"enfoquecomunicacionesec.com"},"sameAs":["http:\/\/enfoquecomunicacionesec.com","https:\/\/www.facebook.com\/enfoquecomunicacionesec\/","https:\/\/www.instagram.com\/enfoque.comunicaciones_mkt\/","https:\/\/www.linkedin.com\/in\/enfoque-comunicaciones-ec-0ba5a424b\/"],"url":"https:\/\/enfoquecomunicacionesec.com\/index.php\/author\/enfoquecomunicacionesec-com\/"}]}},"_links":{"self":[{"href":"https:\/\/enfoquecomunicacionesec.com\/index.php\/wp-json\/wp\/v2\/posts\/799","targetHints":{"allow":["GET"]}}],"collection":[{"href":"https:\/\/enfoquecomunicacionesec.com\/index.php\/wp-json\/wp\/v2\/posts"}],"about":[{"href":"https:\/\/enfoquecomunicacionesec.com\/index.php\/wp-json\/wp\/v2\/types\/post"}],"author":[{"embeddable":true,"href":"https:\/\/enfoquecomunicacionesec.com\/index.php\/wp-json\/wp\/v2\/users\/1"}],"replies":[{"embeddable":true,"href":"https:\/\/enfoquecomunicacionesec.com\/index.php\/wp-json\/wp\/v2\/comments?post=799"}],"version-history":[{"count":2,"href":"https:\/\/enfoquecomunicacionesec.com\/index.php\/wp-json\/wp\/v2\/posts\/799\/revisions"}],"predecessor-version":[{"id":807,"href":"https:\/\/enfoquecomunicacionesec.com\/index.php\/wp-json\/wp\/v2\/posts\/799\/revisions\/807"}],"wp:attachment":[{"href":"https:\/\/enfoquecomunicacionesec.com\/index.php\/wp-json\/wp\/v2\/media?parent=799"}],"wp:term":[{"taxonomy":"category","embeddable":true,"href":"https:\/\/enfoquecomunicacionesec.com\/index.php\/wp-json\/wp\/v2\/categories?post=799"},{"taxonomy":"post_tag","embeddable":true,"href":"https:\/\/enfoquecomunicacionesec.com\/index.php\/wp-json\/wp\/v2\/tags?post=799"}],"curies":[{"name":"wp","href":"https:\/\/api.w.org\/{rel}","templated":true}]}}