{"id":813,"date":"2024-12-09T17:05:57","date_gmt":"2024-12-09T22:05:57","guid":{"rendered":"https:\/\/enfoquecomunicacionesec.com\/?p=813"},"modified":"2024-12-09T17:05:57","modified_gmt":"2024-12-09T22:05:57","slug":"byd-presenta-su-tecnologia-dm-i","status":"publish","type":"post","link":"https:\/\/enfoquecomunicacionesec.com\/index.php\/2024\/12\/09\/byd-presenta-su-tecnologia-dm-i\/","title":{"rendered":"BYD Presenta su Tecnolog\u00eda DM-i"},"content":{"rendered":"\n<p>En un evento lleno de innovaci\u00f3n y sostenibilidad, BYD Ecuador present\u00f3 su revolucionaria tecnolog\u00eda DM-i con un exclusivo test drive en Villa Pietra, Puembo. La jornada fue una oportunidad para que los asistentes experimentaran de primera mano el desempe\u00f1o del s\u00faper h\u00edbrido <strong>Song Plus<\/strong>, un veh\u00edculo que combina eficiencia, potencia y respeto por el medio ambiente.<\/p>\n\n\n\n<div style=\"height:30px\" aria-hidden=\"true\" class=\"wp-block-spacer\"><\/div>\n\n\n\n<figure class=\"wp-block-image size-large\"><img loading=\"lazy\" decoding=\"async\" width=\"1024\" height=\"768\" src=\"https:\/\/enfoquecomunicacionesec.com\/wp-content\/uploads\/2024\/12\/WhatsApp-Image-2024-12-04-at-22.00.10-1024x768.jpeg\" alt=\"\" class=\"wp-image-814\" srcset=\"https:\/\/enfoquecomunicacionesec.com\/wp-content\/uploads\/2024\/12\/WhatsApp-Image-2024-12-04-at-22.00.10-1024x768.jpeg 1024w, https:\/\/enfoquecomunicacionesec.com\/wp-content\/uploads\/2024\/12\/WhatsApp-Image-2024-12-04-at-22.00.10-300x225.jpeg 300w, https:\/\/enfoquecomunicacionesec.com\/wp-content\/uploads\/2024\/12\/WhatsApp-Image-2024-12-04-at-22.00.10-768x576.jpeg 768w, https:\/\/enfoquecomunicacionesec.com\/wp-content\/uploads\/2024\/12\/WhatsApp-Image-2024-12-04-at-22.00.10-1536x1152.jpeg 1536w, https:\/\/enfoquecomunicacionesec.com\/wp-content\/uploads\/2024\/12\/WhatsApp-Image-2024-12-04-at-22.00.10-2048x1536.jpeg 2048w\" sizes=\"auto, (max-width: 1024px) 100vw, 1024px\" \/><\/figure>\n\n\n\n<hr class=\"wp-block-separator has-alpha-channel-opacity\"\/>\n\n\n\n<p>Durante el evento, se destac\u00f3 c\u00f3mo la tecnolog\u00eda DM-i de BYD redefine los est\u00e1ndares de movilidad al integrar un sistema h\u00edbrido enchufable que optimiza el consumo de combustible y reduce las emisiones. Esta tecnolog\u00eda representa el compromiso de la marca con la sostenibilidad y su visi\u00f3n de un futuro m\u00e1s limpio.<\/p>\n\n\n\n<figure class=\"wp-block-image size-large\"><img loading=\"lazy\" decoding=\"async\" width=\"1024\" height=\"768\" src=\"https:\/\/enfoquecomunicacionesec.com\/wp-content\/uploads\/2024\/12\/WhatsApp-Image-2024-12-04-at-22.00.50-1024x768.jpeg\" alt=\"\" class=\"wp-image-815\" srcset=\"https:\/\/enfoquecomunicacionesec.com\/wp-content\/uploads\/2024\/12\/WhatsApp-Image-2024-12-04-at-22.00.50-1024x768.jpeg 1024w, https:\/\/enfoquecomunicacionesec.com\/wp-content\/uploads\/2024\/12\/WhatsApp-Image-2024-12-04-at-22.00.50-300x225.jpeg 300w, https:\/\/enfoquecomunicacionesec.com\/wp-content\/uploads\/2024\/12\/WhatsApp-Image-2024-12-04-at-22.00.50-768x576.jpeg 768w, https:\/\/enfoquecomunicacionesec.com\/wp-content\/uploads\/2024\/12\/WhatsApp-Image-2024-12-04-at-22.00.50-1536x1152.jpeg 1536w, https:\/\/enfoquecomunicacionesec.com\/wp-content\/uploads\/2024\/12\/WhatsApp-Image-2024-12-04-at-22.00.50-2048x1536.jpeg 2048w\" sizes=\"auto, (max-width: 1024px) 100vw, 1024px\" \/><\/figure>\n\n\n\n<hr class=\"wp-block-separator has-alpha-channel-opacity\"\/>\n\n\n\n<p>Adem\u00e1s, se resalt\u00f3 la incursi\u00f3n de BYD en el mercado ecuatoriano como una marca socialmente responsable, comprometida no solo con ofrecer veh\u00edculos de alta calidad, sino tambi\u00e9n con impulsar un cambio positivo a trav\u00e9s de soluciones innovadoras y sostenibles.<\/p>\n\n\n\n<figure class=\"wp-block-image size-large\"><img loading=\"lazy\" decoding=\"async\" width=\"768\" height=\"1024\" src=\"https:\/\/enfoquecomunicacionesec.com\/wp-content\/uploads\/2024\/12\/WhatsApp-Image-2024-12-04-at-22.01.45-768x1024.jpeg\" alt=\"\" class=\"wp-image-816\" srcset=\"https:\/\/enfoquecomunicacionesec.com\/wp-content\/uploads\/2024\/12\/WhatsApp-Image-2024-12-04-at-22.01.45-768x1024.jpeg 768w, https:\/\/enfoquecomunicacionesec.com\/wp-content\/uploads\/2024\/12\/WhatsApp-Image-2024-12-04-at-22.01.45-225x300.jpeg 225w, https:\/\/enfoquecomunicacionesec.com\/wp-content\/uploads\/2024\/12\/WhatsApp-Image-2024-12-04-at-22.01.45-1152x1536.jpeg 1152w, https:\/\/enfoquecomunicacionesec.com\/wp-content\/uploads\/2024\/12\/WhatsApp-Image-2024-12-04-at-22.01.45-1536x2048.jpeg 1536w, https:\/\/enfoquecomunicacionesec.com\/wp-content\/uploads\/2024\/12\/WhatsApp-Image-2024-12-04-at-22.01.45-scaled.jpeg 1920w\" sizes=\"auto, (max-width: 768px) 100vw, 768px\" \/><\/figure>\n\n\n\n<p>Este tipo de iniciativas refuerzan el liderazgo de BYD en el sector automotriz, consolid\u00e1ndose como un referente en movilidad sostenible en Ecuador y el mundo.<\/p>\n","protected":false},"excerpt":{"rendered":"<p>En un evento lleno de innovaci\u00f3n y sostenibilidad, BYD Ecuador present\u00f3 su revolucionaria tecnolog\u00eda DM-i con un exclusivo test drive en Villa Pietra, Puembo. La jornada fue una oportunidad para que los asistentes experimentaran de primera mano el desempe\u00f1o del s\u00faper h\u00edbrido Song Plus, un veh\u00edculo que combina eficiencia, potencia y respeto por el medio [&hellip;]<\/p>\n","protected":false},"author":1,"featured_media":0,"comment_status":"open","ping_status":"open","sticky":false,"template":"","format":"standard","meta":{"footnotes":""},"categories":[1],"tags":[10,15,23],"class_list":["post-813","post","type-post","status-publish","format-standard","hentry","category-blog","tag-evento","tag-focus-en-accion","tag-sostenibilidad"],"yoast_head":"<!-- This site is optimized with the Yoast SEO plugin v21.5 - https:\/\/yoast.com\/wordpress\/plugins\/seo\/ -->\n<title>BYD Presenta su Tecnolog\u00eda DM-i - EnfoqueComunicaciones.ec<\/title>\n<meta name=\"robots\" content=\"index, follow, max-snippet:-1, max-image-preview:large, max-video-preview:-1\" \/>\n<link rel=\"canonical\" href=\"https:\/\/enfoquecomunicacionesec.com\/index.php\/2024\/12\/09\/byd-presenta-su-tecnologia-dm-i\/\" \/>\n<meta property=\"og:locale\" content=\"es_ES\" \/>\n<meta property=\"og:type\" content=\"article\" \/>\n<meta property=\"og:title\" content=\"BYD Presenta su Tecnolog\u00eda DM-i - EnfoqueComunicaciones.ec\" \/>\n<meta property=\"og:description\" content=\"En un evento lleno de innovaci\u00f3n y sostenibilidad, BYD Ecuador present\u00f3 su revolucionaria tecnolog\u00eda DM-i con un exclusivo test drive en Villa Pietra, Puembo. La jornada fue una oportunidad para que los asistentes experimentaran de primera mano el desempe\u00f1o del s\u00faper h\u00edbrido Song Plus, un veh\u00edculo que combina eficiencia, potencia y respeto por el medio [&hellip;]\" \/>\n<meta property=\"og:url\" content=\"https:\/\/enfoquecomunicacionesec.com\/index.php\/2024\/12\/09\/byd-presenta-su-tecnologia-dm-i\/\" \/>\n<meta property=\"og:site_name\" content=\"EnfoqueComunicaciones.ec\" \/>\n<meta property=\"article:publisher\" content=\"https:\/\/www.facebook.com\/enfoquecomunicacionesec\" \/>\n<meta property=\"article:author\" content=\"https:\/\/www.facebook.com\/enfoquecomunicacionesec\/\" \/>\n<meta property=\"article:published_time\" content=\"2024-12-09T22:05:57+00:00\" \/>\n<meta property=\"og:image\" content=\"https:\/\/enfoquecomunicacionesec.com\/wp-content\/uploads\/2024\/12\/WhatsApp-Image-2024-12-04-at-22.00.10-1024x768.jpeg\" \/>\n<meta name=\"author\" content=\"enfoquecomunicacionesec.com\" \/>\n<meta name=\"twitter:card\" content=\"summary_large_image\" \/>\n<meta name=\"twitter:label1\" content=\"Escrito por\" \/>\n\t<meta name=\"twitter:data1\" content=\"enfoquecomunicacionesec.com\" \/>\n\t<meta name=\"twitter:label2\" content=\"Tiempo de lectura\" \/>\n\t<meta name=\"twitter:data2\" content=\"2 minutos\" \/>\n<script type=\"application\/ld+json\" class=\"yoast-schema-graph\">{\"@context\":\"https:\/\/schema.org\",\"@graph\":[{\"@type\":\"Article\",\"@id\":\"https:\/\/enfoquecomunicacionesec.com\/index.php\/2024\/12\/09\/byd-presenta-su-tecnologia-dm-i\/#article\",\"isPartOf\":{\"@id\":\"https:\/\/enfoquecomunicacionesec.com\/index.php\/2024\/12\/09\/byd-presenta-su-tecnologia-dm-i\/\"},\"author\":{\"name\":\"enfoquecomunicacionesec.com\",\"@id\":\"https:\/\/enfoquecomunicacionesec.com\/#\/schema\/person\/2b7ab7f9f7be7fa65c396efa3876a786\"},\"headline\":\"BYD Presenta su Tecnolog\u00eda DM-i\",\"datePublished\":\"2024-12-09T22:05:57+00:00\",\"dateModified\":\"2024-12-09T22:05:57+00:00\",\"mainEntityOfPage\":{\"@id\":\"https:\/\/enfoquecomunicacionesec.com\/index.php\/2024\/12\/09\/byd-presenta-su-tecnologia-dm-i\/\"},\"wordCount\":196,\"commentCount\":0,\"publisher\":{\"@id\":\"https:\/\/enfoquecomunicacionesec.com\/#organization\"},\"keywords\":[\"Evento\",\"Focus en accion\",\"sostenibilidad\"],\"articleSection\":[\"Blog\"],\"inLanguage\":\"es\",\"potentialAction\":[{\"@type\":\"CommentAction\",\"name\":\"Comment\",\"target\":[\"https:\/\/enfoquecomunicacionesec.com\/index.php\/2024\/12\/09\/byd-presenta-su-tecnologia-dm-i\/#respond\"]}]},{\"@type\":\"WebPage\",\"@id\":\"https:\/\/enfoquecomunicacionesec.com\/index.php\/2024\/12\/09\/byd-presenta-su-tecnologia-dm-i\/\",\"url\":\"https:\/\/enfoquecomunicacionesec.com\/index.php\/2024\/12\/09\/byd-presenta-su-tecnologia-dm-i\/\",\"name\":\"BYD Presenta su Tecnolog\u00eda DM-i - EnfoqueComunicaciones.ec\",\"isPartOf\":{\"@id\":\"https:\/\/enfoquecomunicacionesec.com\/#website\"},\"datePublished\":\"2024-12-09T22:05:57+00:00\",\"dateModified\":\"2024-12-09T22:05:57+00:00\",\"breadcrumb\":{\"@id\":\"https:\/\/enfoquecomunicacionesec.com\/index.php\/2024\/12\/09\/byd-presenta-su-tecnologia-dm-i\/#breadcrumb\"},\"inLanguage\":\"es\",\"potentialAction\":[{\"@type\":\"ReadAction\",\"target\":[\"https:\/\/enfoquecomunicacionesec.com\/index.php\/2024\/12\/09\/byd-presenta-su-tecnologia-dm-i\/\"]}]},{\"@type\":\"BreadcrumbList\",\"@id\":\"https:\/\/enfoquecomunicacionesec.com\/index.php\/2024\/12\/09\/byd-presenta-su-tecnologia-dm-i\/#breadcrumb\",\"itemListElement\":[{\"@type\":\"ListItem\",\"position\":1,\"name\":\"Portada\",\"item\":\"https:\/\/enfoquecomunicacionesec.com\/\"},{\"@type\":\"ListItem\",\"position\":2,\"name\":\"BYD Presenta su Tecnolog\u00eda DM-i\"}]},{\"@type\":\"WebSite\",\"@id\":\"https:\/\/enfoquecomunicacionesec.com\/#website\",\"url\":\"https:\/\/enfoquecomunicacionesec.com\/\",\"name\":\"EnfoqueComunicaciones.ec\",\"description\":\"\",\"publisher\":{\"@id\":\"https:\/\/enfoquecomunicacionesec.com\/#organization\"},\"potentialAction\":[{\"@type\":\"SearchAction\",\"target\":{\"@type\":\"EntryPoint\",\"urlTemplate\":\"https:\/\/enfoquecomunicacionesec.com\/?s={search_term_string}\"},\"query-input\":\"required name=search_term_string\"}],\"inLanguage\":\"es\"},{\"@type\":\"Organization\",\"@id\":\"https:\/\/enfoquecomunicacionesec.com\/#organization\",\"name\":\"EnfoqueComunicaciones.ec\",\"url\":\"https:\/\/enfoquecomunicacionesec.com\/\",\"logo\":{\"@type\":\"ImageObject\",\"inLanguage\":\"es\",\"@id\":\"https:\/\/enfoquecomunicacionesec.com\/#\/schema\/logo\/image\/\",\"url\":\"http:\/\/enfoquecomunicacionesec.com\/wp-content\/uploads\/2023\/09\/cropped-LOGO-ENFOQUE-1.png\",\"contentUrl\":\"http:\/\/enfoquecomunicacionesec.com\/wp-content\/uploads\/2023\/09\/cropped-LOGO-ENFOQUE-1.png\",\"width\":512,\"height\":512,\"caption\":\"EnfoqueComunicaciones.ec\"},\"image\":{\"@id\":\"https:\/\/enfoquecomunicacionesec.com\/#\/schema\/logo\/image\/\"},\"sameAs\":[\"https:\/\/www.facebook.com\/enfoquecomunicacionesec\",\"https:\/\/www.instagram.com\/enfoque.comunicaciones\/\",\"https:\/\/www.linkedin.com\/in\/enfoque-comunicaciones-ec-0ba5a424b\/\"]},{\"@type\":\"Person\",\"@id\":\"https:\/\/enfoquecomunicacionesec.com\/#\/schema\/person\/2b7ab7f9f7be7fa65c396efa3876a786\",\"name\":\"enfoquecomunicacionesec.com\",\"image\":{\"@type\":\"ImageObject\",\"inLanguage\":\"es\",\"@id\":\"https:\/\/enfoquecomunicacionesec.com\/#\/schema\/person\/image\/\",\"url\":\"https:\/\/secure.gravatar.com\/avatar\/cc08e6fde57d62cfc05ab2281442cfaaf53a21aedf183ff95293b1c45e85127a?s=96&d=mm&r=g\",\"contentUrl\":\"https:\/\/secure.gravatar.com\/avatar\/cc08e6fde57d62cfc05ab2281442cfaaf53a21aedf183ff95293b1c45e85127a?s=96&d=mm&r=g\",\"caption\":\"enfoquecomunicacionesec.com\"},\"sameAs\":[\"http:\/\/enfoquecomunicacionesec.com\",\"https:\/\/www.facebook.com\/enfoquecomunicacionesec\/\",\"https:\/\/www.instagram.com\/enfoque.comunicaciones_mkt\/\",\"https:\/\/www.linkedin.com\/in\/enfoque-comunicaciones-ec-0ba5a424b\/\"],\"url\":\"https:\/\/enfoquecomunicacionesec.com\/index.php\/author\/enfoquecomunicacionesec-com\/\"}]}<\/script>\n<!-- \/ Yoast SEO plugin. -->","yoast_head_json":{"title":"BYD Presenta su Tecnolog\u00eda DM-i - EnfoqueComunicaciones.ec","robots":{"index":"index","follow":"follow","max-snippet":"max-snippet:-1","max-image-preview":"max-image-preview:large","max-video-preview":"max-video-preview:-1"},"canonical":"https:\/\/enfoquecomunicacionesec.com\/index.php\/2024\/12\/09\/byd-presenta-su-tecnologia-dm-i\/","og_locale":"es_ES","og_type":"article","og_title":"BYD Presenta su Tecnolog\u00eda DM-i - EnfoqueComunicaciones.ec","og_description":"En un evento lleno de innovaci\u00f3n y sostenibilidad, BYD Ecuador present\u00f3 su revolucionaria tecnolog\u00eda DM-i con un exclusivo test drive en Villa Pietra, Puembo. La jornada fue una oportunidad para que los asistentes experimentaran de primera mano el desempe\u00f1o del s\u00faper h\u00edbrido Song Plus, un veh\u00edculo que combina eficiencia, potencia y respeto por el medio [&hellip;]","og_url":"https:\/\/enfoquecomunicacionesec.com\/index.php\/2024\/12\/09\/byd-presenta-su-tecnologia-dm-i\/","og_site_name":"EnfoqueComunicaciones.ec","article_publisher":"https:\/\/www.facebook.com\/enfoquecomunicacionesec","article_author":"https:\/\/www.facebook.com\/enfoquecomunicacionesec\/","article_published_time":"2024-12-09T22:05:57+00:00","og_image":[{"url":"https:\/\/enfoquecomunicacionesec.com\/wp-content\/uploads\/2024\/12\/WhatsApp-Image-2024-12-04-at-22.00.10-1024x768.jpeg"}],"author":"enfoquecomunicacionesec.com","twitter_card":"summary_large_image","twitter_misc":{"Escrito por":"enfoquecomunicacionesec.com","Tiempo de lectura":"2 minutos"},"schema":{"@context":"https:\/\/schema.org","@graph":[{"@type":"Article","@id":"https:\/\/enfoquecomunicacionesec.com\/index.php\/2024\/12\/09\/byd-presenta-su-tecnologia-dm-i\/#article","isPartOf":{"@id":"https:\/\/enfoquecomunicacionesec.com\/index.php\/2024\/12\/09\/byd-presenta-su-tecnologia-dm-i\/"},"author":{"name":"enfoquecomunicacionesec.com","@id":"https:\/\/enfoquecomunicacionesec.com\/#\/schema\/person\/2b7ab7f9f7be7fa65c396efa3876a786"},"headline":"BYD Presenta su Tecnolog\u00eda DM-i","datePublished":"2024-12-09T22:05:57+00:00","dateModified":"2024-12-09T22:05:57+00:00","mainEntityOfPage":{"@id":"https:\/\/enfoquecomunicacionesec.com\/index.php\/2024\/12\/09\/byd-presenta-su-tecnologia-dm-i\/"},"wordCount":196,"commentCount":0,"publisher":{"@id":"https:\/\/enfoquecomunicacionesec.com\/#organization"},"keywords":["Evento","Focus en accion","sostenibilidad"],"articleSection":["Blog"],"inLanguage":"es","potentialAction":[{"@type":"CommentAction","name":"Comment","target":["https:\/\/enfoquecomunicacionesec.com\/index.php\/2024\/12\/09\/byd-presenta-su-tecnologia-dm-i\/#respond"]}]},{"@type":"WebPage","@id":"https:\/\/enfoquecomunicacionesec.com\/index.php\/2024\/12\/09\/byd-presenta-su-tecnologia-dm-i\/","url":"https:\/\/enfoquecomunicacionesec.com\/index.php\/2024\/12\/09\/byd-presenta-su-tecnologia-dm-i\/","name":"BYD Presenta su Tecnolog\u00eda DM-i - EnfoqueComunicaciones.ec","isPartOf":{"@id":"https:\/\/enfoquecomunicacionesec.com\/#website"},"datePublished":"2024-12-09T22:05:57+00:00","dateModified":"2024-12-09T22:05:57+00:00","breadcrumb":{"@id":"https:\/\/enfoquecomunicacionesec.com\/index.php\/2024\/12\/09\/byd-presenta-su-tecnologia-dm-i\/#breadcrumb"},"inLanguage":"es","potentialAction":[{"@type":"ReadAction","target":["https:\/\/enfoquecomunicacionesec.com\/index.php\/2024\/12\/09\/byd-presenta-su-tecnologia-dm-i\/"]}]},{"@type":"BreadcrumbList","@id":"https:\/\/enfoquecomunicacionesec.com\/index.php\/2024\/12\/09\/byd-presenta-su-tecnologia-dm-i\/#breadcrumb","itemListElement":[{"@type":"ListItem","position":1,"name":"Portada","item":"https:\/\/enfoquecomunicacionesec.com\/"},{"@type":"ListItem","position":2,"name":"BYD Presenta su Tecnolog\u00eda DM-i"}]},{"@type":"WebSite","@id":"https:\/\/enfoquecomunicacionesec.com\/#website","url":"https:\/\/enfoquecomunicacionesec.com\/","name":"EnfoqueComunicaciones.ec","description":"","publisher":{"@id":"https:\/\/enfoquecomunicacionesec.com\/#organization"},"potentialAction":[{"@type":"SearchAction","target":{"@type":"EntryPoint","urlTemplate":"https:\/\/enfoquecomunicacionesec.com\/?s={search_term_string}"},"query-input":"required name=search_term_string"}],"inLanguage":"es"},{"@type":"Organization","@id":"https:\/\/enfoquecomunicacionesec.com\/#organization","name":"EnfoqueComunicaciones.ec","url":"https:\/\/enfoquecomunicacionesec.com\/","logo":{"@type":"ImageObject","inLanguage":"es","@id":"https:\/\/enfoquecomunicacionesec.com\/#\/schema\/logo\/image\/","url":"http:\/\/enfoquecomunicacionesec.com\/wp-content\/uploads\/2023\/09\/cropped-LOGO-ENFOQUE-1.png","contentUrl":"http:\/\/enfoquecomunicacionesec.com\/wp-content\/uploads\/2023\/09\/cropped-LOGO-ENFOQUE-1.png","width":512,"height":512,"caption":"EnfoqueComunicaciones.ec"},"image":{"@id":"https:\/\/enfoquecomunicacionesec.com\/#\/schema\/logo\/image\/"},"sameAs":["https:\/\/www.facebook.com\/enfoquecomunicacionesec","https:\/\/www.instagram.com\/enfoque.comunicaciones\/","https:\/\/www.linkedin.com\/in\/enfoque-comunicaciones-ec-0ba5a424b\/"]},{"@type":"Person","@id":"https:\/\/enfoquecomunicacionesec.com\/#\/schema\/person\/2b7ab7f9f7be7fa65c396efa3876a786","name":"enfoquecomunicacionesec.com","image":{"@type":"ImageObject","inLanguage":"es","@id":"https:\/\/enfoquecomunicacionesec.com\/#\/schema\/person\/image\/","url":"https:\/\/secure.gravatar.com\/avatar\/cc08e6fde57d62cfc05ab2281442cfaaf53a21aedf183ff95293b1c45e85127a?s=96&d=mm&r=g","contentUrl":"https:\/\/secure.gravatar.com\/avatar\/cc08e6fde57d62cfc05ab2281442cfaaf53a21aedf183ff95293b1c45e85127a?s=96&d=mm&r=g","caption":"enfoquecomunicacionesec.com"},"sameAs":["http:\/\/enfoquecomunicacionesec.com","https:\/\/www.facebook.com\/enfoquecomunicacionesec\/","https:\/\/www.instagram.com\/enfoque.comunicaciones_mkt\/","https:\/\/www.linkedin.com\/in\/enfoque-comunicaciones-ec-0ba5a424b\/"],"url":"https:\/\/enfoquecomunicacionesec.com\/index.php\/author\/enfoquecomunicacionesec-com\/"}]}},"_links":{"self":[{"href":"https:\/\/enfoquecomunicacionesec.com\/index.php\/wp-json\/wp\/v2\/posts\/813","targetHints":{"allow":["GET"]}}],"collection":[{"href":"https:\/\/enfoquecomunicacionesec.com\/index.php\/wp-json\/wp\/v2\/posts"}],"about":[{"href":"https:\/\/enfoquecomunicacionesec.com\/index.php\/wp-json\/wp\/v2\/types\/post"}],"author":[{"embeddable":true,"href":"https:\/\/enfoquecomunicacionesec.com\/index.php\/wp-json\/wp\/v2\/users\/1"}],"replies":[{"embeddable":true,"href":"https:\/\/enfoquecomunicacionesec.com\/index.php\/wp-json\/wp\/v2\/comments?post=813"}],"version-history":[{"count":2,"href":"https:\/\/enfoquecomunicacionesec.com\/index.php\/wp-json\/wp\/v2\/posts\/813\/revisions"}],"predecessor-version":[{"id":818,"href":"https:\/\/enfoquecomunicacionesec.com\/index.php\/wp-json\/wp\/v2\/posts\/813\/revisions\/818"}],"wp:attachment":[{"href":"https:\/\/enfoquecomunicacionesec.com\/index.php\/wp-json\/wp\/v2\/media?parent=813"}],"wp:term":[{"taxonomy":"category","embeddable":true,"href":"https:\/\/enfoquecomunicacionesec.com\/index.php\/wp-json\/wp\/v2\/categories?post=813"},{"taxonomy":"post_tag","embeddable":true,"href":"https:\/\/enfoquecomunicacionesec.com\/index.php\/wp-json\/wp\/v2\/tags?post=813"}],"curies":[{"name":"wp","href":"https:\/\/api.w.org\/{rel}","templated":true}]}}