{"id":819,"date":"2024-12-18T16:24:03","date_gmt":"2024-12-18T21:24:03","guid":{"rendered":"https:\/\/enfoquecomunicacionesec.com\/?p=819"},"modified":"2024-12-18T16:24:03","modified_gmt":"2024-12-18T21:24:03","slug":"fundacion-casa-ronald-mcdonald-y-alimentos-polar-llevan-la-magia-de-la-navidad-a-mas-de-40-ninos-y-sus-familias","status":"publish","type":"post","link":"https:\/\/enfoquecomunicacionesec.com\/index.php\/2024\/12\/18\/fundacion-casa-ronald-mcdonald-y-alimentos-polar-llevan-la-magia-de-la-navidad-a-mas-de-40-ninos-y-sus-familias\/","title":{"rendered":"Fundaci\u00f3n Casa Ronald McDonald y Alimentos Polar llevan la Magia de la Navidad a m\u00e1s de 40 ni\u00f1os y sus familias"},"content":{"rendered":"\n<p><\/p>\n\n\n\n<figure class=\"wp-block-gallery has-nested-images columns-default is-cropped wp-block-gallery-1 is-layout-flex wp-block-gallery-is-layout-flex\">\n<figure class=\"wp-block-image size-large\"><img loading=\"lazy\" decoding=\"async\" width=\"1024\" height=\"768\" data-id=\"821\" src=\"https:\/\/enfoquecomunicacionesec.com\/wp-content\/uploads\/2024\/12\/IMG_0262-1024x768.png\" alt=\"\" class=\"wp-image-821\" srcset=\"https:\/\/enfoquecomunicacionesec.com\/wp-content\/uploads\/2024\/12\/IMG_0262-1024x768.png 1024w, https:\/\/enfoquecomunicacionesec.com\/wp-content\/uploads\/2024\/12\/IMG_0262-300x225.png 300w, https:\/\/enfoquecomunicacionesec.com\/wp-content\/uploads\/2024\/12\/IMG_0262-768x576.png 768w, https:\/\/enfoquecomunicacionesec.com\/wp-content\/uploads\/2024\/12\/IMG_0262-1536x1152.png 1536w, https:\/\/enfoquecomunicacionesec.com\/wp-content\/uploads\/2024\/12\/IMG_0262-2048x1536.png 2048w\" sizes=\"auto, (max-width: 1024px) 100vw, 1024px\" \/><\/figure>\n<\/figure>\n\n\n\n<hr class=\"wp-block-separator has-alpha-channel-opacity\"\/>\n\n\n\n<p class=\"has-text-align-center\">Un desayuno navide\u00f1o y un show de magia fueron algunas de las actividades organizadas en la <strong>Fundaci\u00f3n Casa Ronald McDonald<\/strong>, gracias al apoyo y compromiso de <strong>Alimentos Polar Ecuador<\/strong>. Cerca de 100 personas, entre ni\u00f1os y familiares, disfrutaron de este agasajo lleno de magia y alegr\u00eda, que brind\u00f3 un momento especial a los peque\u00f1os que enfrentan enfermedades complejas.<\/p>\n\n\n\n<hr class=\"wp-block-separator has-alpha-channel-opacity\"\/>\n\n\n\n<figure class=\"wp-block-image size-large\"><img loading=\"lazy\" decoding=\"async\" width=\"1024\" height=\"768\" src=\"https:\/\/enfoquecomunicacionesec.com\/wp-content\/uploads\/2024\/12\/IMG_0223-1-1024x768.png\" alt=\"\" class=\"wp-image-822\" srcset=\"https:\/\/enfoquecomunicacionesec.com\/wp-content\/uploads\/2024\/12\/IMG_0223-1-1024x768.png 1024w, https:\/\/enfoquecomunicacionesec.com\/wp-content\/uploads\/2024\/12\/IMG_0223-1-300x225.png 300w, https:\/\/enfoquecomunicacionesec.com\/wp-content\/uploads\/2024\/12\/IMG_0223-1-768x576.png 768w, https:\/\/enfoquecomunicacionesec.com\/wp-content\/uploads\/2024\/12\/IMG_0223-1-1536x1152.png 1536w, https:\/\/enfoquecomunicacionesec.com\/wp-content\/uploads\/2024\/12\/IMG_0223-1-2048x1536.png 2048w\" sizes=\"auto, (max-width: 1024px) 100vw, 1024px\" \/><\/figure>\n\n\n\n<hr class=\"wp-block-separator has-alpha-channel-opacity\"\/>\n\n\n\n<p>El evento, que se llev\u00f3 a cabo este 17 de diciembre en las instalaciones de la Fundaci\u00f3n en Guayaquil, cont\u00f3 con la participaci\u00f3n de voluntarios de <strong>Alimentos Polar Ecuador<\/strong>. Adem\u00e1s, como parte del trabajo conjunto entre ambas organizaciones, la empresa realiz\u00f3 la donaci\u00f3n de <strong>304 kilos de harina de ma\u00edz P.A.N., 192 unidades de mayonesa y salsa de tomate Gust\u2022 by P.A.N; y, 312 unidades de margarina Gust\u2022 by P.A.N<\/strong>, lo que facilitar\u00e1 la preparaci\u00f3n de m\u00e1s de <strong>seis mil porciones de alimentos<\/strong> destinados a los beneficiarios de la Fundaci\u00f3n a escala nacional.<\/p>\n\n\n\n<div style=\"height:35px\" aria-hidden=\"true\" class=\"wp-block-spacer\"><\/div>\n\n\n\n<p><em>\u201cNos llena de alegr\u00eda consolidar alianzas estrat\u00e9gicas como esta, que nos permiten estar m\u00e1s cerca de las necesidades de las comunidades. Compartir con los ni\u00f1os y sus familias nos motiva a continuar trabajando por una buena alimentaci\u00f3n. Esta donaci\u00f3n representa nuestro granito de harina para apoyar el bienestar de poblaciones en situaci\u00f3n de vulnerabilidad.\u201d<\/em>, destac\u00f3 <strong>Christian Robles, Gerente Comercial de Alimentos Polar Ecuador.<\/strong><\/p>\n\n\n\n<hr class=\"wp-block-separator has-alpha-channel-opacity\"\/>\n\n\n\n<figure class=\"wp-block-image size-large\"><img loading=\"lazy\" decoding=\"async\" width=\"1024\" height=\"768\" src=\"https:\/\/enfoquecomunicacionesec.com\/wp-content\/uploads\/2024\/12\/IMG_0257-1024x768.png\" alt=\"\" class=\"wp-image-823\" srcset=\"https:\/\/enfoquecomunicacionesec.com\/wp-content\/uploads\/2024\/12\/IMG_0257-1024x768.png 1024w, https:\/\/enfoquecomunicacionesec.com\/wp-content\/uploads\/2024\/12\/IMG_0257-300x225.png 300w, https:\/\/enfoquecomunicacionesec.com\/wp-content\/uploads\/2024\/12\/IMG_0257-768x576.png 768w, https:\/\/enfoquecomunicacionesec.com\/wp-content\/uploads\/2024\/12\/IMG_0257-1536x1152.png 1536w, https:\/\/enfoquecomunicacionesec.com\/wp-content\/uploads\/2024\/12\/IMG_0257-2048x1536.png 2048w\" sizes=\"auto, (max-width: 1024px) 100vw, 1024px\" \/><\/figure>\n\n\n\n<hr class=\"wp-block-separator has-alpha-channel-opacity\"\/>\n\n\n\n<p>Por su parte, <strong>Denisse Viteri \u00c1lvarez, Gerente General de la<\/strong><em> <\/em><strong>Fundaci\u00f3n Casa Ronald McDonald<\/strong>, resalt\u00f3 el apoyo invaluable de los aliados estrat\u00e9gicos que ha permitido dar continuidad a su labor<em>. \u201c<strong>En 2024, logramos<\/strong> <strong>impactar a m\u00e1s de<\/strong> <strong>dos mil familias<\/strong> que transitan por diversos tratamientos m\u00e9dicos oncol\u00f3gicos. Poder ofrecerles un lugar c\u00f3modo para descansar, insumos para sus tratamientos y comida que permita una dieta equilibrada es una gran satisfacci\u00f3n. Esto sin duda es posible gracias al apoyo de la empresa privada\u201d.<\/em><\/p>\n\n\n\n<hr class=\"wp-block-separator has-alpha-channel-opacity\"\/>\n\n\n\n<p>Durante el evento, <strong>Alimentos Polar Ecuador<\/strong> anunci\u00f3 su compromiso de continuar colaborando con la Fundaci\u00f3n durante 2025, a trav\u00e9s de la entrega trimestral de <strong>144 kilos de harina P.A.N., <\/strong>lo que representa 2.888 porciones de alimentos. \u00a0<\/p>\n\n\n\n<figure class=\"wp-block-image size-large\"><img loading=\"lazy\" decoding=\"async\" width=\"1024\" height=\"768\" src=\"https:\/\/enfoquecomunicacionesec.com\/wp-content\/uploads\/2024\/12\/IMG_0256-1024x768.png\" alt=\"\" class=\"wp-image-824\" srcset=\"https:\/\/enfoquecomunicacionesec.com\/wp-content\/uploads\/2024\/12\/IMG_0256-1024x768.png 1024w, https:\/\/enfoquecomunicacionesec.com\/wp-content\/uploads\/2024\/12\/IMG_0256-300x225.png 300w, https:\/\/enfoquecomunicacionesec.com\/wp-content\/uploads\/2024\/12\/IMG_0256-768x576.png 768w, https:\/\/enfoquecomunicacionesec.com\/wp-content\/uploads\/2024\/12\/IMG_0256-1536x1152.png 1536w, https:\/\/enfoquecomunicacionesec.com\/wp-content\/uploads\/2024\/12\/IMG_0256-2048x1536.png 2048w\" sizes=\"auto, (max-width: 1024px) 100vw, 1024px\" \/><\/figure>\n","protected":false},"excerpt":{"rendered":"<p>Un desayuno navide\u00f1o y un show de magia fueron algunas de las actividades organizadas en la Fundaci\u00f3n Casa Ronald McDonald, gracias al apoyo y compromiso de Alimentos Polar Ecuador. Cerca de 100 personas, entre ni\u00f1os y familiares, disfrutaron de este agasajo lleno de magia y alegr\u00eda, que brind\u00f3 un momento especial a los peque\u00f1os que [&hellip;]<\/p>\n","protected":false},"author":1,"featured_media":0,"comment_status":"open","ping_status":"open","sticky":false,"template":"","format":"standard","meta":{"footnotes":""},"categories":[1],"tags":[30,29,10,40],"class_list":["post-819","post","type-post","status-publish","format-standard","hentry","category-blog","tag-enfoquecomunicacionesec","tag-focustelocuenta","tag-evento","tag-fundacionmcdonald"],"yoast_head":"<!-- This site is optimized with the Yoast SEO plugin v21.5 - https:\/\/yoast.com\/wordpress\/plugins\/seo\/ -->\n<title>Fundaci\u00f3n Casa Ronald McDonald y Alimentos Polar llevan la Magia de la Navidad a m\u00e1s de 40 ni\u00f1os y sus familias - EnfoqueComunicaciones.ec<\/title>\n<meta name=\"robots\" content=\"index, follow, max-snippet:-1, max-image-preview:large, max-video-preview:-1\" \/>\n<link rel=\"canonical\" href=\"https:\/\/enfoquecomunicacionesec.com\/index.php\/2024\/12\/18\/fundacion-casa-ronald-mcdonald-y-alimentos-polar-llevan-la-magia-de-la-navidad-a-mas-de-40-ninos-y-sus-familias\/\" \/>\n<meta property=\"og:locale\" content=\"es_ES\" \/>\n<meta property=\"og:type\" content=\"article\" \/>\n<meta property=\"og:title\" content=\"Fundaci\u00f3n Casa Ronald McDonald y Alimentos Polar llevan la Magia de la Navidad a m\u00e1s de 40 ni\u00f1os y sus familias - EnfoqueComunicaciones.ec\" \/>\n<meta property=\"og:description\" content=\"Un desayuno navide\u00f1o y un show de magia fueron algunas de las actividades organizadas en la Fundaci\u00f3n Casa Ronald McDonald, gracias al apoyo y compromiso de Alimentos Polar Ecuador. Cerca de 100 personas, entre ni\u00f1os y familiares, disfrutaron de este agasajo lleno de magia y alegr\u00eda, que brind\u00f3 un momento especial a los peque\u00f1os que [&hellip;]\" \/>\n<meta property=\"og:url\" content=\"https:\/\/enfoquecomunicacionesec.com\/index.php\/2024\/12\/18\/fundacion-casa-ronald-mcdonald-y-alimentos-polar-llevan-la-magia-de-la-navidad-a-mas-de-40-ninos-y-sus-familias\/\" \/>\n<meta property=\"og:site_name\" content=\"EnfoqueComunicaciones.ec\" \/>\n<meta property=\"article:publisher\" content=\"https:\/\/www.facebook.com\/enfoquecomunicacionesec\" \/>\n<meta property=\"article:author\" content=\"https:\/\/www.facebook.com\/enfoquecomunicacionesec\/\" \/>\n<meta property=\"article:published_time\" content=\"2024-12-18T21:24:03+00:00\" \/>\n<meta property=\"og:image\" content=\"https:\/\/enfoquecomunicacionesec.com\/wp-content\/uploads\/2024\/12\/IMG_0262-1024x768.png\" \/>\n<meta name=\"author\" content=\"enfoquecomunicacionesec.com\" \/>\n<meta name=\"twitter:card\" content=\"summary_large_image\" \/>\n<meta name=\"twitter:label1\" content=\"Escrito por\" \/>\n\t<meta name=\"twitter:data1\" content=\"enfoquecomunicacionesec.com\" \/>\n\t<meta name=\"twitter:label2\" content=\"Tiempo de lectura\" \/>\n\t<meta name=\"twitter:data2\" content=\"3 minutos\" \/>\n<script type=\"application\/ld+json\" class=\"yoast-schema-graph\">{\"@context\":\"https:\/\/schema.org\",\"@graph\":[{\"@type\":\"Article\",\"@id\":\"https:\/\/enfoquecomunicacionesec.com\/index.php\/2024\/12\/18\/fundacion-casa-ronald-mcdonald-y-alimentos-polar-llevan-la-magia-de-la-navidad-a-mas-de-40-ninos-y-sus-familias\/#article\",\"isPartOf\":{\"@id\":\"https:\/\/enfoquecomunicacionesec.com\/index.php\/2024\/12\/18\/fundacion-casa-ronald-mcdonald-y-alimentos-polar-llevan-la-magia-de-la-navidad-a-mas-de-40-ninos-y-sus-familias\/\"},\"author\":{\"name\":\"enfoquecomunicacionesec.com\",\"@id\":\"https:\/\/enfoquecomunicacionesec.com\/#\/schema\/person\/2b7ab7f9f7be7fa65c396efa3876a786\"},\"headline\":\"Fundaci\u00f3n Casa Ronald McDonald y Alimentos Polar llevan la Magia de la Navidad a m\u00e1s de 40 ni\u00f1os y sus familias\",\"datePublished\":\"2024-12-18T21:24:03+00:00\",\"dateModified\":\"2024-12-18T21:24:03+00:00\",\"mainEntityOfPage\":{\"@id\":\"https:\/\/enfoquecomunicacionesec.com\/index.php\/2024\/12\/18\/fundacion-casa-ronald-mcdonald-y-alimentos-polar-llevan-la-magia-de-la-navidad-a-mas-de-40-ninos-y-sus-familias\/\"},\"wordCount\":382,\"commentCount\":0,\"publisher\":{\"@id\":\"https:\/\/enfoquecomunicacionesec.com\/#organization\"},\"keywords\":[\"#EnfoqueComunicacionesEC\",\"#Focustelocuenta\",\"Evento\",\"fundacionMcDonald\"],\"articleSection\":[\"Blog\"],\"inLanguage\":\"es\",\"potentialAction\":[{\"@type\":\"CommentAction\",\"name\":\"Comment\",\"target\":[\"https:\/\/enfoquecomunicacionesec.com\/index.php\/2024\/12\/18\/fundacion-casa-ronald-mcdonald-y-alimentos-polar-llevan-la-magia-de-la-navidad-a-mas-de-40-ninos-y-sus-familias\/#respond\"]}]},{\"@type\":\"WebPage\",\"@id\":\"https:\/\/enfoquecomunicacionesec.com\/index.php\/2024\/12\/18\/fundacion-casa-ronald-mcdonald-y-alimentos-polar-llevan-la-magia-de-la-navidad-a-mas-de-40-ninos-y-sus-familias\/\",\"url\":\"https:\/\/enfoquecomunicacionesec.com\/index.php\/2024\/12\/18\/fundacion-casa-ronald-mcdonald-y-alimentos-polar-llevan-la-magia-de-la-navidad-a-mas-de-40-ninos-y-sus-familias\/\",\"name\":\"Fundaci\u00f3n Casa Ronald McDonald y Alimentos Polar llevan la Magia de la Navidad a m\u00e1s de 40 ni\u00f1os y sus familias - EnfoqueComunicaciones.ec\",\"isPartOf\":{\"@id\":\"https:\/\/enfoquecomunicacionesec.com\/#website\"},\"datePublished\":\"2024-12-18T21:24:03+00:00\",\"dateModified\":\"2024-12-18T21:24:03+00:00\",\"breadcrumb\":{\"@id\":\"https:\/\/enfoquecomunicacionesec.com\/index.php\/2024\/12\/18\/fundacion-casa-ronald-mcdonald-y-alimentos-polar-llevan-la-magia-de-la-navidad-a-mas-de-40-ninos-y-sus-familias\/#breadcrumb\"},\"inLanguage\":\"es\",\"potentialAction\":[{\"@type\":\"ReadAction\",\"target\":[\"https:\/\/enfoquecomunicacionesec.com\/index.php\/2024\/12\/18\/fundacion-casa-ronald-mcdonald-y-alimentos-polar-llevan-la-magia-de-la-navidad-a-mas-de-40-ninos-y-sus-familias\/\"]}]},{\"@type\":\"BreadcrumbList\",\"@id\":\"https:\/\/enfoquecomunicacionesec.com\/index.php\/2024\/12\/18\/fundacion-casa-ronald-mcdonald-y-alimentos-polar-llevan-la-magia-de-la-navidad-a-mas-de-40-ninos-y-sus-familias\/#breadcrumb\",\"itemListElement\":[{\"@type\":\"ListItem\",\"position\":1,\"name\":\"Portada\",\"item\":\"https:\/\/enfoquecomunicacionesec.com\/\"},{\"@type\":\"ListItem\",\"position\":2,\"name\":\"Fundaci\u00f3n Casa Ronald McDonald y Alimentos Polar llevan la Magia de la Navidad a m\u00e1s de 40 ni\u00f1os y sus familias\"}]},{\"@type\":\"WebSite\",\"@id\":\"https:\/\/enfoquecomunicacionesec.com\/#website\",\"url\":\"https:\/\/enfoquecomunicacionesec.com\/\",\"name\":\"EnfoqueComunicaciones.ec\",\"description\":\"\",\"publisher\":{\"@id\":\"https:\/\/enfoquecomunicacionesec.com\/#organization\"},\"potentialAction\":[{\"@type\":\"SearchAction\",\"target\":{\"@type\":\"EntryPoint\",\"urlTemplate\":\"https:\/\/enfoquecomunicacionesec.com\/?s={search_term_string}\"},\"query-input\":\"required name=search_term_string\"}],\"inLanguage\":\"es\"},{\"@type\":\"Organization\",\"@id\":\"https:\/\/enfoquecomunicacionesec.com\/#organization\",\"name\":\"EnfoqueComunicaciones.ec\",\"url\":\"https:\/\/enfoquecomunicacionesec.com\/\",\"logo\":{\"@type\":\"ImageObject\",\"inLanguage\":\"es\",\"@id\":\"https:\/\/enfoquecomunicacionesec.com\/#\/schema\/logo\/image\/\",\"url\":\"http:\/\/enfoquecomunicacionesec.com\/wp-content\/uploads\/2023\/09\/cropped-LOGO-ENFOQUE-1.png\",\"contentUrl\":\"http:\/\/enfoquecomunicacionesec.com\/wp-content\/uploads\/2023\/09\/cropped-LOGO-ENFOQUE-1.png\",\"width\":512,\"height\":512,\"caption\":\"EnfoqueComunicaciones.ec\"},\"image\":{\"@id\":\"https:\/\/enfoquecomunicacionesec.com\/#\/schema\/logo\/image\/\"},\"sameAs\":[\"https:\/\/www.facebook.com\/enfoquecomunicacionesec\",\"https:\/\/www.instagram.com\/enfoque.comunicaciones\/\",\"https:\/\/www.linkedin.com\/in\/enfoque-comunicaciones-ec-0ba5a424b\/\"]},{\"@type\":\"Person\",\"@id\":\"https:\/\/enfoquecomunicacionesec.com\/#\/schema\/person\/2b7ab7f9f7be7fa65c396efa3876a786\",\"name\":\"enfoquecomunicacionesec.com\",\"image\":{\"@type\":\"ImageObject\",\"inLanguage\":\"es\",\"@id\":\"https:\/\/enfoquecomunicacionesec.com\/#\/schema\/person\/image\/\",\"url\":\"https:\/\/secure.gravatar.com\/avatar\/cc08e6fde57d62cfc05ab2281442cfaaf53a21aedf183ff95293b1c45e85127a?s=96&d=mm&r=g\",\"contentUrl\":\"https:\/\/secure.gravatar.com\/avatar\/cc08e6fde57d62cfc05ab2281442cfaaf53a21aedf183ff95293b1c45e85127a?s=96&d=mm&r=g\",\"caption\":\"enfoquecomunicacionesec.com\"},\"sameAs\":[\"http:\/\/enfoquecomunicacionesec.com\",\"https:\/\/www.facebook.com\/enfoquecomunicacionesec\/\",\"https:\/\/www.instagram.com\/enfoque.comunicaciones_mkt\/\",\"https:\/\/www.linkedin.com\/in\/enfoque-comunicaciones-ec-0ba5a424b\/\"],\"url\":\"https:\/\/enfoquecomunicacionesec.com\/index.php\/author\/enfoquecomunicacionesec-com\/\"}]}<\/script>\n<!-- \/ Yoast SEO plugin. -->","yoast_head_json":{"title":"Fundaci\u00f3n Casa Ronald McDonald y Alimentos Polar llevan la Magia de la Navidad a m\u00e1s de 40 ni\u00f1os y sus familias - EnfoqueComunicaciones.ec","robots":{"index":"index","follow":"follow","max-snippet":"max-snippet:-1","max-image-preview":"max-image-preview:large","max-video-preview":"max-video-preview:-1"},"canonical":"https:\/\/enfoquecomunicacionesec.com\/index.php\/2024\/12\/18\/fundacion-casa-ronald-mcdonald-y-alimentos-polar-llevan-la-magia-de-la-navidad-a-mas-de-40-ninos-y-sus-familias\/","og_locale":"es_ES","og_type":"article","og_title":"Fundaci\u00f3n Casa Ronald McDonald y Alimentos Polar llevan la Magia de la Navidad a m\u00e1s de 40 ni\u00f1os y sus familias - EnfoqueComunicaciones.ec","og_description":"Un desayuno navide\u00f1o y un show de magia fueron algunas de las actividades organizadas en la Fundaci\u00f3n Casa Ronald McDonald, gracias al apoyo y compromiso de Alimentos Polar Ecuador. Cerca de 100 personas, entre ni\u00f1os y familiares, disfrutaron de este agasajo lleno de magia y alegr\u00eda, que brind\u00f3 un momento especial a los peque\u00f1os que [&hellip;]","og_url":"https:\/\/enfoquecomunicacionesec.com\/index.php\/2024\/12\/18\/fundacion-casa-ronald-mcdonald-y-alimentos-polar-llevan-la-magia-de-la-navidad-a-mas-de-40-ninos-y-sus-familias\/","og_site_name":"EnfoqueComunicaciones.ec","article_publisher":"https:\/\/www.facebook.com\/enfoquecomunicacionesec","article_author":"https:\/\/www.facebook.com\/enfoquecomunicacionesec\/","article_published_time":"2024-12-18T21:24:03+00:00","og_image":[{"url":"https:\/\/enfoquecomunicacionesec.com\/wp-content\/uploads\/2024\/12\/IMG_0262-1024x768.png"}],"author":"enfoquecomunicacionesec.com","twitter_card":"summary_large_image","twitter_misc":{"Escrito por":"enfoquecomunicacionesec.com","Tiempo de lectura":"3 minutos"},"schema":{"@context":"https:\/\/schema.org","@graph":[{"@type":"Article","@id":"https:\/\/enfoquecomunicacionesec.com\/index.php\/2024\/12\/18\/fundacion-casa-ronald-mcdonald-y-alimentos-polar-llevan-la-magia-de-la-navidad-a-mas-de-40-ninos-y-sus-familias\/#article","isPartOf":{"@id":"https:\/\/enfoquecomunicacionesec.com\/index.php\/2024\/12\/18\/fundacion-casa-ronald-mcdonald-y-alimentos-polar-llevan-la-magia-de-la-navidad-a-mas-de-40-ninos-y-sus-familias\/"},"author":{"name":"enfoquecomunicacionesec.com","@id":"https:\/\/enfoquecomunicacionesec.com\/#\/schema\/person\/2b7ab7f9f7be7fa65c396efa3876a786"},"headline":"Fundaci\u00f3n Casa Ronald McDonald y Alimentos Polar llevan la Magia de la Navidad a m\u00e1s de 40 ni\u00f1os y sus familias","datePublished":"2024-12-18T21:24:03+00:00","dateModified":"2024-12-18T21:24:03+00:00","mainEntityOfPage":{"@id":"https:\/\/enfoquecomunicacionesec.com\/index.php\/2024\/12\/18\/fundacion-casa-ronald-mcdonald-y-alimentos-polar-llevan-la-magia-de-la-navidad-a-mas-de-40-ninos-y-sus-familias\/"},"wordCount":382,"commentCount":0,"publisher":{"@id":"https:\/\/enfoquecomunicacionesec.com\/#organization"},"keywords":["#EnfoqueComunicacionesEC","#Focustelocuenta","Evento","fundacionMcDonald"],"articleSection":["Blog"],"inLanguage":"es","potentialAction":[{"@type":"CommentAction","name":"Comment","target":["https:\/\/enfoquecomunicacionesec.com\/index.php\/2024\/12\/18\/fundacion-casa-ronald-mcdonald-y-alimentos-polar-llevan-la-magia-de-la-navidad-a-mas-de-40-ninos-y-sus-familias\/#respond"]}]},{"@type":"WebPage","@id":"https:\/\/enfoquecomunicacionesec.com\/index.php\/2024\/12\/18\/fundacion-casa-ronald-mcdonald-y-alimentos-polar-llevan-la-magia-de-la-navidad-a-mas-de-40-ninos-y-sus-familias\/","url":"https:\/\/enfoquecomunicacionesec.com\/index.php\/2024\/12\/18\/fundacion-casa-ronald-mcdonald-y-alimentos-polar-llevan-la-magia-de-la-navidad-a-mas-de-40-ninos-y-sus-familias\/","name":"Fundaci\u00f3n Casa Ronald McDonald y Alimentos Polar llevan la Magia de la Navidad a m\u00e1s de 40 ni\u00f1os y sus familias - EnfoqueComunicaciones.ec","isPartOf":{"@id":"https:\/\/enfoquecomunicacionesec.com\/#website"},"datePublished":"2024-12-18T21:24:03+00:00","dateModified":"2024-12-18T21:24:03+00:00","breadcrumb":{"@id":"https:\/\/enfoquecomunicacionesec.com\/index.php\/2024\/12\/18\/fundacion-casa-ronald-mcdonald-y-alimentos-polar-llevan-la-magia-de-la-navidad-a-mas-de-40-ninos-y-sus-familias\/#breadcrumb"},"inLanguage":"es","potentialAction":[{"@type":"ReadAction","target":["https:\/\/enfoquecomunicacionesec.com\/index.php\/2024\/12\/18\/fundacion-casa-ronald-mcdonald-y-alimentos-polar-llevan-la-magia-de-la-navidad-a-mas-de-40-ninos-y-sus-familias\/"]}]},{"@type":"BreadcrumbList","@id":"https:\/\/enfoquecomunicacionesec.com\/index.php\/2024\/12\/18\/fundacion-casa-ronald-mcdonald-y-alimentos-polar-llevan-la-magia-de-la-navidad-a-mas-de-40-ninos-y-sus-familias\/#breadcrumb","itemListElement":[{"@type":"ListItem","position":1,"name":"Portada","item":"https:\/\/enfoquecomunicacionesec.com\/"},{"@type":"ListItem","position":2,"name":"Fundaci\u00f3n Casa Ronald McDonald y Alimentos Polar llevan la Magia de la Navidad a m\u00e1s de 40 ni\u00f1os y sus familias"}]},{"@type":"WebSite","@id":"https:\/\/enfoquecomunicacionesec.com\/#website","url":"https:\/\/enfoquecomunicacionesec.com\/","name":"EnfoqueComunicaciones.ec","description":"","publisher":{"@id":"https:\/\/enfoquecomunicacionesec.com\/#organization"},"potentialAction":[{"@type":"SearchAction","target":{"@type":"EntryPoint","urlTemplate":"https:\/\/enfoquecomunicacionesec.com\/?s={search_term_string}"},"query-input":"required name=search_term_string"}],"inLanguage":"es"},{"@type":"Organization","@id":"https:\/\/enfoquecomunicacionesec.com\/#organization","name":"EnfoqueComunicaciones.ec","url":"https:\/\/enfoquecomunicacionesec.com\/","logo":{"@type":"ImageObject","inLanguage":"es","@id":"https:\/\/enfoquecomunicacionesec.com\/#\/schema\/logo\/image\/","url":"http:\/\/enfoquecomunicacionesec.com\/wp-content\/uploads\/2023\/09\/cropped-LOGO-ENFOQUE-1.png","contentUrl":"http:\/\/enfoquecomunicacionesec.com\/wp-content\/uploads\/2023\/09\/cropped-LOGO-ENFOQUE-1.png","width":512,"height":512,"caption":"EnfoqueComunicaciones.ec"},"image":{"@id":"https:\/\/enfoquecomunicacionesec.com\/#\/schema\/logo\/image\/"},"sameAs":["https:\/\/www.facebook.com\/enfoquecomunicacionesec","https:\/\/www.instagram.com\/enfoque.comunicaciones\/","https:\/\/www.linkedin.com\/in\/enfoque-comunicaciones-ec-0ba5a424b\/"]},{"@type":"Person","@id":"https:\/\/enfoquecomunicacionesec.com\/#\/schema\/person\/2b7ab7f9f7be7fa65c396efa3876a786","name":"enfoquecomunicacionesec.com","image":{"@type":"ImageObject","inLanguage":"es","@id":"https:\/\/enfoquecomunicacionesec.com\/#\/schema\/person\/image\/","url":"https:\/\/secure.gravatar.com\/avatar\/cc08e6fde57d62cfc05ab2281442cfaaf53a21aedf183ff95293b1c45e85127a?s=96&d=mm&r=g","contentUrl":"https:\/\/secure.gravatar.com\/avatar\/cc08e6fde57d62cfc05ab2281442cfaaf53a21aedf183ff95293b1c45e85127a?s=96&d=mm&r=g","caption":"enfoquecomunicacionesec.com"},"sameAs":["http:\/\/enfoquecomunicacionesec.com","https:\/\/www.facebook.com\/enfoquecomunicacionesec\/","https:\/\/www.instagram.com\/enfoque.comunicaciones_mkt\/","https:\/\/www.linkedin.com\/in\/enfoque-comunicaciones-ec-0ba5a424b\/"],"url":"https:\/\/enfoquecomunicacionesec.com\/index.php\/author\/enfoquecomunicacionesec-com\/"}]}},"_links":{"self":[{"href":"https:\/\/enfoquecomunicacionesec.com\/index.php\/wp-json\/wp\/v2\/posts\/819","targetHints":{"allow":["GET"]}}],"collection":[{"href":"https:\/\/enfoquecomunicacionesec.com\/index.php\/wp-json\/wp\/v2\/posts"}],"about":[{"href":"https:\/\/enfoquecomunicacionesec.com\/index.php\/wp-json\/wp\/v2\/types\/post"}],"author":[{"embeddable":true,"href":"https:\/\/enfoquecomunicacionesec.com\/index.php\/wp-json\/wp\/v2\/users\/1"}],"replies":[{"embeddable":true,"href":"https:\/\/enfoquecomunicacionesec.com\/index.php\/wp-json\/wp\/v2\/comments?post=819"}],"version-history":[{"count":2,"href":"https:\/\/enfoquecomunicacionesec.com\/index.php\/wp-json\/wp\/v2\/posts\/819\/revisions"}],"predecessor-version":[{"id":826,"href":"https:\/\/enfoquecomunicacionesec.com\/index.php\/wp-json\/wp\/v2\/posts\/819\/revisions\/826"}],"wp:attachment":[{"href":"https:\/\/enfoquecomunicacionesec.com\/index.php\/wp-json\/wp\/v2\/media?parent=819"}],"wp:term":[{"taxonomy":"category","embeddable":true,"href":"https:\/\/enfoquecomunicacionesec.com\/index.php\/wp-json\/wp\/v2\/categories?post=819"},{"taxonomy":"post_tag","embeddable":true,"href":"https:\/\/enfoquecomunicacionesec.com\/index.php\/wp-json\/wp\/v2\/tags?post=819"}],"curies":[{"name":"wp","href":"https:\/\/api.w.org\/{rel}","templated":true}]}}