{"id":827,"date":"2024-12-18T17:08:09","date_gmt":"2024-12-18T22:08:09","guid":{"rendered":"https:\/\/enfoquecomunicacionesec.com\/?p=827"},"modified":"2024-12-18T17:08:09","modified_gmt":"2024-12-18T22:08:09","slug":"electrolux-celebra-por-tercer-ano-consecutivo-navidad-solidaria-apadrinando-a-ninos-en-situacion-de-vulnerabilidad","status":"publish","type":"post","link":"https:\/\/enfoquecomunicacionesec.com\/index.php\/2024\/12\/18\/electrolux-celebra-por-tercer-ano-consecutivo-navidad-solidaria-apadrinando-a-ninos-en-situacion-de-vulnerabilidad\/","title":{"rendered":"Electrolux celebra por tercer a\u00f1o consecutivo \u201cNavidad Solidaria\u201d, apadrinando a ni\u00f1os en situaci\u00f3n de vulnerabilidad"},"content":{"rendered":"\n<figure class=\"wp-block-image size-large\"><img loading=\"lazy\" decoding=\"async\" width=\"1024\" height=\"768\" src=\"https:\/\/enfoquecomunicacionesec.com\/wp-content\/uploads\/2024\/12\/Foto-17-12-24-4-31-46-p-m-1024x768.jpg\" alt=\"\" class=\"wp-image-828\" srcset=\"https:\/\/enfoquecomunicacionesec.com\/wp-content\/uploads\/2024\/12\/Foto-17-12-24-4-31-46-p-m-1024x768.jpg 1024w, https:\/\/enfoquecomunicacionesec.com\/wp-content\/uploads\/2024\/12\/Foto-17-12-24-4-31-46-p-m-300x225.jpg 300w, https:\/\/enfoquecomunicacionesec.com\/wp-content\/uploads\/2024\/12\/Foto-17-12-24-4-31-46-p-m-768x576.jpg 768w, https:\/\/enfoquecomunicacionesec.com\/wp-content\/uploads\/2024\/12\/Foto-17-12-24-4-31-46-p-m-1536x1152.jpg 1536w, https:\/\/enfoquecomunicacionesec.com\/wp-content\/uploads\/2024\/12\/Foto-17-12-24-4-31-46-p-m-2048x1536.jpg 2048w\" sizes=\"auto, (max-width: 1024px) 100vw, 1024px\" \/><\/figure>\n\n\n\n<hr class=\"wp-block-separator has-alpha-channel-opacity\"\/>\n\n\n\n<p>Desde 2022, Electrolux, marca sueca l\u00edder en el mercado de electrodom\u00e9sticos, lleva a cabo su <strong>iniciativa \u201cNavidad Solidaria\u201d, cuyo prop\u00f3sito es apadrinar a ni\u00f1os y ni\u00f1as de la Fundaci\u00f3n Hogar Para Sus Ni\u00f1os<\/strong>, ubicada al norte de Quito, con el fin de dotarles de insumos que permitan promover su desarrollo integral.<\/p>\n\n\n\n<hr class=\"wp-block-separator has-alpha-channel-opacity\"\/>\n\n\n\n<figure class=\"wp-block-image size-large\"><img loading=\"lazy\" decoding=\"async\" width=\"1024\" height=\"576\" src=\"https:\/\/enfoquecomunicacionesec.com\/wp-content\/uploads\/2024\/12\/Foto-17-12-24-4-45-39-p-m-1024x576.jpg\" alt=\"\" class=\"wp-image-829\" srcset=\"https:\/\/enfoquecomunicacionesec.com\/wp-content\/uploads\/2024\/12\/Foto-17-12-24-4-45-39-p-m-1024x576.jpg 1024w, https:\/\/enfoquecomunicacionesec.com\/wp-content\/uploads\/2024\/12\/Foto-17-12-24-4-45-39-p-m-300x169.jpg 300w, https:\/\/enfoquecomunicacionesec.com\/wp-content\/uploads\/2024\/12\/Foto-17-12-24-4-45-39-p-m-768x432.jpg 768w, https:\/\/enfoquecomunicacionesec.com\/wp-content\/uploads\/2024\/12\/Foto-17-12-24-4-45-39-p-m-1536x864.jpg 1536w, https:\/\/enfoquecomunicacionesec.com\/wp-content\/uploads\/2024\/12\/Foto-17-12-24-4-45-39-p-m-2048x1152.jpg 2048w\" sizes=\"auto, (max-width: 1024px) 100vw, 1024px\" \/><\/figure>\n\n\n\n<div style=\"height:35px\" aria-hidden=\"true\" class=\"wp-block-spacer\"><\/div>\n\n\n\n<p>Desde sus inicios, el proyecto ha apoyado a m\u00e1s de 50 ni\u00f1os. En esta tercera jornada, que se realiz\u00f3 a mediados de diciembre, 36 ni\u00f1os y j\u00f3venes fueron beneficiados con un agasajo navide\u00f1o y la donaci\u00f3n de regalos; as\u00ed como con la entrega de productos alimenticios e insumos de limpieza para la Fundaci\u00f3n. Con estas acciones, Electrolux mantiene su compromiso de crear comunidades emp\u00e1ticas, fuertes y diversas, impactando positivamente en la vida de los infantes.<\/p>\n\n\n\n<hr class=\"wp-block-separator has-alpha-channel-opacity\"\/>\n\n\n\n<figure class=\"wp-block-image size-large\"><img loading=\"lazy\" decoding=\"async\" width=\"1024\" height=\"576\" src=\"https:\/\/enfoquecomunicacionesec.com\/wp-content\/uploads\/2024\/12\/Foto-17-12-24-4-51-27-p-m-1024x576.jpg\" alt=\"\" class=\"wp-image-830\" srcset=\"https:\/\/enfoquecomunicacionesec.com\/wp-content\/uploads\/2024\/12\/Foto-17-12-24-4-51-27-p-m-1024x576.jpg 1024w, https:\/\/enfoquecomunicacionesec.com\/wp-content\/uploads\/2024\/12\/Foto-17-12-24-4-51-27-p-m-300x169.jpg 300w, https:\/\/enfoquecomunicacionesec.com\/wp-content\/uploads\/2024\/12\/Foto-17-12-24-4-51-27-p-m-768x432.jpg 768w, https:\/\/enfoquecomunicacionesec.com\/wp-content\/uploads\/2024\/12\/Foto-17-12-24-4-51-27-p-m-1536x864.jpg 1536w, https:\/\/enfoquecomunicacionesec.com\/wp-content\/uploads\/2024\/12\/Foto-17-12-24-4-51-27-p-m-2048x1152.jpg 2048w\" sizes=\"auto, (max-width: 1024px) 100vw, 1024px\" \/><\/figure>\n\n\n\n<p><em>\u201cNos llena el coraz\u00f3n saber que, por tercer a\u00f1o, la Fundaci\u00f3n Hogar Para Sus Ni\u00f1os nos abre sus puertas y nos recibe con cari\u00f1o, para juntos ayudar a todas las personas que son parte de este espacio. Gracias al aporte de Electrolux y de nuestros colaboradores hemos gestionado donaciones que permiten mejorar las condiciones de estos ni\u00f1os en situaci\u00f3n de vulnerabilidad\u201d <\/em>resalta <strong>Christopher Carrera, gerente comercial de Electrolux Ecuador.<\/strong><\/p>\n\n\n\n<hr class=\"wp-block-separator has-alpha-channel-opacity\"\/>\n\n\n\n<figure class=\"wp-block-image size-large\"><img loading=\"lazy\" decoding=\"async\" width=\"1024\" height=\"768\" src=\"https:\/\/enfoquecomunicacionesec.com\/wp-content\/uploads\/2024\/12\/Foto-17-12-24-4-52-15-p-m-1024x768.jpg\" alt=\"\" class=\"wp-image-831\" srcset=\"https:\/\/enfoquecomunicacionesec.com\/wp-content\/uploads\/2024\/12\/Foto-17-12-24-4-52-15-p-m-1024x768.jpg 1024w, https:\/\/enfoquecomunicacionesec.com\/wp-content\/uploads\/2024\/12\/Foto-17-12-24-4-52-15-p-m-300x225.jpg 300w, https:\/\/enfoquecomunicacionesec.com\/wp-content\/uploads\/2024\/12\/Foto-17-12-24-4-52-15-p-m-768x576.jpg 768w, https:\/\/enfoquecomunicacionesec.com\/wp-content\/uploads\/2024\/12\/Foto-17-12-24-4-52-15-p-m-1536x1152.jpg 1536w, https:\/\/enfoquecomunicacionesec.com\/wp-content\/uploads\/2024\/12\/Foto-17-12-24-4-52-15-p-m-2048x1536.jpg 2048w\" sizes=\"auto, (max-width: 1024px) 100vw, 1024px\" \/><\/figure>\n\n\n\n<hr class=\"wp-block-separator has-alpha-channel-opacity\"\/>\n\n\n\n<p>Este proyecto solidario se suma a una serie de acciones con enfoque social que ha desarrollado la marca durante 2024, con el objetivo claro de brindar un mejor vivir a las personas que m\u00e1s lo necesitan. Durante este a\u00f1o se han formado grandes alianzas con organizaciones sin fines de lucro, como Techo Ecuador y el Banco de Alimentos Diakon\u00eda de Guayaquil, que buscan dar respuesta y soluciones a comunidades de zonas periurbanas o marginales que requieren de apoyo.<\/p>\n\n\n\n<div style=\"height:35px\" aria-hidden=\"true\" class=\"wp-block-spacer\"><\/div>\n\n\n\n<figure class=\"wp-block-image size-large\"><img loading=\"lazy\" decoding=\"async\" width=\"1024\" height=\"768\" src=\"https:\/\/enfoquecomunicacionesec.com\/wp-content\/uploads\/2024\/12\/Foto-17-12-24-4-58-08-p-m-1024x768.jpg\" alt=\"\" class=\"wp-image-832\" srcset=\"https:\/\/enfoquecomunicacionesec.com\/wp-content\/uploads\/2024\/12\/Foto-17-12-24-4-58-08-p-m-1024x768.jpg 1024w, https:\/\/enfoquecomunicacionesec.com\/wp-content\/uploads\/2024\/12\/Foto-17-12-24-4-58-08-p-m-300x225.jpg 300w, https:\/\/enfoquecomunicacionesec.com\/wp-content\/uploads\/2024\/12\/Foto-17-12-24-4-58-08-p-m-768x576.jpg 768w, https:\/\/enfoquecomunicacionesec.com\/wp-content\/uploads\/2024\/12\/Foto-17-12-24-4-58-08-p-m-1536x1152.jpg 1536w, https:\/\/enfoquecomunicacionesec.com\/wp-content\/uploads\/2024\/12\/Foto-17-12-24-4-58-08-p-m-2048x1536.jpg 2048w\" sizes=\"auto, (max-width: 1024px) 100vw, 1024px\" \/><\/figure>\n\n\n\n<p>Para 2025, Electrolux tiene en la mira continuar trabajando bajo sus tres pilares: ser una mejor empresa, brindar mejores soluciones e impulsar un mejor vivir en la sociedad buscando el bienestar y sostenibilidad.<\/p>\n","protected":false},"excerpt":{"rendered":"<p>Desde 2022, Electrolux, marca sueca l\u00edder en el mercado de electrodom\u00e9sticos, lleva a cabo su iniciativa \u201cNavidad Solidaria\u201d, cuyo prop\u00f3sito es apadrinar a ni\u00f1os y ni\u00f1as de la Fundaci\u00f3n Hogar Para Sus Ni\u00f1os, ubicada al norte de Quito, con el fin de dotarles de insumos que permitan promover su desarrollo integral. Desde sus inicios, el [&hellip;]<\/p>\n","protected":false},"author":1,"featured_media":0,"comment_status":"open","ping_status":"open","sticky":false,"template":"","format":"standard","meta":{"footnotes":""},"categories":[1],"tags":[],"class_list":["post-827","post","type-post","status-publish","format-standard","hentry","category-blog"],"yoast_head":"<!-- This site is optimized with the Yoast SEO plugin v21.5 - https:\/\/yoast.com\/wordpress\/plugins\/seo\/ -->\n<title>Electrolux celebra por tercer a\u00f1o consecutivo \u201cNavidad Solidaria\u201d, apadrinando a ni\u00f1os en situaci\u00f3n de vulnerabilidad - EnfoqueComunicaciones.ec<\/title>\n<meta name=\"robots\" content=\"index, follow, max-snippet:-1, max-image-preview:large, max-video-preview:-1\" \/>\n<link rel=\"canonical\" href=\"https:\/\/enfoquecomunicacionesec.com\/index.php\/2024\/12\/18\/electrolux-celebra-por-tercer-ano-consecutivo-navidad-solidaria-apadrinando-a-ninos-en-situacion-de-vulnerabilidad\/\" \/>\n<meta property=\"og:locale\" content=\"es_ES\" \/>\n<meta property=\"og:type\" content=\"article\" \/>\n<meta property=\"og:title\" content=\"Electrolux celebra por tercer a\u00f1o consecutivo \u201cNavidad Solidaria\u201d, apadrinando a ni\u00f1os en situaci\u00f3n de vulnerabilidad - EnfoqueComunicaciones.ec\" \/>\n<meta property=\"og:description\" content=\"Desde 2022, Electrolux, marca sueca l\u00edder en el mercado de electrodom\u00e9sticos, lleva a cabo su iniciativa \u201cNavidad Solidaria\u201d, cuyo prop\u00f3sito es apadrinar a ni\u00f1os y ni\u00f1as de la Fundaci\u00f3n Hogar Para Sus Ni\u00f1os, ubicada al norte de Quito, con el fin de dotarles de insumos que permitan promover su desarrollo integral. Desde sus inicios, el [&hellip;]\" \/>\n<meta property=\"og:url\" content=\"https:\/\/enfoquecomunicacionesec.com\/index.php\/2024\/12\/18\/electrolux-celebra-por-tercer-ano-consecutivo-navidad-solidaria-apadrinando-a-ninos-en-situacion-de-vulnerabilidad\/\" \/>\n<meta property=\"og:site_name\" content=\"EnfoqueComunicaciones.ec\" \/>\n<meta property=\"article:publisher\" content=\"https:\/\/www.facebook.com\/enfoquecomunicacionesec\" \/>\n<meta property=\"article:author\" content=\"https:\/\/www.facebook.com\/enfoquecomunicacionesec\/\" \/>\n<meta property=\"article:published_time\" content=\"2024-12-18T22:08:09+00:00\" \/>\n<meta property=\"og:image\" content=\"https:\/\/enfoquecomunicacionesec.com\/wp-content\/uploads\/2024\/12\/Foto-17-12-24-4-31-46-p-m-1024x768.jpg\" \/>\n<meta name=\"author\" content=\"enfoquecomunicacionesec.com\" \/>\n<meta name=\"twitter:card\" content=\"summary_large_image\" \/>\n<meta name=\"twitter:label1\" content=\"Escrito por\" \/>\n\t<meta name=\"twitter:data1\" content=\"enfoquecomunicacionesec.com\" \/>\n\t<meta name=\"twitter:label2\" content=\"Tiempo de lectura\" \/>\n\t<meta name=\"twitter:data2\" content=\"3 minutos\" \/>\n<script type=\"application\/ld+json\" class=\"yoast-schema-graph\">{\"@context\":\"https:\/\/schema.org\",\"@graph\":[{\"@type\":\"Article\",\"@id\":\"https:\/\/enfoquecomunicacionesec.com\/index.php\/2024\/12\/18\/electrolux-celebra-por-tercer-ano-consecutivo-navidad-solidaria-apadrinando-a-ninos-en-situacion-de-vulnerabilidad\/#article\",\"isPartOf\":{\"@id\":\"https:\/\/enfoquecomunicacionesec.com\/index.php\/2024\/12\/18\/electrolux-celebra-por-tercer-ano-consecutivo-navidad-solidaria-apadrinando-a-ninos-en-situacion-de-vulnerabilidad\/\"},\"author\":{\"name\":\"enfoquecomunicacionesec.com\",\"@id\":\"https:\/\/enfoquecomunicacionesec.com\/#\/schema\/person\/2b7ab7f9f7be7fa65c396efa3876a786\"},\"headline\":\"Electrolux celebra por tercer a\u00f1o consecutivo \u201cNavidad Solidaria\u201d, apadrinando a ni\u00f1os en situaci\u00f3n de vulnerabilidad\",\"datePublished\":\"2024-12-18T22:08:09+00:00\",\"dateModified\":\"2024-12-18T22:08:09+00:00\",\"mainEntityOfPage\":{\"@id\":\"https:\/\/enfoquecomunicacionesec.com\/index.php\/2024\/12\/18\/electrolux-celebra-por-tercer-ano-consecutivo-navidad-solidaria-apadrinando-a-ninos-en-situacion-de-vulnerabilidad\/\"},\"wordCount\":344,\"commentCount\":0,\"publisher\":{\"@id\":\"https:\/\/enfoquecomunicacionesec.com\/#organization\"},\"articleSection\":[\"Blog\"],\"inLanguage\":\"es\",\"potentialAction\":[{\"@type\":\"CommentAction\",\"name\":\"Comment\",\"target\":[\"https:\/\/enfoquecomunicacionesec.com\/index.php\/2024\/12\/18\/electrolux-celebra-por-tercer-ano-consecutivo-navidad-solidaria-apadrinando-a-ninos-en-situacion-de-vulnerabilidad\/#respond\"]}]},{\"@type\":\"WebPage\",\"@id\":\"https:\/\/enfoquecomunicacionesec.com\/index.php\/2024\/12\/18\/electrolux-celebra-por-tercer-ano-consecutivo-navidad-solidaria-apadrinando-a-ninos-en-situacion-de-vulnerabilidad\/\",\"url\":\"https:\/\/enfoquecomunicacionesec.com\/index.php\/2024\/12\/18\/electrolux-celebra-por-tercer-ano-consecutivo-navidad-solidaria-apadrinando-a-ninos-en-situacion-de-vulnerabilidad\/\",\"name\":\"Electrolux celebra por tercer a\u00f1o consecutivo \u201cNavidad Solidaria\u201d, apadrinando a ni\u00f1os en situaci\u00f3n de vulnerabilidad - EnfoqueComunicaciones.ec\",\"isPartOf\":{\"@id\":\"https:\/\/enfoquecomunicacionesec.com\/#website\"},\"datePublished\":\"2024-12-18T22:08:09+00:00\",\"dateModified\":\"2024-12-18T22:08:09+00:00\",\"breadcrumb\":{\"@id\":\"https:\/\/enfoquecomunicacionesec.com\/index.php\/2024\/12\/18\/electrolux-celebra-por-tercer-ano-consecutivo-navidad-solidaria-apadrinando-a-ninos-en-situacion-de-vulnerabilidad\/#breadcrumb\"},\"inLanguage\":\"es\",\"potentialAction\":[{\"@type\":\"ReadAction\",\"target\":[\"https:\/\/enfoquecomunicacionesec.com\/index.php\/2024\/12\/18\/electrolux-celebra-por-tercer-ano-consecutivo-navidad-solidaria-apadrinando-a-ninos-en-situacion-de-vulnerabilidad\/\"]}]},{\"@type\":\"BreadcrumbList\",\"@id\":\"https:\/\/enfoquecomunicacionesec.com\/index.php\/2024\/12\/18\/electrolux-celebra-por-tercer-ano-consecutivo-navidad-solidaria-apadrinando-a-ninos-en-situacion-de-vulnerabilidad\/#breadcrumb\",\"itemListElement\":[{\"@type\":\"ListItem\",\"position\":1,\"name\":\"Portada\",\"item\":\"https:\/\/enfoquecomunicacionesec.com\/\"},{\"@type\":\"ListItem\",\"position\":2,\"name\":\"Electrolux celebra por tercer a\u00f1o consecutivo \u201cNavidad Solidaria\u201d, apadrinando a ni\u00f1os en situaci\u00f3n de vulnerabilidad\"}]},{\"@type\":\"WebSite\",\"@id\":\"https:\/\/enfoquecomunicacionesec.com\/#website\",\"url\":\"https:\/\/enfoquecomunicacionesec.com\/\",\"name\":\"EnfoqueComunicaciones.ec\",\"description\":\"\",\"publisher\":{\"@id\":\"https:\/\/enfoquecomunicacionesec.com\/#organization\"},\"potentialAction\":[{\"@type\":\"SearchAction\",\"target\":{\"@type\":\"EntryPoint\",\"urlTemplate\":\"https:\/\/enfoquecomunicacionesec.com\/?s={search_term_string}\"},\"query-input\":\"required name=search_term_string\"}],\"inLanguage\":\"es\"},{\"@type\":\"Organization\",\"@id\":\"https:\/\/enfoquecomunicacionesec.com\/#organization\",\"name\":\"EnfoqueComunicaciones.ec\",\"url\":\"https:\/\/enfoquecomunicacionesec.com\/\",\"logo\":{\"@type\":\"ImageObject\",\"inLanguage\":\"es\",\"@id\":\"https:\/\/enfoquecomunicacionesec.com\/#\/schema\/logo\/image\/\",\"url\":\"http:\/\/enfoquecomunicacionesec.com\/wp-content\/uploads\/2023\/09\/cropped-LOGO-ENFOQUE-1.png\",\"contentUrl\":\"http:\/\/enfoquecomunicacionesec.com\/wp-content\/uploads\/2023\/09\/cropped-LOGO-ENFOQUE-1.png\",\"width\":512,\"height\":512,\"caption\":\"EnfoqueComunicaciones.ec\"},\"image\":{\"@id\":\"https:\/\/enfoquecomunicacionesec.com\/#\/schema\/logo\/image\/\"},\"sameAs\":[\"https:\/\/www.facebook.com\/enfoquecomunicacionesec\",\"https:\/\/www.instagram.com\/enfoque.comunicaciones\/\",\"https:\/\/www.linkedin.com\/in\/enfoque-comunicaciones-ec-0ba5a424b\/\"]},{\"@type\":\"Person\",\"@id\":\"https:\/\/enfoquecomunicacionesec.com\/#\/schema\/person\/2b7ab7f9f7be7fa65c396efa3876a786\",\"name\":\"enfoquecomunicacionesec.com\",\"image\":{\"@type\":\"ImageObject\",\"inLanguage\":\"es\",\"@id\":\"https:\/\/enfoquecomunicacionesec.com\/#\/schema\/person\/image\/\",\"url\":\"https:\/\/secure.gravatar.com\/avatar\/cc08e6fde57d62cfc05ab2281442cfaaf53a21aedf183ff95293b1c45e85127a?s=96&d=mm&r=g\",\"contentUrl\":\"https:\/\/secure.gravatar.com\/avatar\/cc08e6fde57d62cfc05ab2281442cfaaf53a21aedf183ff95293b1c45e85127a?s=96&d=mm&r=g\",\"caption\":\"enfoquecomunicacionesec.com\"},\"sameAs\":[\"http:\/\/enfoquecomunicacionesec.com\",\"https:\/\/www.facebook.com\/enfoquecomunicacionesec\/\",\"https:\/\/www.instagram.com\/enfoque.comunicaciones_mkt\/\",\"https:\/\/www.linkedin.com\/in\/enfoque-comunicaciones-ec-0ba5a424b\/\"],\"url\":\"https:\/\/enfoquecomunicacionesec.com\/index.php\/author\/enfoquecomunicacionesec-com\/\"}]}<\/script>\n<!-- \/ Yoast SEO plugin. -->","yoast_head_json":{"title":"Electrolux celebra por tercer a\u00f1o consecutivo \u201cNavidad Solidaria\u201d, apadrinando a ni\u00f1os en situaci\u00f3n de vulnerabilidad - EnfoqueComunicaciones.ec","robots":{"index":"index","follow":"follow","max-snippet":"max-snippet:-1","max-image-preview":"max-image-preview:large","max-video-preview":"max-video-preview:-1"},"canonical":"https:\/\/enfoquecomunicacionesec.com\/index.php\/2024\/12\/18\/electrolux-celebra-por-tercer-ano-consecutivo-navidad-solidaria-apadrinando-a-ninos-en-situacion-de-vulnerabilidad\/","og_locale":"es_ES","og_type":"article","og_title":"Electrolux celebra por tercer a\u00f1o consecutivo \u201cNavidad Solidaria\u201d, apadrinando a ni\u00f1os en situaci\u00f3n de vulnerabilidad - EnfoqueComunicaciones.ec","og_description":"Desde 2022, Electrolux, marca sueca l\u00edder en el mercado de electrodom\u00e9sticos, lleva a cabo su iniciativa \u201cNavidad Solidaria\u201d, cuyo prop\u00f3sito es apadrinar a ni\u00f1os y ni\u00f1as de la Fundaci\u00f3n Hogar Para Sus Ni\u00f1os, ubicada al norte de Quito, con el fin de dotarles de insumos que permitan promover su desarrollo integral. Desde sus inicios, el [&hellip;]","og_url":"https:\/\/enfoquecomunicacionesec.com\/index.php\/2024\/12\/18\/electrolux-celebra-por-tercer-ano-consecutivo-navidad-solidaria-apadrinando-a-ninos-en-situacion-de-vulnerabilidad\/","og_site_name":"EnfoqueComunicaciones.ec","article_publisher":"https:\/\/www.facebook.com\/enfoquecomunicacionesec","article_author":"https:\/\/www.facebook.com\/enfoquecomunicacionesec\/","article_published_time":"2024-12-18T22:08:09+00:00","og_image":[{"url":"https:\/\/enfoquecomunicacionesec.com\/wp-content\/uploads\/2024\/12\/Foto-17-12-24-4-31-46-p-m-1024x768.jpg"}],"author":"enfoquecomunicacionesec.com","twitter_card":"summary_large_image","twitter_misc":{"Escrito por":"enfoquecomunicacionesec.com","Tiempo de lectura":"3 minutos"},"schema":{"@context":"https:\/\/schema.org","@graph":[{"@type":"Article","@id":"https:\/\/enfoquecomunicacionesec.com\/index.php\/2024\/12\/18\/electrolux-celebra-por-tercer-ano-consecutivo-navidad-solidaria-apadrinando-a-ninos-en-situacion-de-vulnerabilidad\/#article","isPartOf":{"@id":"https:\/\/enfoquecomunicacionesec.com\/index.php\/2024\/12\/18\/electrolux-celebra-por-tercer-ano-consecutivo-navidad-solidaria-apadrinando-a-ninos-en-situacion-de-vulnerabilidad\/"},"author":{"name":"enfoquecomunicacionesec.com","@id":"https:\/\/enfoquecomunicacionesec.com\/#\/schema\/person\/2b7ab7f9f7be7fa65c396efa3876a786"},"headline":"Electrolux celebra por tercer a\u00f1o consecutivo \u201cNavidad Solidaria\u201d, apadrinando a ni\u00f1os en situaci\u00f3n de vulnerabilidad","datePublished":"2024-12-18T22:08:09+00:00","dateModified":"2024-12-18T22:08:09+00:00","mainEntityOfPage":{"@id":"https:\/\/enfoquecomunicacionesec.com\/index.php\/2024\/12\/18\/electrolux-celebra-por-tercer-ano-consecutivo-navidad-solidaria-apadrinando-a-ninos-en-situacion-de-vulnerabilidad\/"},"wordCount":344,"commentCount":0,"publisher":{"@id":"https:\/\/enfoquecomunicacionesec.com\/#organization"},"articleSection":["Blog"],"inLanguage":"es","potentialAction":[{"@type":"CommentAction","name":"Comment","target":["https:\/\/enfoquecomunicacionesec.com\/index.php\/2024\/12\/18\/electrolux-celebra-por-tercer-ano-consecutivo-navidad-solidaria-apadrinando-a-ninos-en-situacion-de-vulnerabilidad\/#respond"]}]},{"@type":"WebPage","@id":"https:\/\/enfoquecomunicacionesec.com\/index.php\/2024\/12\/18\/electrolux-celebra-por-tercer-ano-consecutivo-navidad-solidaria-apadrinando-a-ninos-en-situacion-de-vulnerabilidad\/","url":"https:\/\/enfoquecomunicacionesec.com\/index.php\/2024\/12\/18\/electrolux-celebra-por-tercer-ano-consecutivo-navidad-solidaria-apadrinando-a-ninos-en-situacion-de-vulnerabilidad\/","name":"Electrolux celebra por tercer a\u00f1o consecutivo \u201cNavidad Solidaria\u201d, apadrinando a ni\u00f1os en situaci\u00f3n de vulnerabilidad - EnfoqueComunicaciones.ec","isPartOf":{"@id":"https:\/\/enfoquecomunicacionesec.com\/#website"},"datePublished":"2024-12-18T22:08:09+00:00","dateModified":"2024-12-18T22:08:09+00:00","breadcrumb":{"@id":"https:\/\/enfoquecomunicacionesec.com\/index.php\/2024\/12\/18\/electrolux-celebra-por-tercer-ano-consecutivo-navidad-solidaria-apadrinando-a-ninos-en-situacion-de-vulnerabilidad\/#breadcrumb"},"inLanguage":"es","potentialAction":[{"@type":"ReadAction","target":["https:\/\/enfoquecomunicacionesec.com\/index.php\/2024\/12\/18\/electrolux-celebra-por-tercer-ano-consecutivo-navidad-solidaria-apadrinando-a-ninos-en-situacion-de-vulnerabilidad\/"]}]},{"@type":"BreadcrumbList","@id":"https:\/\/enfoquecomunicacionesec.com\/index.php\/2024\/12\/18\/electrolux-celebra-por-tercer-ano-consecutivo-navidad-solidaria-apadrinando-a-ninos-en-situacion-de-vulnerabilidad\/#breadcrumb","itemListElement":[{"@type":"ListItem","position":1,"name":"Portada","item":"https:\/\/enfoquecomunicacionesec.com\/"},{"@type":"ListItem","position":2,"name":"Electrolux celebra por tercer a\u00f1o consecutivo \u201cNavidad Solidaria\u201d, apadrinando a ni\u00f1os en situaci\u00f3n de vulnerabilidad"}]},{"@type":"WebSite","@id":"https:\/\/enfoquecomunicacionesec.com\/#website","url":"https:\/\/enfoquecomunicacionesec.com\/","name":"EnfoqueComunicaciones.ec","description":"","publisher":{"@id":"https:\/\/enfoquecomunicacionesec.com\/#organization"},"potentialAction":[{"@type":"SearchAction","target":{"@type":"EntryPoint","urlTemplate":"https:\/\/enfoquecomunicacionesec.com\/?s={search_term_string}"},"query-input":"required name=search_term_string"}],"inLanguage":"es"},{"@type":"Organization","@id":"https:\/\/enfoquecomunicacionesec.com\/#organization","name":"EnfoqueComunicaciones.ec","url":"https:\/\/enfoquecomunicacionesec.com\/","logo":{"@type":"ImageObject","inLanguage":"es","@id":"https:\/\/enfoquecomunicacionesec.com\/#\/schema\/logo\/image\/","url":"http:\/\/enfoquecomunicacionesec.com\/wp-content\/uploads\/2023\/09\/cropped-LOGO-ENFOQUE-1.png","contentUrl":"http:\/\/enfoquecomunicacionesec.com\/wp-content\/uploads\/2023\/09\/cropped-LOGO-ENFOQUE-1.png","width":512,"height":512,"caption":"EnfoqueComunicaciones.ec"},"image":{"@id":"https:\/\/enfoquecomunicacionesec.com\/#\/schema\/logo\/image\/"},"sameAs":["https:\/\/www.facebook.com\/enfoquecomunicacionesec","https:\/\/www.instagram.com\/enfoque.comunicaciones\/","https:\/\/www.linkedin.com\/in\/enfoque-comunicaciones-ec-0ba5a424b\/"]},{"@type":"Person","@id":"https:\/\/enfoquecomunicacionesec.com\/#\/schema\/person\/2b7ab7f9f7be7fa65c396efa3876a786","name":"enfoquecomunicacionesec.com","image":{"@type":"ImageObject","inLanguage":"es","@id":"https:\/\/enfoquecomunicacionesec.com\/#\/schema\/person\/image\/","url":"https:\/\/secure.gravatar.com\/avatar\/cc08e6fde57d62cfc05ab2281442cfaaf53a21aedf183ff95293b1c45e85127a?s=96&d=mm&r=g","contentUrl":"https:\/\/secure.gravatar.com\/avatar\/cc08e6fde57d62cfc05ab2281442cfaaf53a21aedf183ff95293b1c45e85127a?s=96&d=mm&r=g","caption":"enfoquecomunicacionesec.com"},"sameAs":["http:\/\/enfoquecomunicacionesec.com","https:\/\/www.facebook.com\/enfoquecomunicacionesec\/","https:\/\/www.instagram.com\/enfoque.comunicaciones_mkt\/","https:\/\/www.linkedin.com\/in\/enfoque-comunicaciones-ec-0ba5a424b\/"],"url":"https:\/\/enfoquecomunicacionesec.com\/index.php\/author\/enfoquecomunicacionesec-com\/"}]}},"_links":{"self":[{"href":"https:\/\/enfoquecomunicacionesec.com\/index.php\/wp-json\/wp\/v2\/posts\/827","targetHints":{"allow":["GET"]}}],"collection":[{"href":"https:\/\/enfoquecomunicacionesec.com\/index.php\/wp-json\/wp\/v2\/posts"}],"about":[{"href":"https:\/\/enfoquecomunicacionesec.com\/index.php\/wp-json\/wp\/v2\/types\/post"}],"author":[{"embeddable":true,"href":"https:\/\/enfoquecomunicacionesec.com\/index.php\/wp-json\/wp\/v2\/users\/1"}],"replies":[{"embeddable":true,"href":"https:\/\/enfoquecomunicacionesec.com\/index.php\/wp-json\/wp\/v2\/comments?post=827"}],"version-history":[{"count":1,"href":"https:\/\/enfoquecomunicacionesec.com\/index.php\/wp-json\/wp\/v2\/posts\/827\/revisions"}],"predecessor-version":[{"id":833,"href":"https:\/\/enfoquecomunicacionesec.com\/index.php\/wp-json\/wp\/v2\/posts\/827\/revisions\/833"}],"wp:attachment":[{"href":"https:\/\/enfoquecomunicacionesec.com\/index.php\/wp-json\/wp\/v2\/media?parent=827"}],"wp:term":[{"taxonomy":"category","embeddable":true,"href":"https:\/\/enfoquecomunicacionesec.com\/index.php\/wp-json\/wp\/v2\/categories?post=827"},{"taxonomy":"post_tag","embeddable":true,"href":"https:\/\/enfoquecomunicacionesec.com\/index.php\/wp-json\/wp\/v2\/tags?post=827"}],"curies":[{"name":"wp","href":"https:\/\/api.w.org\/{rel}","templated":true}]}}