{"id":834,"date":"2024-12-18T17:58:59","date_gmt":"2024-12-18T22:58:59","guid":{"rendered":"https:\/\/enfoquecomunicacionesec.com\/?p=834"},"modified":"2024-12-18T17:59:00","modified_gmt":"2024-12-18T22:59:00","slug":"exposicion-y-concurso-de-nacimientos-puce-2024","status":"publish","type":"post","link":"https:\/\/enfoquecomunicacionesec.com\/index.php\/2024\/12\/18\/exposicion-y-concurso-de-nacimientos-puce-2024\/","title":{"rendered":"Exposici\u00f3n y Concurso de Nacimientos PUCE 2024"},"content":{"rendered":"\n<figure class=\"wp-block-image size-large\"><img loading=\"lazy\" decoding=\"async\" width=\"1024\" height=\"768\" src=\"https:\/\/enfoquecomunicacionesec.com\/wp-content\/uploads\/2024\/12\/EXPO-PESEBRES-10-1-1024x768.jpeg\" alt=\"\" class=\"wp-image-835\" srcset=\"https:\/\/enfoquecomunicacionesec.com\/wp-content\/uploads\/2024\/12\/EXPO-PESEBRES-10-1-1024x768.jpeg 1024w, https:\/\/enfoquecomunicacionesec.com\/wp-content\/uploads\/2024\/12\/EXPO-PESEBRES-10-1-300x225.jpeg 300w, https:\/\/enfoquecomunicacionesec.com\/wp-content\/uploads\/2024\/12\/EXPO-PESEBRES-10-1-768x576.jpeg 768w, https:\/\/enfoquecomunicacionesec.com\/wp-content\/uploads\/2024\/12\/EXPO-PESEBRES-10-1.jpeg 1280w\" sizes=\"auto, (max-width: 1024px) 100vw, 1024px\" \/><\/figure>\n\n\n\n<p>El Centro Cultural y la Direcci\u00f3n de Identidad y Misi\u00f3n de la Pontificia Universidad Cat\u00f3lica del Ecuador (PUCE), invitan con gran entusiasmo a la <strong>III Edici\u00f3n de la Exposici\u00f3n y Concurso de Nacimientos PUCE 2024<\/strong>. Este evento anual, que se ha consolidado como una tradici\u00f3n dentro de la universidad se llevar\u00e1 a cabo en la Galer\u00eda Principal del Centro Cultural y estar\u00e1 abierto al p\u00fablico en el mes de diciembre hasta el 10 de enero de 2025.<\/p>\n\n\n\n<hr class=\"wp-block-separator has-alpha-channel-opacity\"\/>\n\n\n\n<figure class=\"wp-block-image size-large\"><img loading=\"lazy\" decoding=\"async\" width=\"1024\" height=\"768\" src=\"https:\/\/enfoquecomunicacionesec.com\/wp-content\/uploads\/2024\/12\/EXPO-PESEBRES-2-1-1024x768.jpeg\" alt=\"\" class=\"wp-image-836\" srcset=\"https:\/\/enfoquecomunicacionesec.com\/wp-content\/uploads\/2024\/12\/EXPO-PESEBRES-2-1-1024x768.jpeg 1024w, https:\/\/enfoquecomunicacionesec.com\/wp-content\/uploads\/2024\/12\/EXPO-PESEBRES-2-1-300x225.jpeg 300w, https:\/\/enfoquecomunicacionesec.com\/wp-content\/uploads\/2024\/12\/EXPO-PESEBRES-2-1-768x576.jpeg 768w, https:\/\/enfoquecomunicacionesec.com\/wp-content\/uploads\/2024\/12\/EXPO-PESEBRES-2-1.jpeg 1280w\" sizes=\"auto, (max-width: 1024px) 100vw, 1024px\" \/><\/figure>\n\n\n\n<p>Con el objetivo de fomentar la uni\u00f3n y el trabajo en equipo entre las unidades acad\u00e9micas y administrativas, el concurso invita a los colaboradores a crear nacimientos navide\u00f1os utilizando materiales reciclados. Esta iniciativa no solo resalta la creatividad y el compromiso de la comunidad PUCE, sino que tambi\u00e9n refuerza el llamado de la enc\u00edclica Laudato Si del Papa Francisco, promoviendo la sostenibilidad y el cuidado de nuestra \u00abcasa com\u00fan\u00bb. <\/p>\n\n\n\n<hr class=\"wp-block-separator has-alpha-channel-opacity\"\/>\n\n\n\n<figure class=\"wp-block-image size-large\"><img loading=\"lazy\" decoding=\"async\" width=\"1024\" height=\"768\" src=\"https:\/\/enfoquecomunicacionesec.com\/wp-content\/uploads\/2024\/12\/EXPO-PESEBRES-7-1024x768.jpeg\" alt=\"\" class=\"wp-image-837\" srcset=\"https:\/\/enfoquecomunicacionesec.com\/wp-content\/uploads\/2024\/12\/EXPO-PESEBRES-7-1024x768.jpeg 1024w, https:\/\/enfoquecomunicacionesec.com\/wp-content\/uploads\/2024\/12\/EXPO-PESEBRES-7-300x225.jpeg 300w, https:\/\/enfoquecomunicacionesec.com\/wp-content\/uploads\/2024\/12\/EXPO-PESEBRES-7-768x576.jpeg 768w, https:\/\/enfoquecomunicacionesec.com\/wp-content\/uploads\/2024\/12\/EXPO-PESEBRES-7.jpeg 1280w\" sizes=\"auto, (max-width: 1024px) 100vw, 1024px\" \/><\/figure>\n\n\n\n<p>La Exposici\u00f3n y Concurso de Nacimientos PUCE 2024 busca recuperar el verdadero sentido de la Navidad a trav\u00e9s de la uni\u00f3n, la reflexi\u00f3n y el compromiso con el medio ambiente. Este evento ofrece una plataforma para fortalecer los lazos entre los miembros de la comunidad universitaria y compartir con visitantes externos una experiencia que combina tradici\u00f3n, innovaci\u00f3n y conciencia ecol\u00f3gica.<\/p>\n\n\n\n<hr class=\"wp-block-separator has-alpha-channel-opacity\"\/>\n\n\n\n<figure class=\"wp-block-image size-large\"><img loading=\"lazy\" decoding=\"async\" width=\"1024\" height=\"768\" src=\"https:\/\/enfoquecomunicacionesec.com\/wp-content\/uploads\/2024\/12\/EXPO-PESEBRES-8-1-1024x768.jpeg\" alt=\"\" class=\"wp-image-838\" srcset=\"https:\/\/enfoquecomunicacionesec.com\/wp-content\/uploads\/2024\/12\/EXPO-PESEBRES-8-1-1024x768.jpeg 1024w, https:\/\/enfoquecomunicacionesec.com\/wp-content\/uploads\/2024\/12\/EXPO-PESEBRES-8-1-300x225.jpeg 300w, https:\/\/enfoquecomunicacionesec.com\/wp-content\/uploads\/2024\/12\/EXPO-PESEBRES-8-1-768x576.jpeg 768w, https:\/\/enfoquecomunicacionesec.com\/wp-content\/uploads\/2024\/12\/EXPO-PESEBRES-8-1.jpeg 1280w\" sizes=\"auto, (max-width: 1024px) 100vw, 1024px\" \/><\/figure>\n\n\n\n<p>La exposici\u00f3n estar\u00e1 abierta durante todo el mes de diciembre y hasta el 10 de enero de 2025, invitando a estudiantes, colaboradores y p\u00fablico en general a disfrutar de las diversas propuestas creativas que reflejan el esp\u00edritu navide\u00f1o. La entrada es gratuita.<\/p>\n\n\n\n<div style=\"height:35px\" aria-hidden=\"true\" class=\"wp-block-spacer\"><\/div>\n\n\n\n<figure class=\"wp-block-image size-large\"><img loading=\"lazy\" decoding=\"async\" width=\"1024\" height=\"768\" src=\"https:\/\/enfoquecomunicacionesec.com\/wp-content\/uploads\/2024\/12\/EXPO-PESEBRES-9-2-1024x768.jpeg\" alt=\"\" class=\"wp-image-839\" srcset=\"https:\/\/enfoquecomunicacionesec.com\/wp-content\/uploads\/2024\/12\/EXPO-PESEBRES-9-2-1024x768.jpeg 1024w, https:\/\/enfoquecomunicacionesec.com\/wp-content\/uploads\/2024\/12\/EXPO-PESEBRES-9-2-300x225.jpeg 300w, https:\/\/enfoquecomunicacionesec.com\/wp-content\/uploads\/2024\/12\/EXPO-PESEBRES-9-2-768x576.jpeg 768w, https:\/\/enfoquecomunicacionesec.com\/wp-content\/uploads\/2024\/12\/EXPO-PESEBRES-9-2.jpeg 1280w\" sizes=\"auto, (max-width: 1024px) 100vw, 1024px\" \/><\/figure>\n","protected":false},"excerpt":{"rendered":"<p>El Centro Cultural y la Direcci\u00f3n de Identidad y Misi\u00f3n de la Pontificia Universidad Cat\u00f3lica del Ecuador (PUCE), invitan con gran entusiasmo a la III Edici\u00f3n de la Exposici\u00f3n y Concurso de Nacimientos PUCE 2024. Este evento anual, que se ha consolidado como una tradici\u00f3n dentro de la universidad se llevar\u00e1 a cabo en la [&hellip;]<\/p>\n","protected":false},"author":1,"featured_media":0,"comment_status":"open","ping_status":"open","sticky":false,"template":"","format":"standard","meta":{"footnotes":""},"categories":[1],"tags":[30,10,35,23],"class_list":["post-834","post","type-post","status-publish","format-standard","hentry","category-blog","tag-enfoquecomunicacionesec","tag-evento","tag-focus-al-dia","tag-sostenibilidad"],"yoast_head":"<!-- This site is optimized with the Yoast SEO plugin v21.5 - https:\/\/yoast.com\/wordpress\/plugins\/seo\/ -->\n<title>Exposici\u00f3n y Concurso de Nacimientos PUCE 2024 - EnfoqueComunicaciones.ec<\/title>\n<meta name=\"robots\" content=\"index, follow, max-snippet:-1, max-image-preview:large, max-video-preview:-1\" \/>\n<link rel=\"canonical\" href=\"https:\/\/enfoquecomunicacionesec.com\/index.php\/2024\/12\/18\/exposicion-y-concurso-de-nacimientos-puce-2024\/\" \/>\n<meta property=\"og:locale\" content=\"es_ES\" \/>\n<meta property=\"og:type\" content=\"article\" \/>\n<meta property=\"og:title\" content=\"Exposici\u00f3n y Concurso de Nacimientos PUCE 2024 - EnfoqueComunicaciones.ec\" \/>\n<meta property=\"og:description\" content=\"El Centro Cultural y la Direcci\u00f3n de Identidad y Misi\u00f3n de la Pontificia Universidad Cat\u00f3lica del Ecuador (PUCE), invitan con gran entusiasmo a la III Edici\u00f3n de la Exposici\u00f3n y Concurso de Nacimientos PUCE 2024. Este evento anual, que se ha consolidado como una tradici\u00f3n dentro de la universidad se llevar\u00e1 a cabo en la [&hellip;]\" \/>\n<meta property=\"og:url\" content=\"https:\/\/enfoquecomunicacionesec.com\/index.php\/2024\/12\/18\/exposicion-y-concurso-de-nacimientos-puce-2024\/\" \/>\n<meta property=\"og:site_name\" content=\"EnfoqueComunicaciones.ec\" \/>\n<meta property=\"article:publisher\" content=\"https:\/\/www.facebook.com\/enfoquecomunicacionesec\" \/>\n<meta property=\"article:author\" content=\"https:\/\/www.facebook.com\/enfoquecomunicacionesec\/\" \/>\n<meta property=\"article:published_time\" content=\"2024-12-18T22:58:59+00:00\" \/>\n<meta property=\"article:modified_time\" content=\"2024-12-18T22:59:00+00:00\" \/>\n<meta property=\"og:image\" content=\"https:\/\/enfoquecomunicacionesec.com\/wp-content\/uploads\/2024\/12\/EXPO-PESEBRES-10-1-1024x768.jpeg\" \/>\n<meta name=\"author\" content=\"enfoquecomunicacionesec.com\" \/>\n<meta name=\"twitter:card\" content=\"summary_large_image\" \/>\n<meta name=\"twitter:label1\" content=\"Escrito por\" \/>\n\t<meta name=\"twitter:data1\" content=\"enfoquecomunicacionesec.com\" \/>\n\t<meta name=\"twitter:label2\" content=\"Tiempo de lectura\" \/>\n\t<meta name=\"twitter:data2\" content=\"3 minutos\" \/>\n<script type=\"application\/ld+json\" class=\"yoast-schema-graph\">{\"@context\":\"https:\/\/schema.org\",\"@graph\":[{\"@type\":\"Article\",\"@id\":\"https:\/\/enfoquecomunicacionesec.com\/index.php\/2024\/12\/18\/exposicion-y-concurso-de-nacimientos-puce-2024\/#article\",\"isPartOf\":{\"@id\":\"https:\/\/enfoquecomunicacionesec.com\/index.php\/2024\/12\/18\/exposicion-y-concurso-de-nacimientos-puce-2024\/\"},\"author\":{\"name\":\"enfoquecomunicacionesec.com\",\"@id\":\"https:\/\/enfoquecomunicacionesec.com\/#\/schema\/person\/2b7ab7f9f7be7fa65c396efa3876a786\"},\"headline\":\"Exposici\u00f3n y Concurso de Nacimientos PUCE 2024\",\"datePublished\":\"2024-12-18T22:58:59+00:00\",\"dateModified\":\"2024-12-18T22:59:00+00:00\",\"mainEntityOfPage\":{\"@id\":\"https:\/\/enfoquecomunicacionesec.com\/index.php\/2024\/12\/18\/exposicion-y-concurso-de-nacimientos-puce-2024\/\"},\"wordCount\":274,\"commentCount\":0,\"publisher\":{\"@id\":\"https:\/\/enfoquecomunicacionesec.com\/#organization\"},\"keywords\":[\"#EnfoqueComunicacionesEC\",\"Evento\",\"focus al d\u00eda\",\"sostenibilidad\"],\"articleSection\":[\"Blog\"],\"inLanguage\":\"es\",\"potentialAction\":[{\"@type\":\"CommentAction\",\"name\":\"Comment\",\"target\":[\"https:\/\/enfoquecomunicacionesec.com\/index.php\/2024\/12\/18\/exposicion-y-concurso-de-nacimientos-puce-2024\/#respond\"]}]},{\"@type\":\"WebPage\",\"@id\":\"https:\/\/enfoquecomunicacionesec.com\/index.php\/2024\/12\/18\/exposicion-y-concurso-de-nacimientos-puce-2024\/\",\"url\":\"https:\/\/enfoquecomunicacionesec.com\/index.php\/2024\/12\/18\/exposicion-y-concurso-de-nacimientos-puce-2024\/\",\"name\":\"Exposici\u00f3n y Concurso de Nacimientos PUCE 2024 - EnfoqueComunicaciones.ec\",\"isPartOf\":{\"@id\":\"https:\/\/enfoquecomunicacionesec.com\/#website\"},\"datePublished\":\"2024-12-18T22:58:59+00:00\",\"dateModified\":\"2024-12-18T22:59:00+00:00\",\"breadcrumb\":{\"@id\":\"https:\/\/enfoquecomunicacionesec.com\/index.php\/2024\/12\/18\/exposicion-y-concurso-de-nacimientos-puce-2024\/#breadcrumb\"},\"inLanguage\":\"es\",\"potentialAction\":[{\"@type\":\"ReadAction\",\"target\":[\"https:\/\/enfoquecomunicacionesec.com\/index.php\/2024\/12\/18\/exposicion-y-concurso-de-nacimientos-puce-2024\/\"]}]},{\"@type\":\"BreadcrumbList\",\"@id\":\"https:\/\/enfoquecomunicacionesec.com\/index.php\/2024\/12\/18\/exposicion-y-concurso-de-nacimientos-puce-2024\/#breadcrumb\",\"itemListElement\":[{\"@type\":\"ListItem\",\"position\":1,\"name\":\"Portada\",\"item\":\"https:\/\/enfoquecomunicacionesec.com\/\"},{\"@type\":\"ListItem\",\"position\":2,\"name\":\"Exposici\u00f3n y Concurso de Nacimientos PUCE 2024\"}]},{\"@type\":\"WebSite\",\"@id\":\"https:\/\/enfoquecomunicacionesec.com\/#website\",\"url\":\"https:\/\/enfoquecomunicacionesec.com\/\",\"name\":\"EnfoqueComunicaciones.ec\",\"description\":\"\",\"publisher\":{\"@id\":\"https:\/\/enfoquecomunicacionesec.com\/#organization\"},\"potentialAction\":[{\"@type\":\"SearchAction\",\"target\":{\"@type\":\"EntryPoint\",\"urlTemplate\":\"https:\/\/enfoquecomunicacionesec.com\/?s={search_term_string}\"},\"query-input\":\"required name=search_term_string\"}],\"inLanguage\":\"es\"},{\"@type\":\"Organization\",\"@id\":\"https:\/\/enfoquecomunicacionesec.com\/#organization\",\"name\":\"EnfoqueComunicaciones.ec\",\"url\":\"https:\/\/enfoquecomunicacionesec.com\/\",\"logo\":{\"@type\":\"ImageObject\",\"inLanguage\":\"es\",\"@id\":\"https:\/\/enfoquecomunicacionesec.com\/#\/schema\/logo\/image\/\",\"url\":\"http:\/\/enfoquecomunicacionesec.com\/wp-content\/uploads\/2023\/09\/cropped-LOGO-ENFOQUE-1.png\",\"contentUrl\":\"http:\/\/enfoquecomunicacionesec.com\/wp-content\/uploads\/2023\/09\/cropped-LOGO-ENFOQUE-1.png\",\"width\":512,\"height\":512,\"caption\":\"EnfoqueComunicaciones.ec\"},\"image\":{\"@id\":\"https:\/\/enfoquecomunicacionesec.com\/#\/schema\/logo\/image\/\"},\"sameAs\":[\"https:\/\/www.facebook.com\/enfoquecomunicacionesec\",\"https:\/\/www.instagram.com\/enfoque.comunicaciones\/\",\"https:\/\/www.linkedin.com\/in\/enfoque-comunicaciones-ec-0ba5a424b\/\"]},{\"@type\":\"Person\",\"@id\":\"https:\/\/enfoquecomunicacionesec.com\/#\/schema\/person\/2b7ab7f9f7be7fa65c396efa3876a786\",\"name\":\"enfoquecomunicacionesec.com\",\"image\":{\"@type\":\"ImageObject\",\"inLanguage\":\"es\",\"@id\":\"https:\/\/enfoquecomunicacionesec.com\/#\/schema\/person\/image\/\",\"url\":\"https:\/\/secure.gravatar.com\/avatar\/cc08e6fde57d62cfc05ab2281442cfaaf53a21aedf183ff95293b1c45e85127a?s=96&d=mm&r=g\",\"contentUrl\":\"https:\/\/secure.gravatar.com\/avatar\/cc08e6fde57d62cfc05ab2281442cfaaf53a21aedf183ff95293b1c45e85127a?s=96&d=mm&r=g\",\"caption\":\"enfoquecomunicacionesec.com\"},\"sameAs\":[\"http:\/\/enfoquecomunicacionesec.com\",\"https:\/\/www.facebook.com\/enfoquecomunicacionesec\/\",\"https:\/\/www.instagram.com\/enfoque.comunicaciones_mkt\/\",\"https:\/\/www.linkedin.com\/in\/enfoque-comunicaciones-ec-0ba5a424b\/\"],\"url\":\"https:\/\/enfoquecomunicacionesec.com\/index.php\/author\/enfoquecomunicacionesec-com\/\"}]}<\/script>\n<!-- \/ Yoast SEO plugin. -->","yoast_head_json":{"title":"Exposici\u00f3n y Concurso de Nacimientos PUCE 2024 - EnfoqueComunicaciones.ec","robots":{"index":"index","follow":"follow","max-snippet":"max-snippet:-1","max-image-preview":"max-image-preview:large","max-video-preview":"max-video-preview:-1"},"canonical":"https:\/\/enfoquecomunicacionesec.com\/index.php\/2024\/12\/18\/exposicion-y-concurso-de-nacimientos-puce-2024\/","og_locale":"es_ES","og_type":"article","og_title":"Exposici\u00f3n y Concurso de Nacimientos PUCE 2024 - EnfoqueComunicaciones.ec","og_description":"El Centro Cultural y la Direcci\u00f3n de Identidad y Misi\u00f3n de la Pontificia Universidad Cat\u00f3lica del Ecuador (PUCE), invitan con gran entusiasmo a la III Edici\u00f3n de la Exposici\u00f3n y Concurso de Nacimientos PUCE 2024. Este evento anual, que se ha consolidado como una tradici\u00f3n dentro de la universidad se llevar\u00e1 a cabo en la [&hellip;]","og_url":"https:\/\/enfoquecomunicacionesec.com\/index.php\/2024\/12\/18\/exposicion-y-concurso-de-nacimientos-puce-2024\/","og_site_name":"EnfoqueComunicaciones.ec","article_publisher":"https:\/\/www.facebook.com\/enfoquecomunicacionesec","article_author":"https:\/\/www.facebook.com\/enfoquecomunicacionesec\/","article_published_time":"2024-12-18T22:58:59+00:00","article_modified_time":"2024-12-18T22:59:00+00:00","og_image":[{"url":"https:\/\/enfoquecomunicacionesec.com\/wp-content\/uploads\/2024\/12\/EXPO-PESEBRES-10-1-1024x768.jpeg"}],"author":"enfoquecomunicacionesec.com","twitter_card":"summary_large_image","twitter_misc":{"Escrito por":"enfoquecomunicacionesec.com","Tiempo de lectura":"3 minutos"},"schema":{"@context":"https:\/\/schema.org","@graph":[{"@type":"Article","@id":"https:\/\/enfoquecomunicacionesec.com\/index.php\/2024\/12\/18\/exposicion-y-concurso-de-nacimientos-puce-2024\/#article","isPartOf":{"@id":"https:\/\/enfoquecomunicacionesec.com\/index.php\/2024\/12\/18\/exposicion-y-concurso-de-nacimientos-puce-2024\/"},"author":{"name":"enfoquecomunicacionesec.com","@id":"https:\/\/enfoquecomunicacionesec.com\/#\/schema\/person\/2b7ab7f9f7be7fa65c396efa3876a786"},"headline":"Exposici\u00f3n y Concurso de Nacimientos PUCE 2024","datePublished":"2024-12-18T22:58:59+00:00","dateModified":"2024-12-18T22:59:00+00:00","mainEntityOfPage":{"@id":"https:\/\/enfoquecomunicacionesec.com\/index.php\/2024\/12\/18\/exposicion-y-concurso-de-nacimientos-puce-2024\/"},"wordCount":274,"commentCount":0,"publisher":{"@id":"https:\/\/enfoquecomunicacionesec.com\/#organization"},"keywords":["#EnfoqueComunicacionesEC","Evento","focus al d\u00eda","sostenibilidad"],"articleSection":["Blog"],"inLanguage":"es","potentialAction":[{"@type":"CommentAction","name":"Comment","target":["https:\/\/enfoquecomunicacionesec.com\/index.php\/2024\/12\/18\/exposicion-y-concurso-de-nacimientos-puce-2024\/#respond"]}]},{"@type":"WebPage","@id":"https:\/\/enfoquecomunicacionesec.com\/index.php\/2024\/12\/18\/exposicion-y-concurso-de-nacimientos-puce-2024\/","url":"https:\/\/enfoquecomunicacionesec.com\/index.php\/2024\/12\/18\/exposicion-y-concurso-de-nacimientos-puce-2024\/","name":"Exposici\u00f3n y Concurso de Nacimientos PUCE 2024 - EnfoqueComunicaciones.ec","isPartOf":{"@id":"https:\/\/enfoquecomunicacionesec.com\/#website"},"datePublished":"2024-12-18T22:58:59+00:00","dateModified":"2024-12-18T22:59:00+00:00","breadcrumb":{"@id":"https:\/\/enfoquecomunicacionesec.com\/index.php\/2024\/12\/18\/exposicion-y-concurso-de-nacimientos-puce-2024\/#breadcrumb"},"inLanguage":"es","potentialAction":[{"@type":"ReadAction","target":["https:\/\/enfoquecomunicacionesec.com\/index.php\/2024\/12\/18\/exposicion-y-concurso-de-nacimientos-puce-2024\/"]}]},{"@type":"BreadcrumbList","@id":"https:\/\/enfoquecomunicacionesec.com\/index.php\/2024\/12\/18\/exposicion-y-concurso-de-nacimientos-puce-2024\/#breadcrumb","itemListElement":[{"@type":"ListItem","position":1,"name":"Portada","item":"https:\/\/enfoquecomunicacionesec.com\/"},{"@type":"ListItem","position":2,"name":"Exposici\u00f3n y Concurso de Nacimientos PUCE 2024"}]},{"@type":"WebSite","@id":"https:\/\/enfoquecomunicacionesec.com\/#website","url":"https:\/\/enfoquecomunicacionesec.com\/","name":"EnfoqueComunicaciones.ec","description":"","publisher":{"@id":"https:\/\/enfoquecomunicacionesec.com\/#organization"},"potentialAction":[{"@type":"SearchAction","target":{"@type":"EntryPoint","urlTemplate":"https:\/\/enfoquecomunicacionesec.com\/?s={search_term_string}"},"query-input":"required name=search_term_string"}],"inLanguage":"es"},{"@type":"Organization","@id":"https:\/\/enfoquecomunicacionesec.com\/#organization","name":"EnfoqueComunicaciones.ec","url":"https:\/\/enfoquecomunicacionesec.com\/","logo":{"@type":"ImageObject","inLanguage":"es","@id":"https:\/\/enfoquecomunicacionesec.com\/#\/schema\/logo\/image\/","url":"http:\/\/enfoquecomunicacionesec.com\/wp-content\/uploads\/2023\/09\/cropped-LOGO-ENFOQUE-1.png","contentUrl":"http:\/\/enfoquecomunicacionesec.com\/wp-content\/uploads\/2023\/09\/cropped-LOGO-ENFOQUE-1.png","width":512,"height":512,"caption":"EnfoqueComunicaciones.ec"},"image":{"@id":"https:\/\/enfoquecomunicacionesec.com\/#\/schema\/logo\/image\/"},"sameAs":["https:\/\/www.facebook.com\/enfoquecomunicacionesec","https:\/\/www.instagram.com\/enfoque.comunicaciones\/","https:\/\/www.linkedin.com\/in\/enfoque-comunicaciones-ec-0ba5a424b\/"]},{"@type":"Person","@id":"https:\/\/enfoquecomunicacionesec.com\/#\/schema\/person\/2b7ab7f9f7be7fa65c396efa3876a786","name":"enfoquecomunicacionesec.com","image":{"@type":"ImageObject","inLanguage":"es","@id":"https:\/\/enfoquecomunicacionesec.com\/#\/schema\/person\/image\/","url":"https:\/\/secure.gravatar.com\/avatar\/cc08e6fde57d62cfc05ab2281442cfaaf53a21aedf183ff95293b1c45e85127a?s=96&d=mm&r=g","contentUrl":"https:\/\/secure.gravatar.com\/avatar\/cc08e6fde57d62cfc05ab2281442cfaaf53a21aedf183ff95293b1c45e85127a?s=96&d=mm&r=g","caption":"enfoquecomunicacionesec.com"},"sameAs":["http:\/\/enfoquecomunicacionesec.com","https:\/\/www.facebook.com\/enfoquecomunicacionesec\/","https:\/\/www.instagram.com\/enfoque.comunicaciones_mkt\/","https:\/\/www.linkedin.com\/in\/enfoque-comunicaciones-ec-0ba5a424b\/"],"url":"https:\/\/enfoquecomunicacionesec.com\/index.php\/author\/enfoquecomunicacionesec-com\/"}]}},"_links":{"self":[{"href":"https:\/\/enfoquecomunicacionesec.com\/index.php\/wp-json\/wp\/v2\/posts\/834","targetHints":{"allow":["GET"]}}],"collection":[{"href":"https:\/\/enfoquecomunicacionesec.com\/index.php\/wp-json\/wp\/v2\/posts"}],"about":[{"href":"https:\/\/enfoquecomunicacionesec.com\/index.php\/wp-json\/wp\/v2\/types\/post"}],"author":[{"embeddable":true,"href":"https:\/\/enfoquecomunicacionesec.com\/index.php\/wp-json\/wp\/v2\/users\/1"}],"replies":[{"embeddable":true,"href":"https:\/\/enfoquecomunicacionesec.com\/index.php\/wp-json\/wp\/v2\/comments?post=834"}],"version-history":[{"count":2,"href":"https:\/\/enfoquecomunicacionesec.com\/index.php\/wp-json\/wp\/v2\/posts\/834\/revisions"}],"predecessor-version":[{"id":841,"href":"https:\/\/enfoquecomunicacionesec.com\/index.php\/wp-json\/wp\/v2\/posts\/834\/revisions\/841"}],"wp:attachment":[{"href":"https:\/\/enfoquecomunicacionesec.com\/index.php\/wp-json\/wp\/v2\/media?parent=834"}],"wp:term":[{"taxonomy":"category","embeddable":true,"href":"https:\/\/enfoquecomunicacionesec.com\/index.php\/wp-json\/wp\/v2\/categories?post=834"},{"taxonomy":"post_tag","embeddable":true,"href":"https:\/\/enfoquecomunicacionesec.com\/index.php\/wp-json\/wp\/v2\/tags?post=834"}],"curies":[{"name":"wp","href":"https:\/\/api.w.org\/{rel}","templated":true}]}}