{"id":842,"date":"2024-12-19T16:38:46","date_gmt":"2024-12-19T21:38:46","guid":{"rendered":"https:\/\/enfoquecomunicacionesec.com\/?p=842"},"modified":"2024-12-19T16:38:46","modified_gmt":"2024-12-19T21:38:46","slug":"quito-fashion-week-impulsa-la-moda-ecuatoriana-con-exportaciones-del-sector-que-alcanzan-los-11-millones","status":"publish","type":"post","link":"https:\/\/enfoquecomunicacionesec.com\/index.php\/2024\/12\/19\/quito-fashion-week-impulsa-la-moda-ecuatoriana-con-exportaciones-del-sector-que-alcanzan-los-11-millones\/","title":{"rendered":"Quito Fashion Week impulsa la moda ecuatoriana con exportaciones del sector que alcanzan los $11 millones"},"content":{"rendered":"<div class=\"wp-block-image\">\n<figure class=\"aligncenter size-full\"><img loading=\"lazy\" decoding=\"async\" width=\"731\" height=\"434\" src=\"https:\/\/enfoquecomunicacionesec.com\/wp-content\/uploads\/2024\/12\/WhatsApp-Image-2024-12-19-at-15.56.47.jpeg\" alt=\"\" class=\"wp-image-843\" srcset=\"https:\/\/enfoquecomunicacionesec.com\/wp-content\/uploads\/2024\/12\/WhatsApp-Image-2024-12-19-at-15.56.47.jpeg 731w, https:\/\/enfoquecomunicacionesec.com\/wp-content\/uploads\/2024\/12\/WhatsApp-Image-2024-12-19-at-15.56.47-300x178.jpeg 300w\" sizes=\"auto, (max-width: 731px) 100vw, 731px\" \/><\/figure>\n<\/div>\n\n\n<div style=\"height:35px\" aria-hidden=\"true\" class=\"wp-block-spacer\"><\/div>\n\n\n\n<p>La industria de la moda en Ecuador sigue consolid\u00e1ndose como un sector estrat\u00e9gico en la econom\u00eda, con exportaciones de materiales para la manufactura textil que alcanzaron los 11 millones de d\u00f3lares entre enero y marzo, seg\u00fan datos del Ministerio de Producci\u00f3n. En este contexto, Quito fue sede del Quito Fashion Week, un evento de relevancia internacional que se desarroll\u00f3 del 27 de noviembre al 3 de diciembre de 2024 en el Club Terravalle. El evento destac\u00f3 el talento nacional y las oportunidades que ofrece el sector en el mercado global.<\/p>\n\n\n\n<hr class=\"wp-block-separator has-alpha-channel-opacity\"\/>\n\n\n<div class=\"wp-block-image\">\n<figure class=\"aligncenter size-full\"><img loading=\"lazy\" decoding=\"async\" width=\"479\" height=\"714\" src=\"https:\/\/enfoquecomunicacionesec.com\/wp-content\/uploads\/2024\/12\/WhatsApp-Image-2024-12-19-at-15.56.17.jpeg\" alt=\"\" class=\"wp-image-844\" srcset=\"https:\/\/enfoquecomunicacionesec.com\/wp-content\/uploads\/2024\/12\/WhatsApp-Image-2024-12-19-at-15.56.17.jpeg 479w, https:\/\/enfoquecomunicacionesec.com\/wp-content\/uploads\/2024\/12\/WhatsApp-Image-2024-12-19-at-15.56.17-201x300.jpeg 201w\" sizes=\"auto, (max-width: 479px) 100vw, 479px\" \/><\/figure>\n<\/div>\n\n\n<div style=\"height:35px\" aria-hidden=\"true\" class=\"wp-block-spacer\"><\/div>\n\n\n\n<p>Con una propuesta innovadora, DHL se sum\u00f3 a la pasarela de este a\u00f1o junto a la pasarela de Bleu Cour Denim en donde ambas marcas demostraron c\u00f3mo la moda puede ser una plataforma poderosa para visibilizar el mercado ecuatoriano a nivel mundial. Adem\u00e1s de su creatividad, se destac\u00f3 el enfoque sostenible, resaltando los talentos locales y la riqueza cultural del pa\u00eds.<\/p>\n\n\n\n<hr class=\"wp-block-separator has-alpha-channel-opacity\"\/>\n\n\n<div class=\"wp-block-image\">\n<figure class=\"aligncenter size-full\"><img loading=\"lazy\" decoding=\"async\" width=\"552\" height=\"368\" src=\"https:\/\/enfoquecomunicacionesec.com\/wp-content\/uploads\/2024\/12\/WhatsApp-Image-2024-12-12-at-16.37.09-1.jpeg\" alt=\"\" class=\"wp-image-845\" srcset=\"https:\/\/enfoquecomunicacionesec.com\/wp-content\/uploads\/2024\/12\/WhatsApp-Image-2024-12-12-at-16.37.09-1.jpeg 552w, https:\/\/enfoquecomunicacionesec.com\/wp-content\/uploads\/2024\/12\/WhatsApp-Image-2024-12-12-at-16.37.09-1-300x200.jpeg 300w\" sizes=\"auto, (max-width: 552px) 100vw, 552px\" \/><\/figure>\n<\/div>\n\n\n<div style=\"height:35px\" aria-hidden=\"true\" class=\"wp-block-spacer\"><\/div>\n\n\n\n<p>Edith Villavicencio, Gerente General de DHL, menciona: \u201cEl sector log\u00edstico es un aliado estrat\u00e9gico para la industria textil en Ecuador, que sigue mostrando un crecimiento positivo. El consumo de 0-300kg en esta industria creci\u00f3 un 0.07% este a\u00f1o. Estos datos reflejan un entorno favorable para la innovaci\u00f3n y expansi\u00f3n de la moda en el pa\u00eds\u201d.<\/p>\n\n\n\n<hr class=\"wp-block-separator has-alpha-channel-opacity\"\/>\n\n\n<div class=\"wp-block-image\">\n<figure class=\"aligncenter size-full\"><img loading=\"lazy\" decoding=\"async\" width=\"472\" height=\"707\" src=\"https:\/\/enfoquecomunicacionesec.com\/wp-content\/uploads\/2024\/12\/WhatsApp-Image-2024-12-19-at-15.56.28.jpeg\" alt=\"\" class=\"wp-image-846\" srcset=\"https:\/\/enfoquecomunicacionesec.com\/wp-content\/uploads\/2024\/12\/WhatsApp-Image-2024-12-19-at-15.56.28.jpeg 472w, https:\/\/enfoquecomunicacionesec.com\/wp-content\/uploads\/2024\/12\/WhatsApp-Image-2024-12-19-at-15.56.28-200x300.jpeg 200w\" sizes=\"auto, (max-width: 472px) 100vw, 472px\" \/><\/figure>\n<\/div>\n\n\n<div style=\"height:35px\" aria-hidden=\"true\" class=\"wp-block-spacer\"><\/div>\n\n\n\n<p>El sector log\u00edstico desempe\u00f1a un papel clave en los eventos de moda m\u00e1s reconocidos a nivel mundial, en ciudades ic\u00f3nicas como: \u00a0Mil\u00e1n, Tokio, S\u00eddney y Mosc\u00fa. Ahora, con una activaci\u00f3n innovadora en el Quito Fashion Week, DHL reafirma su compromiso con la industria, respaldando la planificaci\u00f3n, coordinaci\u00f3n y log\u00edstica que hacen posible estos grandes eventos.<\/p>\n\n\n\n<hr class=\"wp-block-separator has-alpha-channel-opacity\"\/>\n","protected":false},"excerpt":{"rendered":"<p>La industria de la moda en Ecuador sigue consolid\u00e1ndose como un sector estrat\u00e9gico en la econom\u00eda, con exportaciones de materiales para la manufactura textil que alcanzaron los 11 millones de d\u00f3lares entre enero y marzo, seg\u00fan datos del Ministerio de Producci\u00f3n. En este contexto, Quito fue sede del Quito Fashion Week, un evento de relevancia [&hellip;]<\/p>\n","protected":false},"author":1,"featured_media":0,"comment_status":"open","ping_status":"open","sticky":false,"template":"","format":"standard","meta":{"footnotes":""},"categories":[1],"tags":[30,10,35,23],"class_list":["post-842","post","type-post","status-publish","format-standard","hentry","category-blog","tag-enfoquecomunicacionesec","tag-evento","tag-focus-al-dia","tag-sostenibilidad"],"yoast_head":"<!-- This site is optimized with the Yoast SEO plugin v21.5 - https:\/\/yoast.com\/wordpress\/plugins\/seo\/ -->\n<title>Quito Fashion Week impulsa la moda ecuatoriana con exportaciones del sector que alcanzan los $11 millones - EnfoqueComunicaciones.ec<\/title>\n<meta name=\"robots\" content=\"index, follow, max-snippet:-1, max-image-preview:large, max-video-preview:-1\" \/>\n<link rel=\"canonical\" href=\"https:\/\/enfoquecomunicacionesec.com\/index.php\/2024\/12\/19\/quito-fashion-week-impulsa-la-moda-ecuatoriana-con-exportaciones-del-sector-que-alcanzan-los-11-millones\/\" \/>\n<meta property=\"og:locale\" content=\"es_ES\" \/>\n<meta property=\"og:type\" content=\"article\" \/>\n<meta property=\"og:title\" content=\"Quito Fashion Week impulsa la moda ecuatoriana con exportaciones del sector que alcanzan los $11 millones - EnfoqueComunicaciones.ec\" \/>\n<meta property=\"og:description\" content=\"La industria de la moda en Ecuador sigue consolid\u00e1ndose como un sector estrat\u00e9gico en la econom\u00eda, con exportaciones de materiales para la manufactura textil que alcanzaron los 11 millones de d\u00f3lares entre enero y marzo, seg\u00fan datos del Ministerio de Producci\u00f3n. En este contexto, Quito fue sede del Quito Fashion Week, un evento de relevancia [&hellip;]\" \/>\n<meta property=\"og:url\" content=\"https:\/\/enfoquecomunicacionesec.com\/index.php\/2024\/12\/19\/quito-fashion-week-impulsa-la-moda-ecuatoriana-con-exportaciones-del-sector-que-alcanzan-los-11-millones\/\" \/>\n<meta property=\"og:site_name\" content=\"EnfoqueComunicaciones.ec\" \/>\n<meta property=\"article:publisher\" content=\"https:\/\/www.facebook.com\/enfoquecomunicacionesec\" \/>\n<meta property=\"article:author\" content=\"https:\/\/www.facebook.com\/enfoquecomunicacionesec\/\" \/>\n<meta property=\"article:published_time\" content=\"2024-12-19T21:38:46+00:00\" \/>\n<meta property=\"og:image\" content=\"https:\/\/enfoquecomunicacionesec.com\/wp-content\/uploads\/2024\/12\/WhatsApp-Image-2024-12-19-at-15.56.47.jpeg\" \/>\n<meta name=\"author\" content=\"enfoquecomunicacionesec.com\" \/>\n<meta name=\"twitter:card\" content=\"summary_large_image\" \/>\n<meta name=\"twitter:label1\" content=\"Escrito por\" \/>\n\t<meta name=\"twitter:data1\" content=\"enfoquecomunicacionesec.com\" \/>\n\t<meta name=\"twitter:label2\" content=\"Tiempo de lectura\" \/>\n\t<meta name=\"twitter:data2\" content=\"2 minutos\" \/>\n<script type=\"application\/ld+json\" class=\"yoast-schema-graph\">{\"@context\":\"https:\/\/schema.org\",\"@graph\":[{\"@type\":\"Article\",\"@id\":\"https:\/\/enfoquecomunicacionesec.com\/index.php\/2024\/12\/19\/quito-fashion-week-impulsa-la-moda-ecuatoriana-con-exportaciones-del-sector-que-alcanzan-los-11-millones\/#article\",\"isPartOf\":{\"@id\":\"https:\/\/enfoquecomunicacionesec.com\/index.php\/2024\/12\/19\/quito-fashion-week-impulsa-la-moda-ecuatoriana-con-exportaciones-del-sector-que-alcanzan-los-11-millones\/\"},\"author\":{\"name\":\"enfoquecomunicacionesec.com\",\"@id\":\"https:\/\/enfoquecomunicacionesec.com\/#\/schema\/person\/2b7ab7f9f7be7fa65c396efa3876a786\"},\"headline\":\"Quito Fashion Week impulsa la moda ecuatoriana con exportaciones del sector que alcanzan los $11 millones\",\"datePublished\":\"2024-12-19T21:38:46+00:00\",\"dateModified\":\"2024-12-19T21:38:46+00:00\",\"mainEntityOfPage\":{\"@id\":\"https:\/\/enfoquecomunicacionesec.com\/index.php\/2024\/12\/19\/quito-fashion-week-impulsa-la-moda-ecuatoriana-con-exportaciones-del-sector-que-alcanzan-los-11-millones\/\"},\"wordCount\":298,\"commentCount\":0,\"publisher\":{\"@id\":\"https:\/\/enfoquecomunicacionesec.com\/#organization\"},\"keywords\":[\"#EnfoqueComunicacionesEC\",\"Evento\",\"focus al d\u00eda\",\"sostenibilidad\"],\"articleSection\":[\"Blog\"],\"inLanguage\":\"es\",\"potentialAction\":[{\"@type\":\"CommentAction\",\"name\":\"Comment\",\"target\":[\"https:\/\/enfoquecomunicacionesec.com\/index.php\/2024\/12\/19\/quito-fashion-week-impulsa-la-moda-ecuatoriana-con-exportaciones-del-sector-que-alcanzan-los-11-millones\/#respond\"]}]},{\"@type\":\"WebPage\",\"@id\":\"https:\/\/enfoquecomunicacionesec.com\/index.php\/2024\/12\/19\/quito-fashion-week-impulsa-la-moda-ecuatoriana-con-exportaciones-del-sector-que-alcanzan-los-11-millones\/\",\"url\":\"https:\/\/enfoquecomunicacionesec.com\/index.php\/2024\/12\/19\/quito-fashion-week-impulsa-la-moda-ecuatoriana-con-exportaciones-del-sector-que-alcanzan-los-11-millones\/\",\"name\":\"Quito Fashion Week impulsa la moda ecuatoriana con exportaciones del sector que alcanzan los $11 millones - EnfoqueComunicaciones.ec\",\"isPartOf\":{\"@id\":\"https:\/\/enfoquecomunicacionesec.com\/#website\"},\"datePublished\":\"2024-12-19T21:38:46+00:00\",\"dateModified\":\"2024-12-19T21:38:46+00:00\",\"breadcrumb\":{\"@id\":\"https:\/\/enfoquecomunicacionesec.com\/index.php\/2024\/12\/19\/quito-fashion-week-impulsa-la-moda-ecuatoriana-con-exportaciones-del-sector-que-alcanzan-los-11-millones\/#breadcrumb\"},\"inLanguage\":\"es\",\"potentialAction\":[{\"@type\":\"ReadAction\",\"target\":[\"https:\/\/enfoquecomunicacionesec.com\/index.php\/2024\/12\/19\/quito-fashion-week-impulsa-la-moda-ecuatoriana-con-exportaciones-del-sector-que-alcanzan-los-11-millones\/\"]}]},{\"@type\":\"BreadcrumbList\",\"@id\":\"https:\/\/enfoquecomunicacionesec.com\/index.php\/2024\/12\/19\/quito-fashion-week-impulsa-la-moda-ecuatoriana-con-exportaciones-del-sector-que-alcanzan-los-11-millones\/#breadcrumb\",\"itemListElement\":[{\"@type\":\"ListItem\",\"position\":1,\"name\":\"Portada\",\"item\":\"https:\/\/enfoquecomunicacionesec.com\/\"},{\"@type\":\"ListItem\",\"position\":2,\"name\":\"Quito Fashion Week impulsa la moda ecuatoriana con exportaciones del sector que alcanzan los $11 millones\"}]},{\"@type\":\"WebSite\",\"@id\":\"https:\/\/enfoquecomunicacionesec.com\/#website\",\"url\":\"https:\/\/enfoquecomunicacionesec.com\/\",\"name\":\"EnfoqueComunicaciones.ec\",\"description\":\"\",\"publisher\":{\"@id\":\"https:\/\/enfoquecomunicacionesec.com\/#organization\"},\"potentialAction\":[{\"@type\":\"SearchAction\",\"target\":{\"@type\":\"EntryPoint\",\"urlTemplate\":\"https:\/\/enfoquecomunicacionesec.com\/?s={search_term_string}\"},\"query-input\":\"required name=search_term_string\"}],\"inLanguage\":\"es\"},{\"@type\":\"Organization\",\"@id\":\"https:\/\/enfoquecomunicacionesec.com\/#organization\",\"name\":\"EnfoqueComunicaciones.ec\",\"url\":\"https:\/\/enfoquecomunicacionesec.com\/\",\"logo\":{\"@type\":\"ImageObject\",\"inLanguage\":\"es\",\"@id\":\"https:\/\/enfoquecomunicacionesec.com\/#\/schema\/logo\/image\/\",\"url\":\"http:\/\/enfoquecomunicacionesec.com\/wp-content\/uploads\/2023\/09\/cropped-LOGO-ENFOQUE-1.png\",\"contentUrl\":\"http:\/\/enfoquecomunicacionesec.com\/wp-content\/uploads\/2023\/09\/cropped-LOGO-ENFOQUE-1.png\",\"width\":512,\"height\":512,\"caption\":\"EnfoqueComunicaciones.ec\"},\"image\":{\"@id\":\"https:\/\/enfoquecomunicacionesec.com\/#\/schema\/logo\/image\/\"},\"sameAs\":[\"https:\/\/www.facebook.com\/enfoquecomunicacionesec\",\"https:\/\/www.instagram.com\/enfoque.comunicaciones\/\",\"https:\/\/www.linkedin.com\/in\/enfoque-comunicaciones-ec-0ba5a424b\/\"]},{\"@type\":\"Person\",\"@id\":\"https:\/\/enfoquecomunicacionesec.com\/#\/schema\/person\/2b7ab7f9f7be7fa65c396efa3876a786\",\"name\":\"enfoquecomunicacionesec.com\",\"image\":{\"@type\":\"ImageObject\",\"inLanguage\":\"es\",\"@id\":\"https:\/\/enfoquecomunicacionesec.com\/#\/schema\/person\/image\/\",\"url\":\"https:\/\/secure.gravatar.com\/avatar\/cc08e6fde57d62cfc05ab2281442cfaaf53a21aedf183ff95293b1c45e85127a?s=96&d=mm&r=g\",\"contentUrl\":\"https:\/\/secure.gravatar.com\/avatar\/cc08e6fde57d62cfc05ab2281442cfaaf53a21aedf183ff95293b1c45e85127a?s=96&d=mm&r=g\",\"caption\":\"enfoquecomunicacionesec.com\"},\"sameAs\":[\"http:\/\/enfoquecomunicacionesec.com\",\"https:\/\/www.facebook.com\/enfoquecomunicacionesec\/\",\"https:\/\/www.instagram.com\/enfoque.comunicaciones_mkt\/\",\"https:\/\/www.linkedin.com\/in\/enfoque-comunicaciones-ec-0ba5a424b\/\"],\"url\":\"https:\/\/enfoquecomunicacionesec.com\/index.php\/author\/enfoquecomunicacionesec-com\/\"}]}<\/script>\n<!-- \/ Yoast SEO plugin. -->","yoast_head_json":{"title":"Quito Fashion Week impulsa la moda ecuatoriana con exportaciones del sector que alcanzan los $11 millones - EnfoqueComunicaciones.ec","robots":{"index":"index","follow":"follow","max-snippet":"max-snippet:-1","max-image-preview":"max-image-preview:large","max-video-preview":"max-video-preview:-1"},"canonical":"https:\/\/enfoquecomunicacionesec.com\/index.php\/2024\/12\/19\/quito-fashion-week-impulsa-la-moda-ecuatoriana-con-exportaciones-del-sector-que-alcanzan-los-11-millones\/","og_locale":"es_ES","og_type":"article","og_title":"Quito Fashion Week impulsa la moda ecuatoriana con exportaciones del sector que alcanzan los $11 millones - EnfoqueComunicaciones.ec","og_description":"La industria de la moda en Ecuador sigue consolid\u00e1ndose como un sector estrat\u00e9gico en la econom\u00eda, con exportaciones de materiales para la manufactura textil que alcanzaron los 11 millones de d\u00f3lares entre enero y marzo, seg\u00fan datos del Ministerio de Producci\u00f3n. En este contexto, Quito fue sede del Quito Fashion Week, un evento de relevancia [&hellip;]","og_url":"https:\/\/enfoquecomunicacionesec.com\/index.php\/2024\/12\/19\/quito-fashion-week-impulsa-la-moda-ecuatoriana-con-exportaciones-del-sector-que-alcanzan-los-11-millones\/","og_site_name":"EnfoqueComunicaciones.ec","article_publisher":"https:\/\/www.facebook.com\/enfoquecomunicacionesec","article_author":"https:\/\/www.facebook.com\/enfoquecomunicacionesec\/","article_published_time":"2024-12-19T21:38:46+00:00","og_image":[{"url":"https:\/\/enfoquecomunicacionesec.com\/wp-content\/uploads\/2024\/12\/WhatsApp-Image-2024-12-19-at-15.56.47.jpeg"}],"author":"enfoquecomunicacionesec.com","twitter_card":"summary_large_image","twitter_misc":{"Escrito por":"enfoquecomunicacionesec.com","Tiempo de lectura":"2 minutos"},"schema":{"@context":"https:\/\/schema.org","@graph":[{"@type":"Article","@id":"https:\/\/enfoquecomunicacionesec.com\/index.php\/2024\/12\/19\/quito-fashion-week-impulsa-la-moda-ecuatoriana-con-exportaciones-del-sector-que-alcanzan-los-11-millones\/#article","isPartOf":{"@id":"https:\/\/enfoquecomunicacionesec.com\/index.php\/2024\/12\/19\/quito-fashion-week-impulsa-la-moda-ecuatoriana-con-exportaciones-del-sector-que-alcanzan-los-11-millones\/"},"author":{"name":"enfoquecomunicacionesec.com","@id":"https:\/\/enfoquecomunicacionesec.com\/#\/schema\/person\/2b7ab7f9f7be7fa65c396efa3876a786"},"headline":"Quito Fashion Week impulsa la moda ecuatoriana con exportaciones del sector que alcanzan los $11 millones","datePublished":"2024-12-19T21:38:46+00:00","dateModified":"2024-12-19T21:38:46+00:00","mainEntityOfPage":{"@id":"https:\/\/enfoquecomunicacionesec.com\/index.php\/2024\/12\/19\/quito-fashion-week-impulsa-la-moda-ecuatoriana-con-exportaciones-del-sector-que-alcanzan-los-11-millones\/"},"wordCount":298,"commentCount":0,"publisher":{"@id":"https:\/\/enfoquecomunicacionesec.com\/#organization"},"keywords":["#EnfoqueComunicacionesEC","Evento","focus al d\u00eda","sostenibilidad"],"articleSection":["Blog"],"inLanguage":"es","potentialAction":[{"@type":"CommentAction","name":"Comment","target":["https:\/\/enfoquecomunicacionesec.com\/index.php\/2024\/12\/19\/quito-fashion-week-impulsa-la-moda-ecuatoriana-con-exportaciones-del-sector-que-alcanzan-los-11-millones\/#respond"]}]},{"@type":"WebPage","@id":"https:\/\/enfoquecomunicacionesec.com\/index.php\/2024\/12\/19\/quito-fashion-week-impulsa-la-moda-ecuatoriana-con-exportaciones-del-sector-que-alcanzan-los-11-millones\/","url":"https:\/\/enfoquecomunicacionesec.com\/index.php\/2024\/12\/19\/quito-fashion-week-impulsa-la-moda-ecuatoriana-con-exportaciones-del-sector-que-alcanzan-los-11-millones\/","name":"Quito Fashion Week impulsa la moda ecuatoriana con exportaciones del sector que alcanzan los $11 millones - EnfoqueComunicaciones.ec","isPartOf":{"@id":"https:\/\/enfoquecomunicacionesec.com\/#website"},"datePublished":"2024-12-19T21:38:46+00:00","dateModified":"2024-12-19T21:38:46+00:00","breadcrumb":{"@id":"https:\/\/enfoquecomunicacionesec.com\/index.php\/2024\/12\/19\/quito-fashion-week-impulsa-la-moda-ecuatoriana-con-exportaciones-del-sector-que-alcanzan-los-11-millones\/#breadcrumb"},"inLanguage":"es","potentialAction":[{"@type":"ReadAction","target":["https:\/\/enfoquecomunicacionesec.com\/index.php\/2024\/12\/19\/quito-fashion-week-impulsa-la-moda-ecuatoriana-con-exportaciones-del-sector-que-alcanzan-los-11-millones\/"]}]},{"@type":"BreadcrumbList","@id":"https:\/\/enfoquecomunicacionesec.com\/index.php\/2024\/12\/19\/quito-fashion-week-impulsa-la-moda-ecuatoriana-con-exportaciones-del-sector-que-alcanzan-los-11-millones\/#breadcrumb","itemListElement":[{"@type":"ListItem","position":1,"name":"Portada","item":"https:\/\/enfoquecomunicacionesec.com\/"},{"@type":"ListItem","position":2,"name":"Quito Fashion Week impulsa la moda ecuatoriana con exportaciones del sector que alcanzan los $11 millones"}]},{"@type":"WebSite","@id":"https:\/\/enfoquecomunicacionesec.com\/#website","url":"https:\/\/enfoquecomunicacionesec.com\/","name":"EnfoqueComunicaciones.ec","description":"","publisher":{"@id":"https:\/\/enfoquecomunicacionesec.com\/#organization"},"potentialAction":[{"@type":"SearchAction","target":{"@type":"EntryPoint","urlTemplate":"https:\/\/enfoquecomunicacionesec.com\/?s={search_term_string}"},"query-input":"required name=search_term_string"}],"inLanguage":"es"},{"@type":"Organization","@id":"https:\/\/enfoquecomunicacionesec.com\/#organization","name":"EnfoqueComunicaciones.ec","url":"https:\/\/enfoquecomunicacionesec.com\/","logo":{"@type":"ImageObject","inLanguage":"es","@id":"https:\/\/enfoquecomunicacionesec.com\/#\/schema\/logo\/image\/","url":"http:\/\/enfoquecomunicacionesec.com\/wp-content\/uploads\/2023\/09\/cropped-LOGO-ENFOQUE-1.png","contentUrl":"http:\/\/enfoquecomunicacionesec.com\/wp-content\/uploads\/2023\/09\/cropped-LOGO-ENFOQUE-1.png","width":512,"height":512,"caption":"EnfoqueComunicaciones.ec"},"image":{"@id":"https:\/\/enfoquecomunicacionesec.com\/#\/schema\/logo\/image\/"},"sameAs":["https:\/\/www.facebook.com\/enfoquecomunicacionesec","https:\/\/www.instagram.com\/enfoque.comunicaciones\/","https:\/\/www.linkedin.com\/in\/enfoque-comunicaciones-ec-0ba5a424b\/"]},{"@type":"Person","@id":"https:\/\/enfoquecomunicacionesec.com\/#\/schema\/person\/2b7ab7f9f7be7fa65c396efa3876a786","name":"enfoquecomunicacionesec.com","image":{"@type":"ImageObject","inLanguage":"es","@id":"https:\/\/enfoquecomunicacionesec.com\/#\/schema\/person\/image\/","url":"https:\/\/secure.gravatar.com\/avatar\/cc08e6fde57d62cfc05ab2281442cfaaf53a21aedf183ff95293b1c45e85127a?s=96&d=mm&r=g","contentUrl":"https:\/\/secure.gravatar.com\/avatar\/cc08e6fde57d62cfc05ab2281442cfaaf53a21aedf183ff95293b1c45e85127a?s=96&d=mm&r=g","caption":"enfoquecomunicacionesec.com"},"sameAs":["http:\/\/enfoquecomunicacionesec.com","https:\/\/www.facebook.com\/enfoquecomunicacionesec\/","https:\/\/www.instagram.com\/enfoque.comunicaciones_mkt\/","https:\/\/www.linkedin.com\/in\/enfoque-comunicaciones-ec-0ba5a424b\/"],"url":"https:\/\/enfoquecomunicacionesec.com\/index.php\/author\/enfoquecomunicacionesec-com\/"}]}},"_links":{"self":[{"href":"https:\/\/enfoquecomunicacionesec.com\/index.php\/wp-json\/wp\/v2\/posts\/842","targetHints":{"allow":["GET"]}}],"collection":[{"href":"https:\/\/enfoquecomunicacionesec.com\/index.php\/wp-json\/wp\/v2\/posts"}],"about":[{"href":"https:\/\/enfoquecomunicacionesec.com\/index.php\/wp-json\/wp\/v2\/types\/post"}],"author":[{"embeddable":true,"href":"https:\/\/enfoquecomunicacionesec.com\/index.php\/wp-json\/wp\/v2\/users\/1"}],"replies":[{"embeddable":true,"href":"https:\/\/enfoquecomunicacionesec.com\/index.php\/wp-json\/wp\/v2\/comments?post=842"}],"version-history":[{"count":1,"href":"https:\/\/enfoquecomunicacionesec.com\/index.php\/wp-json\/wp\/v2\/posts\/842\/revisions"}],"predecessor-version":[{"id":847,"href":"https:\/\/enfoquecomunicacionesec.com\/index.php\/wp-json\/wp\/v2\/posts\/842\/revisions\/847"}],"wp:attachment":[{"href":"https:\/\/enfoquecomunicacionesec.com\/index.php\/wp-json\/wp\/v2\/media?parent=842"}],"wp:term":[{"taxonomy":"category","embeddable":true,"href":"https:\/\/enfoquecomunicacionesec.com\/index.php\/wp-json\/wp\/v2\/categories?post=842"},{"taxonomy":"post_tag","embeddable":true,"href":"https:\/\/enfoquecomunicacionesec.com\/index.php\/wp-json\/wp\/v2\/tags?post=842"}],"curies":[{"name":"wp","href":"https:\/\/api.w.org\/{rel}","templated":true}]}}