{"id":869,"date":"2025-01-20T15:41:56","date_gmt":"2025-01-20T20:41:56","guid":{"rendered":"https:\/\/enfoquecomunicacionesec.com\/?p=869"},"modified":"2025-01-20T15:41:57","modified_gmt":"2025-01-20T20:41:57","slug":"enfoque-comunicaciones-ec-destaca-la-realizacion-de-la-mesa-de-produccion-sostenible-y-libre-de-deforestacion-liderada-por-tinki","status":"publish","type":"post","link":"https:\/\/enfoquecomunicacionesec.com\/index.php\/2025\/01\/20\/enfoque-comunicaciones-ec-destaca-la-realizacion-de-la-mesa-de-produccion-sostenible-y-libre-de-deforestacion-liderada-por-tinki\/","title":{"rendered":"Enfoque Comunicaciones EC destaca la realizaci\u00f3n de la Mesa de Producci\u00f3n Sostenible y Libre de Deforestaci\u00f3n liderada por T\u2019inki"},"content":{"rendered":"\n<figure class=\"wp-block-image size-large\"><img loading=\"lazy\" decoding=\"async\" width=\"1024\" height=\"768\" src=\"https:\/\/enfoquecomunicacionesec.com\/wp-content\/uploads\/2025\/01\/WhatsApp-Image-2025-01-20-at-14.33.38-1-1024x768.jpeg\" alt=\"\" class=\"wp-image-870\" srcset=\"https:\/\/enfoquecomunicacionesec.com\/wp-content\/uploads\/2025\/01\/WhatsApp-Image-2025-01-20-at-14.33.38-1-1024x768.jpeg 1024w, https:\/\/enfoquecomunicacionesec.com\/wp-content\/uploads\/2025\/01\/WhatsApp-Image-2025-01-20-at-14.33.38-1-300x225.jpeg 300w, https:\/\/enfoquecomunicacionesec.com\/wp-content\/uploads\/2025\/01\/WhatsApp-Image-2025-01-20-at-14.33.38-1-768x576.jpeg 768w, https:\/\/enfoquecomunicacionesec.com\/wp-content\/uploads\/2025\/01\/WhatsApp-Image-2025-01-20-at-14.33.38-1-1536x1152.jpeg 1536w, https:\/\/enfoquecomunicacionesec.com\/wp-content\/uploads\/2025\/01\/WhatsApp-Image-2025-01-20-at-14.33.38-1.jpeg 1600w\" sizes=\"auto, (max-width: 1024px) 100vw, 1024px\" \/><\/figure>\n\n\n\n<hr class=\"wp-block-separator has-alpha-channel-opacity\"\/>\n\n\n\n<p>Quito se convirti\u00f3 en el escenario de un importante avance hacia la sostenibilidad con la inauguraci\u00f3n de la \u201cMesa de Producci\u00f3n Sostenible y Libre de Deforestaci\u00f3n\u201d, organizada por el Centro de Pensamiento del Futuro (T\u2019inki). Este encuentro, respaldado por el Ministerio de Producci\u00f3n, Comercio Exterior, Inversiones y Pesca, forma parte del Cl\u00faster de Transici\u00f3n Ecol\u00f3gica, una iniciativa que promueve un modelo de desarrollo en armon\u00eda con el medio ambiente en Ecuador.<\/p>\n\n\n\n<div style=\"height:35px\" aria-hidden=\"true\" class=\"wp-block-spacer\"><\/div>\n\n\n\n<p>Karina Barrera, Directora Ejecutiva de T\u2019inki, subray\u00f3 la importancia del Cl\u00faster de Transici\u00f3n Ecol\u00f3gica para promover la inclusi\u00f3n y sostenibilidad en el sector agr\u00edcola ecuatoriano. Asimismo, Marco Benavides, Subsecretario de Competitividad Industrial y Territorial, destac\u00f3 el rol de la transici\u00f3n ecol\u00f3gica en la Agenda Nacional de Cl\u00fasters, mientras que Michael Zea, Subsecretario de Agricultura, enfatiz\u00f3 el enfoque en la agricultura familiar y campesina como motor de transformaci\u00f3n sostenible.<\/p>\n\n\n\n<div style=\"height:35px\" aria-hidden=\"true\" class=\"wp-block-spacer\"><\/div>\n\n\n\n<figure class=\"wp-block-image size-large\"><img loading=\"lazy\" decoding=\"async\" width=\"1024\" height=\"768\" src=\"https:\/\/enfoquecomunicacionesec.com\/wp-content\/uploads\/2025\/01\/WhatsApp-Image-2025-01-20-at-14.33.38-1024x768.jpeg\" alt=\"\" class=\"wp-image-871\" srcset=\"https:\/\/enfoquecomunicacionesec.com\/wp-content\/uploads\/2025\/01\/WhatsApp-Image-2025-01-20-at-14.33.38-1024x768.jpeg 1024w, https:\/\/enfoquecomunicacionesec.com\/wp-content\/uploads\/2025\/01\/WhatsApp-Image-2025-01-20-at-14.33.38-300x225.jpeg 300w, https:\/\/enfoquecomunicacionesec.com\/wp-content\/uploads\/2025\/01\/WhatsApp-Image-2025-01-20-at-14.33.38-768x576.jpeg 768w, https:\/\/enfoquecomunicacionesec.com\/wp-content\/uploads\/2025\/01\/WhatsApp-Image-2025-01-20-at-14.33.38.jpeg 1280w\" sizes=\"auto, (max-width: 1024px) 100vw, 1024px\" \/><\/figure>\n\n\n\n<hr class=\"wp-block-separator has-alpha-channel-opacity\"\/>\n\n\n\n<p><\/p>\n\n\n\n<p>Un foro moderado por Santiago Reyes, Director Ejecutivo de Compliance Ecuador, permiti\u00f3 compartir casos de \u00e9xito en cadenas de valor sostenibles. Entre ellos, destacaron:<\/p>\n\n\n\n<div style=\"height:35px\" aria-hidden=\"true\" class=\"wp-block-spacer\"><\/div>\n\n\n\n<ul class=\"wp-block-list\">\n<li><strong>Modelos de inclusi\u00f3n en cadenas de valor <\/strong>en l\u00e1cteos, presentado por Juan Pablo Grijalva de El Orde\u00f1o.<\/li>\n<\/ul>\n\n\n\n<div style=\"height:21px\" aria-hidden=\"true\" class=\"wp-block-spacer\"><\/div>\n\n\n\n<ul class=\"wp-block-list\">\n<li><strong>Producci\u00f3n sostenible y libre de deforestaci\u00f3n de cacao<\/strong>, a cargo de Jos\u00e9 Valdivieso de Conservaci\u00f3n &amp; Desarrollo.<\/li>\n<\/ul>\n\n\n\n<div style=\"height:21px\" aria-hidden=\"true\" class=\"wp-block-spacer\"><\/div>\n\n\n\n<ul class=\"wp-block-list\">\n<li><strong>Cadenas de valor con enfoque Chakra,<\/strong> presentado por Dary Aguinda de Mujeres Kichwas del Napo.<\/li>\n<\/ul>\n\n\n\n<div style=\"height:21px\" aria-hidden=\"true\" class=\"wp-block-spacer\"><\/div>\n\n\n\n<ul class=\"wp-block-list\">\n<li><strong>Experiencias de Brasil, <\/strong>compartidas por Paola Com\u00edn del Instituto Global ESG Brasil.<\/li>\n<\/ul>\n\n\n\n<div style=\"height:35px\" aria-hidden=\"true\" class=\"wp-block-spacer\"><\/div>\n\n\n\n<figure class=\"wp-block-image size-large is-resized\"><img loading=\"lazy\" decoding=\"async\" width=\"768\" height=\"1024\" src=\"https:\/\/enfoquecomunicacionesec.com\/wp-content\/uploads\/2025\/01\/WhatsApp-Image-2025-01-20-at-15.17.47-768x1024.jpeg\" alt=\"\" class=\"wp-image-872\" style=\"width:840px;height:auto\" srcset=\"https:\/\/enfoquecomunicacionesec.com\/wp-content\/uploads\/2025\/01\/WhatsApp-Image-2025-01-20-at-15.17.47-768x1024.jpeg 768w, https:\/\/enfoquecomunicacionesec.com\/wp-content\/uploads\/2025\/01\/WhatsApp-Image-2025-01-20-at-15.17.47-225x300.jpeg 225w, https:\/\/enfoquecomunicacionesec.com\/wp-content\/uploads\/2025\/01\/WhatsApp-Image-2025-01-20-at-15.17.47-1152x1536.jpeg 1152w, https:\/\/enfoquecomunicacionesec.com\/wp-content\/uploads\/2025\/01\/WhatsApp-Image-2025-01-20-at-15.17.47.jpeg 1200w\" sizes=\"auto, (max-width: 768px) 100vw, 768px\" \/><\/figure>\n\n\n\n<hr class=\"wp-block-separator has-alpha-channel-opacity\"\/>\n\n\n\n<div style=\"height:35px\" aria-hidden=\"true\" class=\"wp-block-spacer\"><\/div>\n\n\n\n<p>El evento tambi\u00e9n fue el marco para la firma de un convenio entre T\u2019inki y el Instituto Global ESG de Brasil, buscando fomentar la cooperaci\u00f3n y el desarrollo de proyectos innovadores que impulsen la sostenibilidad en Ecuador. Este acuerdo representa un paso significativo hacia la integraci\u00f3n de principios ESG en el sector empresarial del pa\u00eds.<\/p>\n\n\n\n<div style=\"height:35px\" aria-hidden=\"true\" class=\"wp-block-spacer\"><\/div>\n\n\n\n<p>En la clausura del evento, Juan Carlos Palacios, socio fundador de T\u2019inki, destac\u00f3 la importancia de la colaboraci\u00f3n intersectorial para continuar avanzando en la agenda de transici\u00f3n ecol\u00f3gica. Desde Enfoque Comunicaciones EC, reconocemos este esfuerzo como un hito clave en el camino hacia un Ecuador m\u00e1s sostenible y responsable con su biodiversidad.<\/p>\n\n\n\n<div style=\"height:35px\" aria-hidden=\"true\" class=\"wp-block-spacer\"><\/div>\n\n\n\n<figure class=\"wp-block-image size-large\"><img loading=\"lazy\" decoding=\"async\" width=\"1024\" height=\"794\" src=\"https:\/\/enfoquecomunicacionesec.com\/wp-content\/uploads\/2025\/01\/WhatsApp-Image-2025-01-20-at-15.18.05-1024x794.jpeg\" alt=\"\" class=\"wp-image-873\" srcset=\"https:\/\/enfoquecomunicacionesec.com\/wp-content\/uploads\/2025\/01\/WhatsApp-Image-2025-01-20-at-15.18.05-1024x794.jpeg 1024w, https:\/\/enfoquecomunicacionesec.com\/wp-content\/uploads\/2025\/01\/WhatsApp-Image-2025-01-20-at-15.18.05-300x233.jpeg 300w, https:\/\/enfoquecomunicacionesec.com\/wp-content\/uploads\/2025\/01\/WhatsApp-Image-2025-01-20-at-15.18.05-768x596.jpeg 768w, https:\/\/enfoquecomunicacionesec.com\/wp-content\/uploads\/2025\/01\/WhatsApp-Image-2025-01-20-at-15.18.05.jpeg 1185w\" sizes=\"auto, (max-width: 1024px) 100vw, 1024px\" \/><\/figure>\n\n\n\n<p><\/p>\n","protected":false},"excerpt":{"rendered":"<p>Quito se convirti\u00f3 en el escenario de un importante avance hacia la sostenibilidad con la inauguraci\u00f3n de la \u201cMesa de Producci\u00f3n Sostenible y Libre de Deforestaci\u00f3n\u201d, organizada por el Centro de Pensamiento del Futuro (T\u2019inki). Este encuentro, respaldado por el Ministerio de Producci\u00f3n, Comercio Exterior, Inversiones y Pesca, forma parte del Cl\u00faster de Transici\u00f3n Ecol\u00f3gica, [&hellip;]<\/p>\n","protected":false},"author":1,"featured_media":0,"comment_status":"open","ping_status":"open","sticky":false,"template":"","format":"standard","meta":{"footnotes":""},"categories":[1],"tags":[15,23,48,49],"class_list":["post-869","post","type-post","status-publish","format-standard","hentry","category-blog","tag-focus-en-accion","tag-sostenibilidad","tag-tinki","tag-transicion-ecologica"],"yoast_head":"<!-- This site is optimized with the Yoast SEO plugin v21.5 - https:\/\/yoast.com\/wordpress\/plugins\/seo\/ -->\n<title>Enfoque Comunicaciones EC destaca la realizaci\u00f3n de la Mesa de Producci\u00f3n Sostenible y Libre de Deforestaci\u00f3n liderada por T\u2019inki - EnfoqueComunicaciones.ec<\/title>\n<meta name=\"robots\" content=\"index, follow, max-snippet:-1, max-image-preview:large, max-video-preview:-1\" \/>\n<link rel=\"canonical\" href=\"https:\/\/enfoquecomunicacionesec.com\/index.php\/2025\/01\/20\/enfoque-comunicaciones-ec-destaca-la-realizacion-de-la-mesa-de-produccion-sostenible-y-libre-de-deforestacion-liderada-por-tinki\/\" \/>\n<meta property=\"og:locale\" content=\"es_ES\" \/>\n<meta property=\"og:type\" content=\"article\" \/>\n<meta property=\"og:title\" content=\"Enfoque Comunicaciones EC destaca la realizaci\u00f3n de la Mesa de Producci\u00f3n Sostenible y Libre de Deforestaci\u00f3n liderada por T\u2019inki - EnfoqueComunicaciones.ec\" \/>\n<meta property=\"og:description\" content=\"Quito se convirti\u00f3 en el escenario de un importante avance hacia la sostenibilidad con la inauguraci\u00f3n de la \u201cMesa de Producci\u00f3n Sostenible y Libre de Deforestaci\u00f3n\u201d, organizada por el Centro de Pensamiento del Futuro (T\u2019inki). Este encuentro, respaldado por el Ministerio de Producci\u00f3n, Comercio Exterior, Inversiones y Pesca, forma parte del Cl\u00faster de Transici\u00f3n Ecol\u00f3gica, [&hellip;]\" \/>\n<meta property=\"og:url\" content=\"https:\/\/enfoquecomunicacionesec.com\/index.php\/2025\/01\/20\/enfoque-comunicaciones-ec-destaca-la-realizacion-de-la-mesa-de-produccion-sostenible-y-libre-de-deforestacion-liderada-por-tinki\/\" \/>\n<meta property=\"og:site_name\" content=\"EnfoqueComunicaciones.ec\" \/>\n<meta property=\"article:publisher\" content=\"https:\/\/www.facebook.com\/enfoquecomunicacionesec\" \/>\n<meta property=\"article:author\" content=\"https:\/\/www.facebook.com\/enfoquecomunicacionesec\/\" \/>\n<meta property=\"article:published_time\" content=\"2025-01-20T20:41:56+00:00\" \/>\n<meta property=\"article:modified_time\" content=\"2025-01-20T20:41:57+00:00\" \/>\n<meta property=\"og:image\" content=\"https:\/\/enfoquecomunicacionesec.com\/wp-content\/uploads\/2025\/01\/WhatsApp-Image-2025-01-20-at-14.33.38-1-1024x768.jpeg\" \/>\n<meta name=\"author\" content=\"enfoquecomunicacionesec.com\" \/>\n<meta name=\"twitter:card\" content=\"summary_large_image\" \/>\n<meta name=\"twitter:label1\" content=\"Escrito por\" \/>\n\t<meta name=\"twitter:data1\" content=\"enfoquecomunicacionesec.com\" \/>\n\t<meta name=\"twitter:label2\" content=\"Tiempo de lectura\" \/>\n\t<meta name=\"twitter:data2\" content=\"3 minutos\" \/>\n<script type=\"application\/ld+json\" class=\"yoast-schema-graph\">{\"@context\":\"https:\/\/schema.org\",\"@graph\":[{\"@type\":\"Article\",\"@id\":\"https:\/\/enfoquecomunicacionesec.com\/index.php\/2025\/01\/20\/enfoque-comunicaciones-ec-destaca-la-realizacion-de-la-mesa-de-produccion-sostenible-y-libre-de-deforestacion-liderada-por-tinki\/#article\",\"isPartOf\":{\"@id\":\"https:\/\/enfoquecomunicacionesec.com\/index.php\/2025\/01\/20\/enfoque-comunicaciones-ec-destaca-la-realizacion-de-la-mesa-de-produccion-sostenible-y-libre-de-deforestacion-liderada-por-tinki\/\"},\"author\":{\"name\":\"enfoquecomunicacionesec.com\",\"@id\":\"https:\/\/enfoquecomunicacionesec.com\/#\/schema\/person\/2b7ab7f9f7be7fa65c396efa3876a786\"},\"headline\":\"Enfoque Comunicaciones EC destaca la realizaci\u00f3n de la Mesa de Producci\u00f3n Sostenible y Libre de Deforestaci\u00f3n liderada por T\u2019inki\",\"datePublished\":\"2025-01-20T20:41:56+00:00\",\"dateModified\":\"2025-01-20T20:41:57+00:00\",\"mainEntityOfPage\":{\"@id\":\"https:\/\/enfoquecomunicacionesec.com\/index.php\/2025\/01\/20\/enfoque-comunicaciones-ec-destaca-la-realizacion-de-la-mesa-de-produccion-sostenible-y-libre-de-deforestacion-liderada-por-tinki\/\"},\"wordCount\":390,\"commentCount\":0,\"publisher\":{\"@id\":\"https:\/\/enfoquecomunicacionesec.com\/#organization\"},\"keywords\":[\"Focus en accion\",\"sostenibilidad\",\"tinki\",\"transici\u00f3n ecol\u00f3gica\"],\"articleSection\":[\"Blog\"],\"inLanguage\":\"es\",\"potentialAction\":[{\"@type\":\"CommentAction\",\"name\":\"Comment\",\"target\":[\"https:\/\/enfoquecomunicacionesec.com\/index.php\/2025\/01\/20\/enfoque-comunicaciones-ec-destaca-la-realizacion-de-la-mesa-de-produccion-sostenible-y-libre-de-deforestacion-liderada-por-tinki\/#respond\"]}]},{\"@type\":\"WebPage\",\"@id\":\"https:\/\/enfoquecomunicacionesec.com\/index.php\/2025\/01\/20\/enfoque-comunicaciones-ec-destaca-la-realizacion-de-la-mesa-de-produccion-sostenible-y-libre-de-deforestacion-liderada-por-tinki\/\",\"url\":\"https:\/\/enfoquecomunicacionesec.com\/index.php\/2025\/01\/20\/enfoque-comunicaciones-ec-destaca-la-realizacion-de-la-mesa-de-produccion-sostenible-y-libre-de-deforestacion-liderada-por-tinki\/\",\"name\":\"Enfoque Comunicaciones EC destaca la realizaci\u00f3n de la Mesa de Producci\u00f3n Sostenible y Libre de Deforestaci\u00f3n liderada por T\u2019inki - EnfoqueComunicaciones.ec\",\"isPartOf\":{\"@id\":\"https:\/\/enfoquecomunicacionesec.com\/#website\"},\"datePublished\":\"2025-01-20T20:41:56+00:00\",\"dateModified\":\"2025-01-20T20:41:57+00:00\",\"breadcrumb\":{\"@id\":\"https:\/\/enfoquecomunicacionesec.com\/index.php\/2025\/01\/20\/enfoque-comunicaciones-ec-destaca-la-realizacion-de-la-mesa-de-produccion-sostenible-y-libre-de-deforestacion-liderada-por-tinki\/#breadcrumb\"},\"inLanguage\":\"es\",\"potentialAction\":[{\"@type\":\"ReadAction\",\"target\":[\"https:\/\/enfoquecomunicacionesec.com\/index.php\/2025\/01\/20\/enfoque-comunicaciones-ec-destaca-la-realizacion-de-la-mesa-de-produccion-sostenible-y-libre-de-deforestacion-liderada-por-tinki\/\"]}]},{\"@type\":\"BreadcrumbList\",\"@id\":\"https:\/\/enfoquecomunicacionesec.com\/index.php\/2025\/01\/20\/enfoque-comunicaciones-ec-destaca-la-realizacion-de-la-mesa-de-produccion-sostenible-y-libre-de-deforestacion-liderada-por-tinki\/#breadcrumb\",\"itemListElement\":[{\"@type\":\"ListItem\",\"position\":1,\"name\":\"Portada\",\"item\":\"https:\/\/enfoquecomunicacionesec.com\/\"},{\"@type\":\"ListItem\",\"position\":2,\"name\":\"Enfoque Comunicaciones EC destaca la realizaci\u00f3n de la Mesa de Producci\u00f3n Sostenible y Libre de Deforestaci\u00f3n liderada por T\u2019inki\"}]},{\"@type\":\"WebSite\",\"@id\":\"https:\/\/enfoquecomunicacionesec.com\/#website\",\"url\":\"https:\/\/enfoquecomunicacionesec.com\/\",\"name\":\"EnfoqueComunicaciones.ec\",\"description\":\"\",\"publisher\":{\"@id\":\"https:\/\/enfoquecomunicacionesec.com\/#organization\"},\"potentialAction\":[{\"@type\":\"SearchAction\",\"target\":{\"@type\":\"EntryPoint\",\"urlTemplate\":\"https:\/\/enfoquecomunicacionesec.com\/?s={search_term_string}\"},\"query-input\":\"required name=search_term_string\"}],\"inLanguage\":\"es\"},{\"@type\":\"Organization\",\"@id\":\"https:\/\/enfoquecomunicacionesec.com\/#organization\",\"name\":\"EnfoqueComunicaciones.ec\",\"url\":\"https:\/\/enfoquecomunicacionesec.com\/\",\"logo\":{\"@type\":\"ImageObject\",\"inLanguage\":\"es\",\"@id\":\"https:\/\/enfoquecomunicacionesec.com\/#\/schema\/logo\/image\/\",\"url\":\"http:\/\/enfoquecomunicacionesec.com\/wp-content\/uploads\/2023\/09\/cropped-LOGO-ENFOQUE-1.png\",\"contentUrl\":\"http:\/\/enfoquecomunicacionesec.com\/wp-content\/uploads\/2023\/09\/cropped-LOGO-ENFOQUE-1.png\",\"width\":512,\"height\":512,\"caption\":\"EnfoqueComunicaciones.ec\"},\"image\":{\"@id\":\"https:\/\/enfoquecomunicacionesec.com\/#\/schema\/logo\/image\/\"},\"sameAs\":[\"https:\/\/www.facebook.com\/enfoquecomunicacionesec\",\"https:\/\/www.instagram.com\/enfoque.comunicaciones\/\",\"https:\/\/www.linkedin.com\/in\/enfoque-comunicaciones-ec-0ba5a424b\/\"]},{\"@type\":\"Person\",\"@id\":\"https:\/\/enfoquecomunicacionesec.com\/#\/schema\/person\/2b7ab7f9f7be7fa65c396efa3876a786\",\"name\":\"enfoquecomunicacionesec.com\",\"image\":{\"@type\":\"ImageObject\",\"inLanguage\":\"es\",\"@id\":\"https:\/\/enfoquecomunicacionesec.com\/#\/schema\/person\/image\/\",\"url\":\"https:\/\/secure.gravatar.com\/avatar\/cc08e6fde57d62cfc05ab2281442cfaaf53a21aedf183ff95293b1c45e85127a?s=96&d=mm&r=g\",\"contentUrl\":\"https:\/\/secure.gravatar.com\/avatar\/cc08e6fde57d62cfc05ab2281442cfaaf53a21aedf183ff95293b1c45e85127a?s=96&d=mm&r=g\",\"caption\":\"enfoquecomunicacionesec.com\"},\"sameAs\":[\"http:\/\/enfoquecomunicacionesec.com\",\"https:\/\/www.facebook.com\/enfoquecomunicacionesec\/\",\"https:\/\/www.instagram.com\/enfoque.comunicaciones_mkt\/\",\"https:\/\/www.linkedin.com\/in\/enfoque-comunicaciones-ec-0ba5a424b\/\"],\"url\":\"https:\/\/enfoquecomunicacionesec.com\/index.php\/author\/enfoquecomunicacionesec-com\/\"}]}<\/script>\n<!-- \/ Yoast SEO plugin. -->","yoast_head_json":{"title":"Enfoque Comunicaciones EC destaca la realizaci\u00f3n de la Mesa de Producci\u00f3n Sostenible y Libre de Deforestaci\u00f3n liderada por T\u2019inki - EnfoqueComunicaciones.ec","robots":{"index":"index","follow":"follow","max-snippet":"max-snippet:-1","max-image-preview":"max-image-preview:large","max-video-preview":"max-video-preview:-1"},"canonical":"https:\/\/enfoquecomunicacionesec.com\/index.php\/2025\/01\/20\/enfoque-comunicaciones-ec-destaca-la-realizacion-de-la-mesa-de-produccion-sostenible-y-libre-de-deforestacion-liderada-por-tinki\/","og_locale":"es_ES","og_type":"article","og_title":"Enfoque Comunicaciones EC destaca la realizaci\u00f3n de la Mesa de Producci\u00f3n Sostenible y Libre de Deforestaci\u00f3n liderada por T\u2019inki - EnfoqueComunicaciones.ec","og_description":"Quito se convirti\u00f3 en el escenario de un importante avance hacia la sostenibilidad con la inauguraci\u00f3n de la \u201cMesa de Producci\u00f3n Sostenible y Libre de Deforestaci\u00f3n\u201d, organizada por el Centro de Pensamiento del Futuro (T\u2019inki). Este encuentro, respaldado por el Ministerio de Producci\u00f3n, Comercio Exterior, Inversiones y Pesca, forma parte del Cl\u00faster de Transici\u00f3n Ecol\u00f3gica, [&hellip;]","og_url":"https:\/\/enfoquecomunicacionesec.com\/index.php\/2025\/01\/20\/enfoque-comunicaciones-ec-destaca-la-realizacion-de-la-mesa-de-produccion-sostenible-y-libre-de-deforestacion-liderada-por-tinki\/","og_site_name":"EnfoqueComunicaciones.ec","article_publisher":"https:\/\/www.facebook.com\/enfoquecomunicacionesec","article_author":"https:\/\/www.facebook.com\/enfoquecomunicacionesec\/","article_published_time":"2025-01-20T20:41:56+00:00","article_modified_time":"2025-01-20T20:41:57+00:00","og_image":[{"url":"https:\/\/enfoquecomunicacionesec.com\/wp-content\/uploads\/2025\/01\/WhatsApp-Image-2025-01-20-at-14.33.38-1-1024x768.jpeg"}],"author":"enfoquecomunicacionesec.com","twitter_card":"summary_large_image","twitter_misc":{"Escrito por":"enfoquecomunicacionesec.com","Tiempo de lectura":"3 minutos"},"schema":{"@context":"https:\/\/schema.org","@graph":[{"@type":"Article","@id":"https:\/\/enfoquecomunicacionesec.com\/index.php\/2025\/01\/20\/enfoque-comunicaciones-ec-destaca-la-realizacion-de-la-mesa-de-produccion-sostenible-y-libre-de-deforestacion-liderada-por-tinki\/#article","isPartOf":{"@id":"https:\/\/enfoquecomunicacionesec.com\/index.php\/2025\/01\/20\/enfoque-comunicaciones-ec-destaca-la-realizacion-de-la-mesa-de-produccion-sostenible-y-libre-de-deforestacion-liderada-por-tinki\/"},"author":{"name":"enfoquecomunicacionesec.com","@id":"https:\/\/enfoquecomunicacionesec.com\/#\/schema\/person\/2b7ab7f9f7be7fa65c396efa3876a786"},"headline":"Enfoque Comunicaciones EC destaca la realizaci\u00f3n de la Mesa de Producci\u00f3n Sostenible y Libre de Deforestaci\u00f3n liderada por T\u2019inki","datePublished":"2025-01-20T20:41:56+00:00","dateModified":"2025-01-20T20:41:57+00:00","mainEntityOfPage":{"@id":"https:\/\/enfoquecomunicacionesec.com\/index.php\/2025\/01\/20\/enfoque-comunicaciones-ec-destaca-la-realizacion-de-la-mesa-de-produccion-sostenible-y-libre-de-deforestacion-liderada-por-tinki\/"},"wordCount":390,"commentCount":0,"publisher":{"@id":"https:\/\/enfoquecomunicacionesec.com\/#organization"},"keywords":["Focus en accion","sostenibilidad","tinki","transici\u00f3n ecol\u00f3gica"],"articleSection":["Blog"],"inLanguage":"es","potentialAction":[{"@type":"CommentAction","name":"Comment","target":["https:\/\/enfoquecomunicacionesec.com\/index.php\/2025\/01\/20\/enfoque-comunicaciones-ec-destaca-la-realizacion-de-la-mesa-de-produccion-sostenible-y-libre-de-deforestacion-liderada-por-tinki\/#respond"]}]},{"@type":"WebPage","@id":"https:\/\/enfoquecomunicacionesec.com\/index.php\/2025\/01\/20\/enfoque-comunicaciones-ec-destaca-la-realizacion-de-la-mesa-de-produccion-sostenible-y-libre-de-deforestacion-liderada-por-tinki\/","url":"https:\/\/enfoquecomunicacionesec.com\/index.php\/2025\/01\/20\/enfoque-comunicaciones-ec-destaca-la-realizacion-de-la-mesa-de-produccion-sostenible-y-libre-de-deforestacion-liderada-por-tinki\/","name":"Enfoque Comunicaciones EC destaca la realizaci\u00f3n de la Mesa de Producci\u00f3n Sostenible y Libre de Deforestaci\u00f3n liderada por T\u2019inki - EnfoqueComunicaciones.ec","isPartOf":{"@id":"https:\/\/enfoquecomunicacionesec.com\/#website"},"datePublished":"2025-01-20T20:41:56+00:00","dateModified":"2025-01-20T20:41:57+00:00","breadcrumb":{"@id":"https:\/\/enfoquecomunicacionesec.com\/index.php\/2025\/01\/20\/enfoque-comunicaciones-ec-destaca-la-realizacion-de-la-mesa-de-produccion-sostenible-y-libre-de-deforestacion-liderada-por-tinki\/#breadcrumb"},"inLanguage":"es","potentialAction":[{"@type":"ReadAction","target":["https:\/\/enfoquecomunicacionesec.com\/index.php\/2025\/01\/20\/enfoque-comunicaciones-ec-destaca-la-realizacion-de-la-mesa-de-produccion-sostenible-y-libre-de-deforestacion-liderada-por-tinki\/"]}]},{"@type":"BreadcrumbList","@id":"https:\/\/enfoquecomunicacionesec.com\/index.php\/2025\/01\/20\/enfoque-comunicaciones-ec-destaca-la-realizacion-de-la-mesa-de-produccion-sostenible-y-libre-de-deforestacion-liderada-por-tinki\/#breadcrumb","itemListElement":[{"@type":"ListItem","position":1,"name":"Portada","item":"https:\/\/enfoquecomunicacionesec.com\/"},{"@type":"ListItem","position":2,"name":"Enfoque Comunicaciones EC destaca la realizaci\u00f3n de la Mesa de Producci\u00f3n Sostenible y Libre de Deforestaci\u00f3n liderada por T\u2019inki"}]},{"@type":"WebSite","@id":"https:\/\/enfoquecomunicacionesec.com\/#website","url":"https:\/\/enfoquecomunicacionesec.com\/","name":"EnfoqueComunicaciones.ec","description":"","publisher":{"@id":"https:\/\/enfoquecomunicacionesec.com\/#organization"},"potentialAction":[{"@type":"SearchAction","target":{"@type":"EntryPoint","urlTemplate":"https:\/\/enfoquecomunicacionesec.com\/?s={search_term_string}"},"query-input":"required name=search_term_string"}],"inLanguage":"es"},{"@type":"Organization","@id":"https:\/\/enfoquecomunicacionesec.com\/#organization","name":"EnfoqueComunicaciones.ec","url":"https:\/\/enfoquecomunicacionesec.com\/","logo":{"@type":"ImageObject","inLanguage":"es","@id":"https:\/\/enfoquecomunicacionesec.com\/#\/schema\/logo\/image\/","url":"http:\/\/enfoquecomunicacionesec.com\/wp-content\/uploads\/2023\/09\/cropped-LOGO-ENFOQUE-1.png","contentUrl":"http:\/\/enfoquecomunicacionesec.com\/wp-content\/uploads\/2023\/09\/cropped-LOGO-ENFOQUE-1.png","width":512,"height":512,"caption":"EnfoqueComunicaciones.ec"},"image":{"@id":"https:\/\/enfoquecomunicacionesec.com\/#\/schema\/logo\/image\/"},"sameAs":["https:\/\/www.facebook.com\/enfoquecomunicacionesec","https:\/\/www.instagram.com\/enfoque.comunicaciones\/","https:\/\/www.linkedin.com\/in\/enfoque-comunicaciones-ec-0ba5a424b\/"]},{"@type":"Person","@id":"https:\/\/enfoquecomunicacionesec.com\/#\/schema\/person\/2b7ab7f9f7be7fa65c396efa3876a786","name":"enfoquecomunicacionesec.com","image":{"@type":"ImageObject","inLanguage":"es","@id":"https:\/\/enfoquecomunicacionesec.com\/#\/schema\/person\/image\/","url":"https:\/\/secure.gravatar.com\/avatar\/cc08e6fde57d62cfc05ab2281442cfaaf53a21aedf183ff95293b1c45e85127a?s=96&d=mm&r=g","contentUrl":"https:\/\/secure.gravatar.com\/avatar\/cc08e6fde57d62cfc05ab2281442cfaaf53a21aedf183ff95293b1c45e85127a?s=96&d=mm&r=g","caption":"enfoquecomunicacionesec.com"},"sameAs":["http:\/\/enfoquecomunicacionesec.com","https:\/\/www.facebook.com\/enfoquecomunicacionesec\/","https:\/\/www.instagram.com\/enfoque.comunicaciones_mkt\/","https:\/\/www.linkedin.com\/in\/enfoque-comunicaciones-ec-0ba5a424b\/"],"url":"https:\/\/enfoquecomunicacionesec.com\/index.php\/author\/enfoquecomunicacionesec-com\/"}]}},"_links":{"self":[{"href":"https:\/\/enfoquecomunicacionesec.com\/index.php\/wp-json\/wp\/v2\/posts\/869","targetHints":{"allow":["GET"]}}],"collection":[{"href":"https:\/\/enfoquecomunicacionesec.com\/index.php\/wp-json\/wp\/v2\/posts"}],"about":[{"href":"https:\/\/enfoquecomunicacionesec.com\/index.php\/wp-json\/wp\/v2\/types\/post"}],"author":[{"embeddable":true,"href":"https:\/\/enfoquecomunicacionesec.com\/index.php\/wp-json\/wp\/v2\/users\/1"}],"replies":[{"embeddable":true,"href":"https:\/\/enfoquecomunicacionesec.com\/index.php\/wp-json\/wp\/v2\/comments?post=869"}],"version-history":[{"count":3,"href":"https:\/\/enfoquecomunicacionesec.com\/index.php\/wp-json\/wp\/v2\/posts\/869\/revisions"}],"predecessor-version":[{"id":876,"href":"https:\/\/enfoquecomunicacionesec.com\/index.php\/wp-json\/wp\/v2\/posts\/869\/revisions\/876"}],"wp:attachment":[{"href":"https:\/\/enfoquecomunicacionesec.com\/index.php\/wp-json\/wp\/v2\/media?parent=869"}],"wp:term":[{"taxonomy":"category","embeddable":true,"href":"https:\/\/enfoquecomunicacionesec.com\/index.php\/wp-json\/wp\/v2\/categories?post=869"},{"taxonomy":"post_tag","embeddable":true,"href":"https:\/\/enfoquecomunicacionesec.com\/index.php\/wp-json\/wp\/v2\/tags?post=869"}],"curies":[{"name":"wp","href":"https:\/\/api.w.org\/{rel}","templated":true}]}}