{"id":877,"date":"2025-02-04T17:04:34","date_gmt":"2025-02-04T22:04:34","guid":{"rendered":"https:\/\/enfoquecomunicacionesec.com\/?p=877"},"modified":"2025-02-04T17:04:34","modified_gmt":"2025-02-04T22:04:34","slug":"grupo-roldan-celebra-el-exito-del-jetour-challenge-e-inaugura-nuevo-concesionario-en-quito","status":"publish","type":"post","link":"https:\/\/enfoquecomunicacionesec.com\/index.php\/2025\/02\/04\/grupo-roldan-celebra-el-exito-del-jetour-challenge-e-inaugura-nuevo-concesionario-en-quito\/","title":{"rendered":"Grupo Rold\u00e1n Celebra el \u00c9xito del Jetour Challenge e Inaugura Nuevo Concesionario en Quito"},"content":{"rendered":"\n<figure class=\"wp-block-image size-large\"><img loading=\"lazy\" decoding=\"async\" width=\"1024\" height=\"701\" src=\"https:\/\/enfoquecomunicacionesec.com\/wp-content\/uploads\/2025\/02\/IMG_4934-1024x701.jpg\" alt=\"\" class=\"wp-image-878\" srcset=\"https:\/\/enfoquecomunicacionesec.com\/wp-content\/uploads\/2025\/02\/IMG_4934-1024x701.jpg 1024w, https:\/\/enfoquecomunicacionesec.com\/wp-content\/uploads\/2025\/02\/IMG_4934-300x205.jpg 300w, https:\/\/enfoquecomunicacionesec.com\/wp-content\/uploads\/2025\/02\/IMG_4934-768x525.jpg 768w, https:\/\/enfoquecomunicacionesec.com\/wp-content\/uploads\/2025\/02\/IMG_4934-1536x1051.jpg 1536w, https:\/\/enfoquecomunicacionesec.com\/wp-content\/uploads\/2025\/02\/IMG_4934-2048x1401.jpg 2048w\" sizes=\"auto, (max-width: 1024px) 100vw, 1024px\" \/><\/figure>\n\n\n\n<p>En un evento destacado celebrado en la capital ecuatoriana, Jetour de Grupo Rold\u00e1n anunci\u00f3 al ganador del Jetour Challenge y oficializ\u00f3 la inauguraci\u00f3n de su nuevo concesionario en Quito. La ceremonia fue presidida por el Ing. Juan Carlos Rold\u00e1n, Presidente Ejecutivo de Grupo Rold\u00e1n, quien reafirm\u00f3 el compromiso de la empresa con la innovaci\u00f3n y la excelencia en el servicio al cliente.<\/p>\n\n\n\n<hr class=\"wp-block-separator has-alpha-channel-opacity\"\/>\n\n\n\n<figure class=\"wp-block-image size-large\"><img loading=\"lazy\" decoding=\"async\" width=\"1024\" height=\"1024\" src=\"https:\/\/enfoquecomunicacionesec.com\/wp-content\/uploads\/2025\/02\/467319234_1076461050765659_6059214717050358714_n-1024x1024.jpg\" alt=\"\" class=\"wp-image-879\" srcset=\"https:\/\/enfoquecomunicacionesec.com\/wp-content\/uploads\/2025\/02\/467319234_1076461050765659_6059214717050358714_n-1024x1024.jpg 1024w, https:\/\/enfoquecomunicacionesec.com\/wp-content\/uploads\/2025\/02\/467319234_1076461050765659_6059214717050358714_n-300x300.jpg 300w, https:\/\/enfoquecomunicacionesec.com\/wp-content\/uploads\/2025\/02\/467319234_1076461050765659_6059214717050358714_n-150x150.jpg 150w, https:\/\/enfoquecomunicacionesec.com\/wp-content\/uploads\/2025\/02\/467319234_1076461050765659_6059214717050358714_n-768x768.jpg 768w, https:\/\/enfoquecomunicacionesec.com\/wp-content\/uploads\/2025\/02\/467319234_1076461050765659_6059214717050358714_n.jpg 1080w\" sizes=\"auto, (max-width: 1024px) 100vw, 1024px\" \/><\/figure>\n\n\n\n<p>El Jetour Challenge fue reconocido como una de las estrategias de marketing digital m\u00e1s exitosas del Ecuador, logrando conectar a miles de personas con la experiencia de la marca. Mar\u00eda Emilia Quezada, Gerente de Marketing de Jetour, destac\u00f3 el impacto del concurso: \u201cEl Jetour Challenge super\u00f3 todas nuestras expectativas, tanto en alcance como en la conexi\u00f3n emocional con nuestra audiencia. Este concurso se ha convertido en un referente de c\u00f3mo el marketing digital puede generar resultados tangibles y positivos.\u201d<\/p>\n\n\n\n<div style=\"height:25px\" aria-hidden=\"true\" class=\"wp-block-spacer\"><\/div>\n\n\n\n<p>El primer lugar del Jetour Challenge fue otorgado a Nathasha y Daniel, cuyo video destac\u00f3 por su creatividad, autenticidad y un mensaje de solidaridad. El premio de USD $5,000 ser\u00e1 destinado a mejorar la calidad de vida de don C\u00e9sar, un emprendedor de Cuenca, permiti\u00e9ndole adquirir un nuevo carrito de salchipapas.<\/p>\n\n\n\n<div style=\"height:25px\" aria-hidden=\"true\" class=\"wp-block-spacer\"><\/div>\n\n\n\n<figure class=\"wp-block-image size-large\"><img loading=\"lazy\" decoding=\"async\" width=\"819\" height=\"1024\" src=\"https:\/\/enfoquecomunicacionesec.com\/wp-content\/uploads\/2025\/02\/462091516_1046819637063134_3748468068240232561_n-819x1024.jpg\" alt=\"\" class=\"wp-image-880\" srcset=\"https:\/\/enfoquecomunicacionesec.com\/wp-content\/uploads\/2025\/02\/462091516_1046819637063134_3748468068240232561_n-819x1024.jpg 819w, https:\/\/enfoquecomunicacionesec.com\/wp-content\/uploads\/2025\/02\/462091516_1046819637063134_3748468068240232561_n-240x300.jpg 240w, https:\/\/enfoquecomunicacionesec.com\/wp-content\/uploads\/2025\/02\/462091516_1046819637063134_3748468068240232561_n-768x960.jpg 768w, https:\/\/enfoquecomunicacionesec.com\/wp-content\/uploads\/2025\/02\/462091516_1046819637063134_3748468068240232561_n.jpg 1080w\" sizes=\"auto, (max-width: 819px) 100vw, 819px\" \/><\/figure>\n\n\n\n<hr class=\"wp-block-separator has-alpha-channel-opacity\"\/>\n\n\n\n<p>Durante la inauguraci\u00f3n del nuevo concesionario en Quito, se resalt\u00f3 su dise\u00f1o moderno enfocado en tecnolog\u00eda, comodidad y atenci\u00f3n de calidad al cliente. Este nuevo punto de venta refuerza la presencia de Jetour en el pa\u00eds, sum\u00e1ndose a su red de m\u00e1s de 20 puntos de servicio y talleres.<\/p>\n\n\n\n<div style=\"height:25px\" aria-hidden=\"true\" class=\"wp-block-spacer\"><\/div>\n\n\n\n<p>Jetour reafirma su compromiso con la innovaci\u00f3n y el crecimiento en el mercado automotriz ecuatoriano, con nuevos lanzamientos y la apertura de m\u00e1s concesionarios en puntos estrat\u00e9gicos del pa\u00eds en 2025. La marca sigue consolid\u00e1ndose como un referente en calidad, seguridad y cercan\u00eda con sus usuarios.<\/p>\n\n\n\n<div style=\"height:25px\" aria-hidden=\"true\" class=\"wp-block-spacer\"><\/div>\n\n\n\n<p>Con esta iniciativa, Jetour de Grupo Rold\u00e1n se posiciona como una marca confiable y l\u00edder en el sector automotriz, combinando estrategias de marketing innovadoras con un fuerte compromiso social.<\/p>\n","protected":false},"excerpt":{"rendered":"<p>En un evento destacado celebrado en la capital ecuatoriana, Jetour de Grupo Rold\u00e1n anunci\u00f3 al ganador del Jetour Challenge y oficializ\u00f3 la inauguraci\u00f3n de su nuevo concesionario en Quito. La ceremonia fue presidida por el Ing. Juan Carlos Rold\u00e1n, Presidente Ejecutivo de Grupo Rold\u00e1n, quien reafirm\u00f3 el compromiso de la empresa con la innovaci\u00f3n y [&hellip;]<\/p>\n","protected":false},"author":1,"featured_media":0,"comment_status":"open","ping_status":"open","sticky":false,"template":"","format":"standard","meta":{"footnotes":""},"categories":[1],"tags":[30,10,15,51,50],"class_list":["post-877","post","type-post","status-publish","format-standard","hentry","category-blog","tag-enfoquecomunicacionesec","tag-evento","tag-focus-en-accion","tag-jetour","tag-marketing-digital"],"yoast_head":"<!-- This site is optimized with the Yoast SEO plugin v21.5 - https:\/\/yoast.com\/wordpress\/plugins\/seo\/ -->\n<title>Grupo Rold\u00e1n Celebra el \u00c9xito del Jetour Challenge e Inaugura Nuevo Concesionario en Quito - EnfoqueComunicaciones.ec<\/title>\n<meta name=\"robots\" content=\"index, follow, max-snippet:-1, max-image-preview:large, max-video-preview:-1\" \/>\n<link rel=\"canonical\" href=\"https:\/\/enfoquecomunicacionesec.com\/index.php\/2025\/02\/04\/grupo-roldan-celebra-el-exito-del-jetour-challenge-e-inaugura-nuevo-concesionario-en-quito\/\" \/>\n<meta property=\"og:locale\" content=\"es_ES\" \/>\n<meta property=\"og:type\" content=\"article\" \/>\n<meta property=\"og:title\" content=\"Grupo Rold\u00e1n Celebra el \u00c9xito del Jetour Challenge e Inaugura Nuevo Concesionario en Quito - EnfoqueComunicaciones.ec\" \/>\n<meta property=\"og:description\" content=\"En un evento destacado celebrado en la capital ecuatoriana, Jetour de Grupo Rold\u00e1n anunci\u00f3 al ganador del Jetour Challenge y oficializ\u00f3 la inauguraci\u00f3n de su nuevo concesionario en Quito. La ceremonia fue presidida por el Ing. Juan Carlos Rold\u00e1n, Presidente Ejecutivo de Grupo Rold\u00e1n, quien reafirm\u00f3 el compromiso de la empresa con la innovaci\u00f3n y [&hellip;]\" \/>\n<meta property=\"og:url\" content=\"https:\/\/enfoquecomunicacionesec.com\/index.php\/2025\/02\/04\/grupo-roldan-celebra-el-exito-del-jetour-challenge-e-inaugura-nuevo-concesionario-en-quito\/\" \/>\n<meta property=\"og:site_name\" content=\"EnfoqueComunicaciones.ec\" \/>\n<meta property=\"article:publisher\" content=\"https:\/\/www.facebook.com\/enfoquecomunicacionesec\" \/>\n<meta property=\"article:author\" content=\"https:\/\/www.facebook.com\/enfoquecomunicacionesec\/\" \/>\n<meta property=\"article:published_time\" content=\"2025-02-04T22:04:34+00:00\" \/>\n<meta property=\"og:image\" content=\"https:\/\/enfoquecomunicacionesec.com\/wp-content\/uploads\/2025\/02\/IMG_4934-1024x701.jpg\" \/>\n<meta name=\"author\" content=\"enfoquecomunicacionesec.com\" \/>\n<meta name=\"twitter:card\" content=\"summary_large_image\" \/>\n<meta name=\"twitter:label1\" content=\"Escrito por\" \/>\n\t<meta name=\"twitter:data1\" content=\"enfoquecomunicacionesec.com\" \/>\n\t<meta name=\"twitter:label2\" content=\"Tiempo de lectura\" \/>\n\t<meta name=\"twitter:data2\" content=\"3 minutos\" \/>\n<script type=\"application\/ld+json\" class=\"yoast-schema-graph\">{\"@context\":\"https:\/\/schema.org\",\"@graph\":[{\"@type\":\"Article\",\"@id\":\"https:\/\/enfoquecomunicacionesec.com\/index.php\/2025\/02\/04\/grupo-roldan-celebra-el-exito-del-jetour-challenge-e-inaugura-nuevo-concesionario-en-quito\/#article\",\"isPartOf\":{\"@id\":\"https:\/\/enfoquecomunicacionesec.com\/index.php\/2025\/02\/04\/grupo-roldan-celebra-el-exito-del-jetour-challenge-e-inaugura-nuevo-concesionario-en-quito\/\"},\"author\":{\"name\":\"enfoquecomunicacionesec.com\",\"@id\":\"https:\/\/enfoquecomunicacionesec.com\/#\/schema\/person\/2b7ab7f9f7be7fa65c396efa3876a786\"},\"headline\":\"Grupo Rold\u00e1n Celebra el \u00c9xito del Jetour Challenge e Inaugura Nuevo Concesionario en Quito\",\"datePublished\":\"2025-02-04T22:04:34+00:00\",\"dateModified\":\"2025-02-04T22:04:34+00:00\",\"mainEntityOfPage\":{\"@id\":\"https:\/\/enfoquecomunicacionesec.com\/index.php\/2025\/02\/04\/grupo-roldan-celebra-el-exito-del-jetour-challenge-e-inaugura-nuevo-concesionario-en-quito\/\"},\"wordCount\":354,\"commentCount\":0,\"publisher\":{\"@id\":\"https:\/\/enfoquecomunicacionesec.com\/#organization\"},\"keywords\":[\"#EnfoqueComunicacionesEC\",\"Evento\",\"Focus en accion\",\"Jetour\",\"marketing digital\"],\"articleSection\":[\"Blog\"],\"inLanguage\":\"es\",\"potentialAction\":[{\"@type\":\"CommentAction\",\"name\":\"Comment\",\"target\":[\"https:\/\/enfoquecomunicacionesec.com\/index.php\/2025\/02\/04\/grupo-roldan-celebra-el-exito-del-jetour-challenge-e-inaugura-nuevo-concesionario-en-quito\/#respond\"]}]},{\"@type\":\"WebPage\",\"@id\":\"https:\/\/enfoquecomunicacionesec.com\/index.php\/2025\/02\/04\/grupo-roldan-celebra-el-exito-del-jetour-challenge-e-inaugura-nuevo-concesionario-en-quito\/\",\"url\":\"https:\/\/enfoquecomunicacionesec.com\/index.php\/2025\/02\/04\/grupo-roldan-celebra-el-exito-del-jetour-challenge-e-inaugura-nuevo-concesionario-en-quito\/\",\"name\":\"Grupo Rold\u00e1n Celebra el \u00c9xito del Jetour Challenge e Inaugura Nuevo Concesionario en Quito - EnfoqueComunicaciones.ec\",\"isPartOf\":{\"@id\":\"https:\/\/enfoquecomunicacionesec.com\/#website\"},\"datePublished\":\"2025-02-04T22:04:34+00:00\",\"dateModified\":\"2025-02-04T22:04:34+00:00\",\"breadcrumb\":{\"@id\":\"https:\/\/enfoquecomunicacionesec.com\/index.php\/2025\/02\/04\/grupo-roldan-celebra-el-exito-del-jetour-challenge-e-inaugura-nuevo-concesionario-en-quito\/#breadcrumb\"},\"inLanguage\":\"es\",\"potentialAction\":[{\"@type\":\"ReadAction\",\"target\":[\"https:\/\/enfoquecomunicacionesec.com\/index.php\/2025\/02\/04\/grupo-roldan-celebra-el-exito-del-jetour-challenge-e-inaugura-nuevo-concesionario-en-quito\/\"]}]},{\"@type\":\"BreadcrumbList\",\"@id\":\"https:\/\/enfoquecomunicacionesec.com\/index.php\/2025\/02\/04\/grupo-roldan-celebra-el-exito-del-jetour-challenge-e-inaugura-nuevo-concesionario-en-quito\/#breadcrumb\",\"itemListElement\":[{\"@type\":\"ListItem\",\"position\":1,\"name\":\"Portada\",\"item\":\"https:\/\/enfoquecomunicacionesec.com\/\"},{\"@type\":\"ListItem\",\"position\":2,\"name\":\"Grupo Rold\u00e1n Celebra el \u00c9xito del Jetour Challenge e Inaugura Nuevo Concesionario en Quito\"}]},{\"@type\":\"WebSite\",\"@id\":\"https:\/\/enfoquecomunicacionesec.com\/#website\",\"url\":\"https:\/\/enfoquecomunicacionesec.com\/\",\"name\":\"EnfoqueComunicaciones.ec\",\"description\":\"\",\"publisher\":{\"@id\":\"https:\/\/enfoquecomunicacionesec.com\/#organization\"},\"potentialAction\":[{\"@type\":\"SearchAction\",\"target\":{\"@type\":\"EntryPoint\",\"urlTemplate\":\"https:\/\/enfoquecomunicacionesec.com\/?s={search_term_string}\"},\"query-input\":\"required name=search_term_string\"}],\"inLanguage\":\"es\"},{\"@type\":\"Organization\",\"@id\":\"https:\/\/enfoquecomunicacionesec.com\/#organization\",\"name\":\"EnfoqueComunicaciones.ec\",\"url\":\"https:\/\/enfoquecomunicacionesec.com\/\",\"logo\":{\"@type\":\"ImageObject\",\"inLanguage\":\"es\",\"@id\":\"https:\/\/enfoquecomunicacionesec.com\/#\/schema\/logo\/image\/\",\"url\":\"http:\/\/enfoquecomunicacionesec.com\/wp-content\/uploads\/2023\/09\/cropped-LOGO-ENFOQUE-1.png\",\"contentUrl\":\"http:\/\/enfoquecomunicacionesec.com\/wp-content\/uploads\/2023\/09\/cropped-LOGO-ENFOQUE-1.png\",\"width\":512,\"height\":512,\"caption\":\"EnfoqueComunicaciones.ec\"},\"image\":{\"@id\":\"https:\/\/enfoquecomunicacionesec.com\/#\/schema\/logo\/image\/\"},\"sameAs\":[\"https:\/\/www.facebook.com\/enfoquecomunicacionesec\",\"https:\/\/www.instagram.com\/enfoque.comunicaciones\/\",\"https:\/\/www.linkedin.com\/in\/enfoque-comunicaciones-ec-0ba5a424b\/\"]},{\"@type\":\"Person\",\"@id\":\"https:\/\/enfoquecomunicacionesec.com\/#\/schema\/person\/2b7ab7f9f7be7fa65c396efa3876a786\",\"name\":\"enfoquecomunicacionesec.com\",\"image\":{\"@type\":\"ImageObject\",\"inLanguage\":\"es\",\"@id\":\"https:\/\/enfoquecomunicacionesec.com\/#\/schema\/person\/image\/\",\"url\":\"https:\/\/secure.gravatar.com\/avatar\/cc08e6fde57d62cfc05ab2281442cfaaf53a21aedf183ff95293b1c45e85127a?s=96&d=mm&r=g\",\"contentUrl\":\"https:\/\/secure.gravatar.com\/avatar\/cc08e6fde57d62cfc05ab2281442cfaaf53a21aedf183ff95293b1c45e85127a?s=96&d=mm&r=g\",\"caption\":\"enfoquecomunicacionesec.com\"},\"sameAs\":[\"http:\/\/enfoquecomunicacionesec.com\",\"https:\/\/www.facebook.com\/enfoquecomunicacionesec\/\",\"https:\/\/www.instagram.com\/enfoque.comunicaciones_mkt\/\",\"https:\/\/www.linkedin.com\/in\/enfoque-comunicaciones-ec-0ba5a424b\/\"],\"url\":\"https:\/\/enfoquecomunicacionesec.com\/index.php\/author\/enfoquecomunicacionesec-com\/\"}]}<\/script>\n<!-- \/ Yoast SEO plugin. -->","yoast_head_json":{"title":"Grupo Rold\u00e1n Celebra el \u00c9xito del Jetour Challenge e Inaugura Nuevo Concesionario en Quito - EnfoqueComunicaciones.ec","robots":{"index":"index","follow":"follow","max-snippet":"max-snippet:-1","max-image-preview":"max-image-preview:large","max-video-preview":"max-video-preview:-1"},"canonical":"https:\/\/enfoquecomunicacionesec.com\/index.php\/2025\/02\/04\/grupo-roldan-celebra-el-exito-del-jetour-challenge-e-inaugura-nuevo-concesionario-en-quito\/","og_locale":"es_ES","og_type":"article","og_title":"Grupo Rold\u00e1n Celebra el \u00c9xito del Jetour Challenge e Inaugura Nuevo Concesionario en Quito - EnfoqueComunicaciones.ec","og_description":"En un evento destacado celebrado en la capital ecuatoriana, Jetour de Grupo Rold\u00e1n anunci\u00f3 al ganador del Jetour Challenge y oficializ\u00f3 la inauguraci\u00f3n de su nuevo concesionario en Quito. La ceremonia fue presidida por el Ing. Juan Carlos Rold\u00e1n, Presidente Ejecutivo de Grupo Rold\u00e1n, quien reafirm\u00f3 el compromiso de la empresa con la innovaci\u00f3n y [&hellip;]","og_url":"https:\/\/enfoquecomunicacionesec.com\/index.php\/2025\/02\/04\/grupo-roldan-celebra-el-exito-del-jetour-challenge-e-inaugura-nuevo-concesionario-en-quito\/","og_site_name":"EnfoqueComunicaciones.ec","article_publisher":"https:\/\/www.facebook.com\/enfoquecomunicacionesec","article_author":"https:\/\/www.facebook.com\/enfoquecomunicacionesec\/","article_published_time":"2025-02-04T22:04:34+00:00","og_image":[{"url":"https:\/\/enfoquecomunicacionesec.com\/wp-content\/uploads\/2025\/02\/IMG_4934-1024x701.jpg"}],"author":"enfoquecomunicacionesec.com","twitter_card":"summary_large_image","twitter_misc":{"Escrito por":"enfoquecomunicacionesec.com","Tiempo de lectura":"3 minutos"},"schema":{"@context":"https:\/\/schema.org","@graph":[{"@type":"Article","@id":"https:\/\/enfoquecomunicacionesec.com\/index.php\/2025\/02\/04\/grupo-roldan-celebra-el-exito-del-jetour-challenge-e-inaugura-nuevo-concesionario-en-quito\/#article","isPartOf":{"@id":"https:\/\/enfoquecomunicacionesec.com\/index.php\/2025\/02\/04\/grupo-roldan-celebra-el-exito-del-jetour-challenge-e-inaugura-nuevo-concesionario-en-quito\/"},"author":{"name":"enfoquecomunicacionesec.com","@id":"https:\/\/enfoquecomunicacionesec.com\/#\/schema\/person\/2b7ab7f9f7be7fa65c396efa3876a786"},"headline":"Grupo Rold\u00e1n Celebra el \u00c9xito del Jetour Challenge e Inaugura Nuevo Concesionario en Quito","datePublished":"2025-02-04T22:04:34+00:00","dateModified":"2025-02-04T22:04:34+00:00","mainEntityOfPage":{"@id":"https:\/\/enfoquecomunicacionesec.com\/index.php\/2025\/02\/04\/grupo-roldan-celebra-el-exito-del-jetour-challenge-e-inaugura-nuevo-concesionario-en-quito\/"},"wordCount":354,"commentCount":0,"publisher":{"@id":"https:\/\/enfoquecomunicacionesec.com\/#organization"},"keywords":["#EnfoqueComunicacionesEC","Evento","Focus en accion","Jetour","marketing digital"],"articleSection":["Blog"],"inLanguage":"es","potentialAction":[{"@type":"CommentAction","name":"Comment","target":["https:\/\/enfoquecomunicacionesec.com\/index.php\/2025\/02\/04\/grupo-roldan-celebra-el-exito-del-jetour-challenge-e-inaugura-nuevo-concesionario-en-quito\/#respond"]}]},{"@type":"WebPage","@id":"https:\/\/enfoquecomunicacionesec.com\/index.php\/2025\/02\/04\/grupo-roldan-celebra-el-exito-del-jetour-challenge-e-inaugura-nuevo-concesionario-en-quito\/","url":"https:\/\/enfoquecomunicacionesec.com\/index.php\/2025\/02\/04\/grupo-roldan-celebra-el-exito-del-jetour-challenge-e-inaugura-nuevo-concesionario-en-quito\/","name":"Grupo Rold\u00e1n Celebra el \u00c9xito del Jetour Challenge e Inaugura Nuevo Concesionario en Quito - EnfoqueComunicaciones.ec","isPartOf":{"@id":"https:\/\/enfoquecomunicacionesec.com\/#website"},"datePublished":"2025-02-04T22:04:34+00:00","dateModified":"2025-02-04T22:04:34+00:00","breadcrumb":{"@id":"https:\/\/enfoquecomunicacionesec.com\/index.php\/2025\/02\/04\/grupo-roldan-celebra-el-exito-del-jetour-challenge-e-inaugura-nuevo-concesionario-en-quito\/#breadcrumb"},"inLanguage":"es","potentialAction":[{"@type":"ReadAction","target":["https:\/\/enfoquecomunicacionesec.com\/index.php\/2025\/02\/04\/grupo-roldan-celebra-el-exito-del-jetour-challenge-e-inaugura-nuevo-concesionario-en-quito\/"]}]},{"@type":"BreadcrumbList","@id":"https:\/\/enfoquecomunicacionesec.com\/index.php\/2025\/02\/04\/grupo-roldan-celebra-el-exito-del-jetour-challenge-e-inaugura-nuevo-concesionario-en-quito\/#breadcrumb","itemListElement":[{"@type":"ListItem","position":1,"name":"Portada","item":"https:\/\/enfoquecomunicacionesec.com\/"},{"@type":"ListItem","position":2,"name":"Grupo Rold\u00e1n Celebra el \u00c9xito del Jetour Challenge e Inaugura Nuevo Concesionario en Quito"}]},{"@type":"WebSite","@id":"https:\/\/enfoquecomunicacionesec.com\/#website","url":"https:\/\/enfoquecomunicacionesec.com\/","name":"EnfoqueComunicaciones.ec","description":"","publisher":{"@id":"https:\/\/enfoquecomunicacionesec.com\/#organization"},"potentialAction":[{"@type":"SearchAction","target":{"@type":"EntryPoint","urlTemplate":"https:\/\/enfoquecomunicacionesec.com\/?s={search_term_string}"},"query-input":"required name=search_term_string"}],"inLanguage":"es"},{"@type":"Organization","@id":"https:\/\/enfoquecomunicacionesec.com\/#organization","name":"EnfoqueComunicaciones.ec","url":"https:\/\/enfoquecomunicacionesec.com\/","logo":{"@type":"ImageObject","inLanguage":"es","@id":"https:\/\/enfoquecomunicacionesec.com\/#\/schema\/logo\/image\/","url":"http:\/\/enfoquecomunicacionesec.com\/wp-content\/uploads\/2023\/09\/cropped-LOGO-ENFOQUE-1.png","contentUrl":"http:\/\/enfoquecomunicacionesec.com\/wp-content\/uploads\/2023\/09\/cropped-LOGO-ENFOQUE-1.png","width":512,"height":512,"caption":"EnfoqueComunicaciones.ec"},"image":{"@id":"https:\/\/enfoquecomunicacionesec.com\/#\/schema\/logo\/image\/"},"sameAs":["https:\/\/www.facebook.com\/enfoquecomunicacionesec","https:\/\/www.instagram.com\/enfoque.comunicaciones\/","https:\/\/www.linkedin.com\/in\/enfoque-comunicaciones-ec-0ba5a424b\/"]},{"@type":"Person","@id":"https:\/\/enfoquecomunicacionesec.com\/#\/schema\/person\/2b7ab7f9f7be7fa65c396efa3876a786","name":"enfoquecomunicacionesec.com","image":{"@type":"ImageObject","inLanguage":"es","@id":"https:\/\/enfoquecomunicacionesec.com\/#\/schema\/person\/image\/","url":"https:\/\/secure.gravatar.com\/avatar\/cc08e6fde57d62cfc05ab2281442cfaaf53a21aedf183ff95293b1c45e85127a?s=96&d=mm&r=g","contentUrl":"https:\/\/secure.gravatar.com\/avatar\/cc08e6fde57d62cfc05ab2281442cfaaf53a21aedf183ff95293b1c45e85127a?s=96&d=mm&r=g","caption":"enfoquecomunicacionesec.com"},"sameAs":["http:\/\/enfoquecomunicacionesec.com","https:\/\/www.facebook.com\/enfoquecomunicacionesec\/","https:\/\/www.instagram.com\/enfoque.comunicaciones_mkt\/","https:\/\/www.linkedin.com\/in\/enfoque-comunicaciones-ec-0ba5a424b\/"],"url":"https:\/\/enfoquecomunicacionesec.com\/index.php\/author\/enfoquecomunicacionesec-com\/"}]}},"_links":{"self":[{"href":"https:\/\/enfoquecomunicacionesec.com\/index.php\/wp-json\/wp\/v2\/posts\/877","targetHints":{"allow":["GET"]}}],"collection":[{"href":"https:\/\/enfoquecomunicacionesec.com\/index.php\/wp-json\/wp\/v2\/posts"}],"about":[{"href":"https:\/\/enfoquecomunicacionesec.com\/index.php\/wp-json\/wp\/v2\/types\/post"}],"author":[{"embeddable":true,"href":"https:\/\/enfoquecomunicacionesec.com\/index.php\/wp-json\/wp\/v2\/users\/1"}],"replies":[{"embeddable":true,"href":"https:\/\/enfoquecomunicacionesec.com\/index.php\/wp-json\/wp\/v2\/comments?post=877"}],"version-history":[{"count":1,"href":"https:\/\/enfoquecomunicacionesec.com\/index.php\/wp-json\/wp\/v2\/posts\/877\/revisions"}],"predecessor-version":[{"id":881,"href":"https:\/\/enfoquecomunicacionesec.com\/index.php\/wp-json\/wp\/v2\/posts\/877\/revisions\/881"}],"wp:attachment":[{"href":"https:\/\/enfoquecomunicacionesec.com\/index.php\/wp-json\/wp\/v2\/media?parent=877"}],"wp:term":[{"taxonomy":"category","embeddable":true,"href":"https:\/\/enfoquecomunicacionesec.com\/index.php\/wp-json\/wp\/v2\/categories?post=877"},{"taxonomy":"post_tag","embeddable":true,"href":"https:\/\/enfoquecomunicacionesec.com\/index.php\/wp-json\/wp\/v2\/tags?post=877"}],"curies":[{"name":"wp","href":"https:\/\/api.w.org\/{rel}","templated":true}]}}