{"id":890,"date":"2025-02-12T15:56:00","date_gmt":"2025-02-12T20:56:00","guid":{"rendered":"https:\/\/enfoquecomunicacionesec.com\/?p=890"},"modified":"2025-02-12T15:56:00","modified_gmt":"2025-02-12T20:56:00","slug":"el-poder-de-la-fitoterapia-una-revolucion-en-los-tratamientos-medicos","status":"publish","type":"post","link":"https:\/\/enfoquecomunicacionesec.com\/index.php\/2025\/02\/12\/el-poder-de-la-fitoterapia-una-revolucion-en-los-tratamientos-medicos\/","title":{"rendered":"El poder de la fitoterapia: una revoluci\u00f3n en los tratamientos m\u00e9dicos"},"content":{"rendered":"\n<figure class=\"wp-block-image size-full\"><img loading=\"lazy\" decoding=\"async\" width=\"1006\" height=\"755\" src=\"https:\/\/enfoquecomunicacionesec.com\/wp-content\/uploads\/2025\/02\/WhatsApp-Image-2025-01-29-at-13.36.10-1.jpeg\" alt=\"\" class=\"wp-image-891\" srcset=\"https:\/\/enfoquecomunicacionesec.com\/wp-content\/uploads\/2025\/02\/WhatsApp-Image-2025-01-29-at-13.36.10-1.jpeg 1006w, https:\/\/enfoquecomunicacionesec.com\/wp-content\/uploads\/2025\/02\/WhatsApp-Image-2025-01-29-at-13.36.10-1-300x225.jpeg 300w, https:\/\/enfoquecomunicacionesec.com\/wp-content\/uploads\/2025\/02\/WhatsApp-Image-2025-01-29-at-13.36.10-1-768x576.jpeg 768w\" sizes=\"auto, (max-width: 1006px) 100vw, 1006px\" \/><\/figure>\n\n\n\n<p>La fitoterapia, basada en el uso de plantas medicinales, est\u00e1 transformando la medicina al ofrecer tratamientos naturales y efectivos sin los efectos adversos de los f\u00e1rmacos convencionales. Mayu Ecuador lidera este cambio con la primera farmacia magistral fitoterap\u00e9utica de Sudam\u00e9rica, combinando innovaci\u00f3n, ciencia y bienestar.<\/p>\n\n\n\n<div style=\"height:25px\" aria-hidden=\"true\" class=\"wp-block-spacer\"><\/div>\n\n\n\n<p>A diferencia de los tratamientos tradicionales, que pueden generar efectos secundarios a largo plazo, la fitoterapia utiliza extractos naturales dise\u00f1ados para tratar diversas dolencias, desde ansiedad hasta inflamaci\u00f3n cr\u00f3nica. Seg\u00fan estudios internos, m\u00e1s del 70% de los pacientes tratados con f\u00f3rmulas magistrales de Mayu han experimentado mejoras significativas.<\/p>\n\n\n\n<hr class=\"wp-block-separator has-alpha-channel-opacity\"\/>\n\n\n\n<figure class=\"wp-block-image size-full\"><img loading=\"lazy\" decoding=\"async\" width=\"800\" height=\"541\" src=\"https:\/\/enfoquecomunicacionesec.com\/wp-content\/uploads\/2025\/02\/WhatsApp-Image-2025-01-29-at-13.36.09.jpeg\" alt=\"\" class=\"wp-image-892\" srcset=\"https:\/\/enfoquecomunicacionesec.com\/wp-content\/uploads\/2025\/02\/WhatsApp-Image-2025-01-29-at-13.36.09.jpeg 800w, https:\/\/enfoquecomunicacionesec.com\/wp-content\/uploads\/2025\/02\/WhatsApp-Image-2025-01-29-at-13.36.09-300x203.jpeg 300w, https:\/\/enfoquecomunicacionesec.com\/wp-content\/uploads\/2025\/02\/WhatsApp-Image-2025-01-29-at-13.36.09-768x519.jpeg 768w\" sizes=\"auto, (max-width: 800px) 100vw, 800px\" \/><\/figure>\n\n\n\n<div style=\"height:25px\" aria-hidden=\"true\" class=\"wp-block-spacer\"><\/div>\n\n\n\n<p>Su enfoque se basa en tres pilares:<\/p>\n\n\n\n<p><br>\u2705 <strong>Investigaci\u00f3n<\/strong>: Desarrollo de f\u00f3rmulas respaldadas por la fitoterapia y la endocannabinolog\u00eda.<br>\u2705 <strong>Bienestar<\/strong>: Atenci\u00f3n m\u00e9dica personalizada con soluciones seguras y efectivas.<br>\u2705 <strong>Educaci\u00f3n<\/strong>: Promoci\u00f3n del uso responsable del cannabis medicinal y otras plantas terap\u00e9uticas.<\/p>\n\n\n\n<div style=\"height:25px\" aria-hidden=\"true\" class=\"wp-block-spacer\"><\/div>\n\n\n\n<p>Desde 2023, Mayu Ecuador ha brindado atenci\u00f3n en Quito y, a partir del 8 de febrero, expandir\u00e1 sus servicios a Cuenca, consolidando su compromiso con la salud natural y personalizada.<\/p>\n\n\n\n<hr class=\"wp-block-separator has-alpha-channel-opacity\"\/>\n\n\n<div class=\"wp-block-image\">\n<figure class=\"aligncenter size-large\"><img loading=\"lazy\" decoding=\"async\" width=\"682\" height=\"1024\" src=\"https:\/\/enfoquecomunicacionesec.com\/wp-content\/uploads\/2025\/02\/WhatsApp-Image-2025-01-29-at-13.36.10-2-682x1024.jpeg\" alt=\"\" class=\"wp-image-893\" srcset=\"https:\/\/enfoquecomunicacionesec.com\/wp-content\/uploads\/2025\/02\/WhatsApp-Image-2025-01-29-at-13.36.10-2-682x1024.jpeg 682w, https:\/\/enfoquecomunicacionesec.com\/wp-content\/uploads\/2025\/02\/WhatsApp-Image-2025-01-29-at-13.36.10-2-200x300.jpeg 200w, https:\/\/enfoquecomunicacionesec.com\/wp-content\/uploads\/2025\/02\/WhatsApp-Image-2025-01-29-at-13.36.10-2-768x1152.jpeg 768w, https:\/\/enfoquecomunicacionesec.com\/wp-content\/uploads\/2025\/02\/WhatsApp-Image-2025-01-29-at-13.36.10-2.jpeg 853w\" sizes=\"auto, (max-width: 682px) 100vw, 682px\" \/><\/figure>\n<\/div>\n\n\n<div style=\"height:25px\" aria-hidden=\"true\" class=\"wp-block-spacer\"><\/div>\n\n\n\n<p><em>\u201cEl cuerpo necesita tiempo para sanar de manera natural. En Mayu Ecuador, combinamos ciencia y naturaleza para ofrecer tratamientos eficaces y sin efectos colaterales\u201d<\/em>, afirma el Dr. Julio Vicencio, fundador de la farmacia.<\/p>\n\n\n\n<div style=\"height:25px\" aria-hidden=\"true\" class=\"wp-block-spacer\"><\/div>\n\n\n\n<p>En un pa\u00eds donde las enfermedades cr\u00f3nicas afectan al 28% de la poblaci\u00f3n (INEC, 2022), la fitoterapia se posiciona como una alternativa innovadora y sostenible para mejorar la calidad de vida. Para m\u00e1s informaci\u00f3n, visita <a href=\"#\">Mayu Ecuador<\/a>.<\/p>\n\n\n\n<hr class=\"wp-block-separator has-alpha-channel-opacity\"\/>\n\n\n\n<p><\/p>\n","protected":false},"excerpt":{"rendered":"<p>La fitoterapia, basada en el uso de plantas medicinales, est\u00e1 transformando la medicina al ofrecer tratamientos naturales y efectivos sin los efectos adversos de los f\u00e1rmacos convencionales. Mayu Ecuador lidera este cambio con la primera farmacia magistral fitoterap\u00e9utica de Sudam\u00e9rica, combinando innovaci\u00f3n, ciencia y bienestar. A diferencia de los tratamientos tradicionales, que pueden generar efectos [&hellip;]<\/p>\n","protected":false},"author":1,"featured_media":0,"comment_status":"open","ping_status":"open","sticky":false,"template":"","format":"standard","meta":{"footnotes":""},"categories":[1],"tags":[54,41,12],"class_list":["post-890","post","type-post","status-publish","format-standard","hentry","category-blog","tag-fitoterapia","tag-focus-al-dia-2","tag-salud-mental"],"yoast_head":"<!-- This site is optimized with the Yoast SEO plugin v21.5 - https:\/\/yoast.com\/wordpress\/plugins\/seo\/ -->\n<title>El poder de la fitoterapia: una revoluci\u00f3n en los tratamientos m\u00e9dicos - EnfoqueComunicaciones.ec<\/title>\n<meta name=\"robots\" content=\"index, follow, max-snippet:-1, max-image-preview:large, max-video-preview:-1\" \/>\n<link rel=\"canonical\" href=\"https:\/\/enfoquecomunicacionesec.com\/index.php\/2025\/02\/12\/el-poder-de-la-fitoterapia-una-revolucion-en-los-tratamientos-medicos\/\" \/>\n<meta property=\"og:locale\" content=\"es_ES\" \/>\n<meta property=\"og:type\" content=\"article\" \/>\n<meta property=\"og:title\" content=\"El poder de la fitoterapia: una revoluci\u00f3n en los tratamientos m\u00e9dicos - EnfoqueComunicaciones.ec\" \/>\n<meta property=\"og:description\" content=\"La fitoterapia, basada en el uso de plantas medicinales, est\u00e1 transformando la medicina al ofrecer tratamientos naturales y efectivos sin los efectos adversos de los f\u00e1rmacos convencionales. Mayu Ecuador lidera este cambio con la primera farmacia magistral fitoterap\u00e9utica de Sudam\u00e9rica, combinando innovaci\u00f3n, ciencia y bienestar. A diferencia de los tratamientos tradicionales, que pueden generar efectos [&hellip;]\" \/>\n<meta property=\"og:url\" content=\"https:\/\/enfoquecomunicacionesec.com\/index.php\/2025\/02\/12\/el-poder-de-la-fitoterapia-una-revolucion-en-los-tratamientos-medicos\/\" \/>\n<meta property=\"og:site_name\" content=\"EnfoqueComunicaciones.ec\" \/>\n<meta property=\"article:publisher\" content=\"https:\/\/www.facebook.com\/enfoquecomunicacionesec\" \/>\n<meta property=\"article:author\" content=\"https:\/\/www.facebook.com\/enfoquecomunicacionesec\/\" \/>\n<meta property=\"article:published_time\" content=\"2025-02-12T20:56:00+00:00\" \/>\n<meta property=\"og:image\" content=\"https:\/\/enfoquecomunicacionesec.com\/wp-content\/uploads\/2025\/02\/WhatsApp-Image-2025-01-29-at-13.36.10-1.jpeg\" \/>\n<meta name=\"author\" content=\"enfoquecomunicacionesec.com\" \/>\n<meta name=\"twitter:card\" content=\"summary_large_image\" \/>\n<meta name=\"twitter:label1\" content=\"Escrito por\" \/>\n\t<meta name=\"twitter:data1\" content=\"enfoquecomunicacionesec.com\" \/>\n\t<meta name=\"twitter:label2\" content=\"Tiempo de lectura\" \/>\n\t<meta name=\"twitter:data2\" content=\"2 minutos\" \/>\n<script type=\"application\/ld+json\" class=\"yoast-schema-graph\">{\"@context\":\"https:\/\/schema.org\",\"@graph\":[{\"@type\":\"Article\",\"@id\":\"https:\/\/enfoquecomunicacionesec.com\/index.php\/2025\/02\/12\/el-poder-de-la-fitoterapia-una-revolucion-en-los-tratamientos-medicos\/#article\",\"isPartOf\":{\"@id\":\"https:\/\/enfoquecomunicacionesec.com\/index.php\/2025\/02\/12\/el-poder-de-la-fitoterapia-una-revolucion-en-los-tratamientos-medicos\/\"},\"author\":{\"name\":\"enfoquecomunicacionesec.com\",\"@id\":\"https:\/\/enfoquecomunicacionesec.com\/#\/schema\/person\/2b7ab7f9f7be7fa65c396efa3876a786\"},\"headline\":\"El poder de la fitoterapia: una revoluci\u00f3n en los tratamientos m\u00e9dicos\",\"datePublished\":\"2025-02-12T20:56:00+00:00\",\"dateModified\":\"2025-02-12T20:56:00+00:00\",\"mainEntityOfPage\":{\"@id\":\"https:\/\/enfoquecomunicacionesec.com\/index.php\/2025\/02\/12\/el-poder-de-la-fitoterapia-una-revolucion-en-los-tratamientos-medicos\/\"},\"wordCount\":264,\"commentCount\":0,\"publisher\":{\"@id\":\"https:\/\/enfoquecomunicacionesec.com\/#organization\"},\"keywords\":[\"fitoterapia\",\"focus al dia\",\"salud mental\"],\"articleSection\":[\"Blog\"],\"inLanguage\":\"es\",\"potentialAction\":[{\"@type\":\"CommentAction\",\"name\":\"Comment\",\"target\":[\"https:\/\/enfoquecomunicacionesec.com\/index.php\/2025\/02\/12\/el-poder-de-la-fitoterapia-una-revolucion-en-los-tratamientos-medicos\/#respond\"]}]},{\"@type\":\"WebPage\",\"@id\":\"https:\/\/enfoquecomunicacionesec.com\/index.php\/2025\/02\/12\/el-poder-de-la-fitoterapia-una-revolucion-en-los-tratamientos-medicos\/\",\"url\":\"https:\/\/enfoquecomunicacionesec.com\/index.php\/2025\/02\/12\/el-poder-de-la-fitoterapia-una-revolucion-en-los-tratamientos-medicos\/\",\"name\":\"El poder de la fitoterapia: una revoluci\u00f3n en los tratamientos m\u00e9dicos - EnfoqueComunicaciones.ec\",\"isPartOf\":{\"@id\":\"https:\/\/enfoquecomunicacionesec.com\/#website\"},\"datePublished\":\"2025-02-12T20:56:00+00:00\",\"dateModified\":\"2025-02-12T20:56:00+00:00\",\"breadcrumb\":{\"@id\":\"https:\/\/enfoquecomunicacionesec.com\/index.php\/2025\/02\/12\/el-poder-de-la-fitoterapia-una-revolucion-en-los-tratamientos-medicos\/#breadcrumb\"},\"inLanguage\":\"es\",\"potentialAction\":[{\"@type\":\"ReadAction\",\"target\":[\"https:\/\/enfoquecomunicacionesec.com\/index.php\/2025\/02\/12\/el-poder-de-la-fitoterapia-una-revolucion-en-los-tratamientos-medicos\/\"]}]},{\"@type\":\"BreadcrumbList\",\"@id\":\"https:\/\/enfoquecomunicacionesec.com\/index.php\/2025\/02\/12\/el-poder-de-la-fitoterapia-una-revolucion-en-los-tratamientos-medicos\/#breadcrumb\",\"itemListElement\":[{\"@type\":\"ListItem\",\"position\":1,\"name\":\"Portada\",\"item\":\"https:\/\/enfoquecomunicacionesec.com\/\"},{\"@type\":\"ListItem\",\"position\":2,\"name\":\"El poder de la fitoterapia: una revoluci\u00f3n en los tratamientos m\u00e9dicos\"}]},{\"@type\":\"WebSite\",\"@id\":\"https:\/\/enfoquecomunicacionesec.com\/#website\",\"url\":\"https:\/\/enfoquecomunicacionesec.com\/\",\"name\":\"EnfoqueComunicaciones.ec\",\"description\":\"\",\"publisher\":{\"@id\":\"https:\/\/enfoquecomunicacionesec.com\/#organization\"},\"potentialAction\":[{\"@type\":\"SearchAction\",\"target\":{\"@type\":\"EntryPoint\",\"urlTemplate\":\"https:\/\/enfoquecomunicacionesec.com\/?s={search_term_string}\"},\"query-input\":\"required name=search_term_string\"}],\"inLanguage\":\"es\"},{\"@type\":\"Organization\",\"@id\":\"https:\/\/enfoquecomunicacionesec.com\/#organization\",\"name\":\"EnfoqueComunicaciones.ec\",\"url\":\"https:\/\/enfoquecomunicacionesec.com\/\",\"logo\":{\"@type\":\"ImageObject\",\"inLanguage\":\"es\",\"@id\":\"https:\/\/enfoquecomunicacionesec.com\/#\/schema\/logo\/image\/\",\"url\":\"http:\/\/enfoquecomunicacionesec.com\/wp-content\/uploads\/2023\/09\/cropped-LOGO-ENFOQUE-1.png\",\"contentUrl\":\"http:\/\/enfoquecomunicacionesec.com\/wp-content\/uploads\/2023\/09\/cropped-LOGO-ENFOQUE-1.png\",\"width\":512,\"height\":512,\"caption\":\"EnfoqueComunicaciones.ec\"},\"image\":{\"@id\":\"https:\/\/enfoquecomunicacionesec.com\/#\/schema\/logo\/image\/\"},\"sameAs\":[\"https:\/\/www.facebook.com\/enfoquecomunicacionesec\",\"https:\/\/www.instagram.com\/enfoque.comunicaciones\/\",\"https:\/\/www.linkedin.com\/in\/enfoque-comunicaciones-ec-0ba5a424b\/\"]},{\"@type\":\"Person\",\"@id\":\"https:\/\/enfoquecomunicacionesec.com\/#\/schema\/person\/2b7ab7f9f7be7fa65c396efa3876a786\",\"name\":\"enfoquecomunicacionesec.com\",\"image\":{\"@type\":\"ImageObject\",\"inLanguage\":\"es\",\"@id\":\"https:\/\/enfoquecomunicacionesec.com\/#\/schema\/person\/image\/\",\"url\":\"https:\/\/secure.gravatar.com\/avatar\/cc08e6fde57d62cfc05ab2281442cfaaf53a21aedf183ff95293b1c45e85127a?s=96&d=mm&r=g\",\"contentUrl\":\"https:\/\/secure.gravatar.com\/avatar\/cc08e6fde57d62cfc05ab2281442cfaaf53a21aedf183ff95293b1c45e85127a?s=96&d=mm&r=g\",\"caption\":\"enfoquecomunicacionesec.com\"},\"sameAs\":[\"http:\/\/enfoquecomunicacionesec.com\",\"https:\/\/www.facebook.com\/enfoquecomunicacionesec\/\",\"https:\/\/www.instagram.com\/enfoque.comunicaciones_mkt\/\",\"https:\/\/www.linkedin.com\/in\/enfoque-comunicaciones-ec-0ba5a424b\/\"],\"url\":\"https:\/\/enfoquecomunicacionesec.com\/index.php\/author\/enfoquecomunicacionesec-com\/\"}]}<\/script>\n<!-- \/ Yoast SEO plugin. -->","yoast_head_json":{"title":"El poder de la fitoterapia: una revoluci\u00f3n en los tratamientos m\u00e9dicos - EnfoqueComunicaciones.ec","robots":{"index":"index","follow":"follow","max-snippet":"max-snippet:-1","max-image-preview":"max-image-preview:large","max-video-preview":"max-video-preview:-1"},"canonical":"https:\/\/enfoquecomunicacionesec.com\/index.php\/2025\/02\/12\/el-poder-de-la-fitoterapia-una-revolucion-en-los-tratamientos-medicos\/","og_locale":"es_ES","og_type":"article","og_title":"El poder de la fitoterapia: una revoluci\u00f3n en los tratamientos m\u00e9dicos - EnfoqueComunicaciones.ec","og_description":"La fitoterapia, basada en el uso de plantas medicinales, est\u00e1 transformando la medicina al ofrecer tratamientos naturales y efectivos sin los efectos adversos de los f\u00e1rmacos convencionales. Mayu Ecuador lidera este cambio con la primera farmacia magistral fitoterap\u00e9utica de Sudam\u00e9rica, combinando innovaci\u00f3n, ciencia y bienestar. A diferencia de los tratamientos tradicionales, que pueden generar efectos [&hellip;]","og_url":"https:\/\/enfoquecomunicacionesec.com\/index.php\/2025\/02\/12\/el-poder-de-la-fitoterapia-una-revolucion-en-los-tratamientos-medicos\/","og_site_name":"EnfoqueComunicaciones.ec","article_publisher":"https:\/\/www.facebook.com\/enfoquecomunicacionesec","article_author":"https:\/\/www.facebook.com\/enfoquecomunicacionesec\/","article_published_time":"2025-02-12T20:56:00+00:00","og_image":[{"url":"https:\/\/enfoquecomunicacionesec.com\/wp-content\/uploads\/2025\/02\/WhatsApp-Image-2025-01-29-at-13.36.10-1.jpeg"}],"author":"enfoquecomunicacionesec.com","twitter_card":"summary_large_image","twitter_misc":{"Escrito por":"enfoquecomunicacionesec.com","Tiempo de lectura":"2 minutos"},"schema":{"@context":"https:\/\/schema.org","@graph":[{"@type":"Article","@id":"https:\/\/enfoquecomunicacionesec.com\/index.php\/2025\/02\/12\/el-poder-de-la-fitoterapia-una-revolucion-en-los-tratamientos-medicos\/#article","isPartOf":{"@id":"https:\/\/enfoquecomunicacionesec.com\/index.php\/2025\/02\/12\/el-poder-de-la-fitoterapia-una-revolucion-en-los-tratamientos-medicos\/"},"author":{"name":"enfoquecomunicacionesec.com","@id":"https:\/\/enfoquecomunicacionesec.com\/#\/schema\/person\/2b7ab7f9f7be7fa65c396efa3876a786"},"headline":"El poder de la fitoterapia: una revoluci\u00f3n en los tratamientos m\u00e9dicos","datePublished":"2025-02-12T20:56:00+00:00","dateModified":"2025-02-12T20:56:00+00:00","mainEntityOfPage":{"@id":"https:\/\/enfoquecomunicacionesec.com\/index.php\/2025\/02\/12\/el-poder-de-la-fitoterapia-una-revolucion-en-los-tratamientos-medicos\/"},"wordCount":264,"commentCount":0,"publisher":{"@id":"https:\/\/enfoquecomunicacionesec.com\/#organization"},"keywords":["fitoterapia","focus al dia","salud mental"],"articleSection":["Blog"],"inLanguage":"es","potentialAction":[{"@type":"CommentAction","name":"Comment","target":["https:\/\/enfoquecomunicacionesec.com\/index.php\/2025\/02\/12\/el-poder-de-la-fitoterapia-una-revolucion-en-los-tratamientos-medicos\/#respond"]}]},{"@type":"WebPage","@id":"https:\/\/enfoquecomunicacionesec.com\/index.php\/2025\/02\/12\/el-poder-de-la-fitoterapia-una-revolucion-en-los-tratamientos-medicos\/","url":"https:\/\/enfoquecomunicacionesec.com\/index.php\/2025\/02\/12\/el-poder-de-la-fitoterapia-una-revolucion-en-los-tratamientos-medicos\/","name":"El poder de la fitoterapia: una revoluci\u00f3n en los tratamientos m\u00e9dicos - EnfoqueComunicaciones.ec","isPartOf":{"@id":"https:\/\/enfoquecomunicacionesec.com\/#website"},"datePublished":"2025-02-12T20:56:00+00:00","dateModified":"2025-02-12T20:56:00+00:00","breadcrumb":{"@id":"https:\/\/enfoquecomunicacionesec.com\/index.php\/2025\/02\/12\/el-poder-de-la-fitoterapia-una-revolucion-en-los-tratamientos-medicos\/#breadcrumb"},"inLanguage":"es","potentialAction":[{"@type":"ReadAction","target":["https:\/\/enfoquecomunicacionesec.com\/index.php\/2025\/02\/12\/el-poder-de-la-fitoterapia-una-revolucion-en-los-tratamientos-medicos\/"]}]},{"@type":"BreadcrumbList","@id":"https:\/\/enfoquecomunicacionesec.com\/index.php\/2025\/02\/12\/el-poder-de-la-fitoterapia-una-revolucion-en-los-tratamientos-medicos\/#breadcrumb","itemListElement":[{"@type":"ListItem","position":1,"name":"Portada","item":"https:\/\/enfoquecomunicacionesec.com\/"},{"@type":"ListItem","position":2,"name":"El poder de la fitoterapia: una revoluci\u00f3n en los tratamientos m\u00e9dicos"}]},{"@type":"WebSite","@id":"https:\/\/enfoquecomunicacionesec.com\/#website","url":"https:\/\/enfoquecomunicacionesec.com\/","name":"EnfoqueComunicaciones.ec","description":"","publisher":{"@id":"https:\/\/enfoquecomunicacionesec.com\/#organization"},"potentialAction":[{"@type":"SearchAction","target":{"@type":"EntryPoint","urlTemplate":"https:\/\/enfoquecomunicacionesec.com\/?s={search_term_string}"},"query-input":"required name=search_term_string"}],"inLanguage":"es"},{"@type":"Organization","@id":"https:\/\/enfoquecomunicacionesec.com\/#organization","name":"EnfoqueComunicaciones.ec","url":"https:\/\/enfoquecomunicacionesec.com\/","logo":{"@type":"ImageObject","inLanguage":"es","@id":"https:\/\/enfoquecomunicacionesec.com\/#\/schema\/logo\/image\/","url":"http:\/\/enfoquecomunicacionesec.com\/wp-content\/uploads\/2023\/09\/cropped-LOGO-ENFOQUE-1.png","contentUrl":"http:\/\/enfoquecomunicacionesec.com\/wp-content\/uploads\/2023\/09\/cropped-LOGO-ENFOQUE-1.png","width":512,"height":512,"caption":"EnfoqueComunicaciones.ec"},"image":{"@id":"https:\/\/enfoquecomunicacionesec.com\/#\/schema\/logo\/image\/"},"sameAs":["https:\/\/www.facebook.com\/enfoquecomunicacionesec","https:\/\/www.instagram.com\/enfoque.comunicaciones\/","https:\/\/www.linkedin.com\/in\/enfoque-comunicaciones-ec-0ba5a424b\/"]},{"@type":"Person","@id":"https:\/\/enfoquecomunicacionesec.com\/#\/schema\/person\/2b7ab7f9f7be7fa65c396efa3876a786","name":"enfoquecomunicacionesec.com","image":{"@type":"ImageObject","inLanguage":"es","@id":"https:\/\/enfoquecomunicacionesec.com\/#\/schema\/person\/image\/","url":"https:\/\/secure.gravatar.com\/avatar\/cc08e6fde57d62cfc05ab2281442cfaaf53a21aedf183ff95293b1c45e85127a?s=96&d=mm&r=g","contentUrl":"https:\/\/secure.gravatar.com\/avatar\/cc08e6fde57d62cfc05ab2281442cfaaf53a21aedf183ff95293b1c45e85127a?s=96&d=mm&r=g","caption":"enfoquecomunicacionesec.com"},"sameAs":["http:\/\/enfoquecomunicacionesec.com","https:\/\/www.facebook.com\/enfoquecomunicacionesec\/","https:\/\/www.instagram.com\/enfoque.comunicaciones_mkt\/","https:\/\/www.linkedin.com\/in\/enfoque-comunicaciones-ec-0ba5a424b\/"],"url":"https:\/\/enfoquecomunicacionesec.com\/index.php\/author\/enfoquecomunicacionesec-com\/"}]}},"_links":{"self":[{"href":"https:\/\/enfoquecomunicacionesec.com\/index.php\/wp-json\/wp\/v2\/posts\/890","targetHints":{"allow":["GET"]}}],"collection":[{"href":"https:\/\/enfoquecomunicacionesec.com\/index.php\/wp-json\/wp\/v2\/posts"}],"about":[{"href":"https:\/\/enfoquecomunicacionesec.com\/index.php\/wp-json\/wp\/v2\/types\/post"}],"author":[{"embeddable":true,"href":"https:\/\/enfoquecomunicacionesec.com\/index.php\/wp-json\/wp\/v2\/users\/1"}],"replies":[{"embeddable":true,"href":"https:\/\/enfoquecomunicacionesec.com\/index.php\/wp-json\/wp\/v2\/comments?post=890"}],"version-history":[{"count":3,"href":"https:\/\/enfoquecomunicacionesec.com\/index.php\/wp-json\/wp\/v2\/posts\/890\/revisions"}],"predecessor-version":[{"id":896,"href":"https:\/\/enfoquecomunicacionesec.com\/index.php\/wp-json\/wp\/v2\/posts\/890\/revisions\/896"}],"wp:attachment":[{"href":"https:\/\/enfoquecomunicacionesec.com\/index.php\/wp-json\/wp\/v2\/media?parent=890"}],"wp:term":[{"taxonomy":"category","embeddable":true,"href":"https:\/\/enfoquecomunicacionesec.com\/index.php\/wp-json\/wp\/v2\/categories?post=890"},{"taxonomy":"post_tag","embeddable":true,"href":"https:\/\/enfoquecomunicacionesec.com\/index.php\/wp-json\/wp\/v2\/tags?post=890"}],"curies":[{"name":"wp","href":"https:\/\/api.w.org\/{rel}","templated":true}]}}