{"id":913,"date":"2025-11-26T20:20:55","date_gmt":"2025-11-27T01:20:55","guid":{"rendered":"https:\/\/enfoquecomunicacionesec.com\/?p=913"},"modified":"2025-11-26T20:20:56","modified_gmt":"2025-11-27T01:20:56","slug":"belen-martinez-liderazgo-femenino-que-impulsa-la-innovacion-medica-en-ecuador-con-bemart","status":"publish","type":"post","link":"https:\/\/enfoquecomunicacionesec.com\/index.php\/2025\/11\/26\/belen-martinez-liderazgo-femenino-que-impulsa-la-innovacion-medica-en-ecuador-con-bemart\/","title":{"rendered":"Bel\u00e9n Mart\u00ednez: liderazgo femenino que impulsa la innovaci\u00f3n m\u00e9dica en Ecuador con BEMART"},"content":{"rendered":"\n<p>Quito, noviembre de 2025. \u2013 Con una visi\u00f3n clara de servicio humano y excelencia m\u00e9dica, Bel\u00e9n Mart\u00ednez, fundadora de BEMART, se ha consolidado como una de las voces femeninas m\u00e1s influyentes en el sector de tecnolog\u00eda m\u00e9dica en Ecuador.<\/p>\n\n\n\n<p>Desde su creaci\u00f3n, la empresa se ha posicionado como un aliado estrat\u00e9gico de hospitales, cl\u00ednicas y centros de salud, integrando innovaci\u00f3n, compromiso social y un enfoque humano en cada uno de sus proyectos.<\/p>\n\n\n\n<p>Lo que comenz\u00f3 tras una experiencia profesional adversa hoy es una organizaci\u00f3n que aporta soluciones en neurocirug\u00eda, traumatolog\u00eda y cirug\u00eda de columna pedi\u00e1trica, dise\u00f1o, fabricaci\u00f3n de implantes a medida en titanio, adem\u00e1s de la comercializaci\u00f3n de equipos e insumos m\u00e9dicos de alta calidad.<\/p>\n\n\n\n<p>La compa\u00f1\u00eda cuenta con un equipo multidisciplinario en Quito, Guayaquil, Cuenca y Manta, brindando cobertura nacional. Aunque la mayor parte de sus colaboradores son hombres \u2014por la exigencia f\u00edsica del traslado de equipos y el trabajo dentro de quir\u00f3fano\u2014, BEMART se distingue por abrir puertas al talento joven y por incentivar a las nuevas generaciones a formarse y crecer profesionalmente en la industria m\u00e9dica.<\/p>\n\n\n\n<p>\u201cNo se trata solo de ayudar, sino de dignificar. Todos los pacientes merecen la misma calidad sin importar su condici\u00f3n\u201d, enfatiza Bel\u00e9n Mart\u00ednez. Su liderazgo combina excelencia t\u00e9cnica con un profundo compromiso humano. La constante capacitaci\u00f3n de su equipo y la b\u00fasqueda de tecnolog\u00edas de vanguardia son parte esencial de la filosof\u00eda de BEMART.<\/p>\n\n\n\n<p>Uno de los pr\u00f3ximos hitos de la empresa es la creaci\u00f3n de un centro de entrenamiento especializado en tecnolog\u00eda m\u00e9dica, que se proyecta como referente regional. Esta iniciativa busca compartir conocimiento, promover la innovaci\u00f3n y desarrollar nuevos productos desde Ecuador con impacto en toda Latinoam\u00e9rica.<\/p>\n\n\n\n<p><\/p>\n","protected":false},"excerpt":{"rendered":"<p>Quito, noviembre de 2025. \u2013 Con una visi\u00f3n clara de servicio humano y excelencia m\u00e9dica, Bel\u00e9n Mart\u00ednez, fundadora de BEMART, se ha consolidado como una de las voces femeninas m\u00e1s influyentes en el sector de tecnolog\u00eda m\u00e9dica en Ecuador. Desde su creaci\u00f3n, la empresa se ha posicionado como un aliado estrat\u00e9gico de hospitales, cl\u00ednicas y [&hellip;]<\/p>\n","protected":false},"author":1,"featured_media":0,"comment_status":"open","ping_status":"open","sticky":false,"template":"","format":"standard","meta":{"footnotes":""},"categories":[1],"tags":[],"class_list":["post-913","post","type-post","status-publish","format-standard","hentry","category-blog"],"yoast_head":"<!-- This site is optimized with the Yoast SEO plugin v21.5 - https:\/\/yoast.com\/wordpress\/plugins\/seo\/ -->\n<title>Bel\u00e9n Mart\u00ednez: liderazgo femenino que impulsa la innovaci\u00f3n m\u00e9dica en Ecuador con BEMART - EnfoqueComunicaciones.ec<\/title>\n<meta name=\"robots\" content=\"index, follow, max-snippet:-1, max-image-preview:large, max-video-preview:-1\" \/>\n<link rel=\"canonical\" href=\"https:\/\/enfoquecomunicacionesec.com\/index.php\/2025\/11\/26\/belen-martinez-liderazgo-femenino-que-impulsa-la-innovacion-medica-en-ecuador-con-bemart\/\" \/>\n<meta property=\"og:locale\" content=\"es_ES\" \/>\n<meta property=\"og:type\" content=\"article\" \/>\n<meta property=\"og:title\" content=\"Bel\u00e9n Mart\u00ednez: liderazgo femenino que impulsa la innovaci\u00f3n m\u00e9dica en Ecuador con BEMART - EnfoqueComunicaciones.ec\" \/>\n<meta property=\"og:description\" content=\"Quito, noviembre de 2025. \u2013 Con una visi\u00f3n clara de servicio humano y excelencia m\u00e9dica, Bel\u00e9n Mart\u00ednez, fundadora de BEMART, se ha consolidado como una de las voces femeninas m\u00e1s influyentes en el sector de tecnolog\u00eda m\u00e9dica en Ecuador. Desde su creaci\u00f3n, la empresa se ha posicionado como un aliado estrat\u00e9gico de hospitales, cl\u00ednicas y [&hellip;]\" \/>\n<meta property=\"og:url\" content=\"https:\/\/enfoquecomunicacionesec.com\/index.php\/2025\/11\/26\/belen-martinez-liderazgo-femenino-que-impulsa-la-innovacion-medica-en-ecuador-con-bemart\/\" \/>\n<meta property=\"og:site_name\" content=\"EnfoqueComunicaciones.ec\" \/>\n<meta property=\"article:publisher\" content=\"https:\/\/www.facebook.com\/enfoquecomunicacionesec\" \/>\n<meta property=\"article:author\" content=\"https:\/\/www.facebook.com\/enfoquecomunicacionesec\/\" \/>\n<meta property=\"article:published_time\" content=\"2025-11-27T01:20:55+00:00\" \/>\n<meta property=\"article:modified_time\" content=\"2025-11-27T01:20:56+00:00\" \/>\n<meta name=\"author\" content=\"enfoquecomunicacionesec.com\" \/>\n<meta name=\"twitter:card\" content=\"summary_large_image\" \/>\n<meta name=\"twitter:label1\" content=\"Escrito por\" \/>\n\t<meta name=\"twitter:data1\" content=\"enfoquecomunicacionesec.com\" \/>\n\t<meta name=\"twitter:label2\" content=\"Tiempo de lectura\" \/>\n\t<meta name=\"twitter:data2\" content=\"2 minutos\" \/>\n<script type=\"application\/ld+json\" class=\"yoast-schema-graph\">{\"@context\":\"https:\/\/schema.org\",\"@graph\":[{\"@type\":\"Article\",\"@id\":\"https:\/\/enfoquecomunicacionesec.com\/index.php\/2025\/11\/26\/belen-martinez-liderazgo-femenino-que-impulsa-la-innovacion-medica-en-ecuador-con-bemart\/#article\",\"isPartOf\":{\"@id\":\"https:\/\/enfoquecomunicacionesec.com\/index.php\/2025\/11\/26\/belen-martinez-liderazgo-femenino-que-impulsa-la-innovacion-medica-en-ecuador-con-bemart\/\"},\"author\":{\"name\":\"enfoquecomunicacionesec.com\",\"@id\":\"https:\/\/enfoquecomunicacionesec.com\/#\/schema\/person\/2b7ab7f9f7be7fa65c396efa3876a786\"},\"headline\":\"Bel\u00e9n Mart\u00ednez: liderazgo femenino que impulsa la innovaci\u00f3n m\u00e9dica en Ecuador con BEMART\",\"datePublished\":\"2025-11-27T01:20:55+00:00\",\"dateModified\":\"2025-11-27T01:20:56+00:00\",\"mainEntityOfPage\":{\"@id\":\"https:\/\/enfoquecomunicacionesec.com\/index.php\/2025\/11\/26\/belen-martinez-liderazgo-femenino-que-impulsa-la-innovacion-medica-en-ecuador-con-bemart\/\"},\"wordCount\":332,\"commentCount\":0,\"publisher\":{\"@id\":\"https:\/\/enfoquecomunicacionesec.com\/#organization\"},\"articleSection\":[\"Blog\"],\"inLanguage\":\"es\",\"potentialAction\":[{\"@type\":\"CommentAction\",\"name\":\"Comment\",\"target\":[\"https:\/\/enfoquecomunicacionesec.com\/index.php\/2025\/11\/26\/belen-martinez-liderazgo-femenino-que-impulsa-la-innovacion-medica-en-ecuador-con-bemart\/#respond\"]}]},{\"@type\":\"WebPage\",\"@id\":\"https:\/\/enfoquecomunicacionesec.com\/index.php\/2025\/11\/26\/belen-martinez-liderazgo-femenino-que-impulsa-la-innovacion-medica-en-ecuador-con-bemart\/\",\"url\":\"https:\/\/enfoquecomunicacionesec.com\/index.php\/2025\/11\/26\/belen-martinez-liderazgo-femenino-que-impulsa-la-innovacion-medica-en-ecuador-con-bemart\/\",\"name\":\"Bel\u00e9n Mart\u00ednez: liderazgo femenino que impulsa la innovaci\u00f3n m\u00e9dica en Ecuador con BEMART - EnfoqueComunicaciones.ec\",\"isPartOf\":{\"@id\":\"https:\/\/enfoquecomunicacionesec.com\/#website\"},\"datePublished\":\"2025-11-27T01:20:55+00:00\",\"dateModified\":\"2025-11-27T01:20:56+00:00\",\"breadcrumb\":{\"@id\":\"https:\/\/enfoquecomunicacionesec.com\/index.php\/2025\/11\/26\/belen-martinez-liderazgo-femenino-que-impulsa-la-innovacion-medica-en-ecuador-con-bemart\/#breadcrumb\"},\"inLanguage\":\"es\",\"potentialAction\":[{\"@type\":\"ReadAction\",\"target\":[\"https:\/\/enfoquecomunicacionesec.com\/index.php\/2025\/11\/26\/belen-martinez-liderazgo-femenino-que-impulsa-la-innovacion-medica-en-ecuador-con-bemart\/\"]}]},{\"@type\":\"BreadcrumbList\",\"@id\":\"https:\/\/enfoquecomunicacionesec.com\/index.php\/2025\/11\/26\/belen-martinez-liderazgo-femenino-que-impulsa-la-innovacion-medica-en-ecuador-con-bemart\/#breadcrumb\",\"itemListElement\":[{\"@type\":\"ListItem\",\"position\":1,\"name\":\"Portada\",\"item\":\"https:\/\/enfoquecomunicacionesec.com\/\"},{\"@type\":\"ListItem\",\"position\":2,\"name\":\"Bel\u00e9n Mart\u00ednez: liderazgo femenino que impulsa la innovaci\u00f3n m\u00e9dica en Ecuador con BEMART\"}]},{\"@type\":\"WebSite\",\"@id\":\"https:\/\/enfoquecomunicacionesec.com\/#website\",\"url\":\"https:\/\/enfoquecomunicacionesec.com\/\",\"name\":\"EnfoqueComunicaciones.ec\",\"description\":\"\",\"publisher\":{\"@id\":\"https:\/\/enfoquecomunicacionesec.com\/#organization\"},\"potentialAction\":[{\"@type\":\"SearchAction\",\"target\":{\"@type\":\"EntryPoint\",\"urlTemplate\":\"https:\/\/enfoquecomunicacionesec.com\/?s={search_term_string}\"},\"query-input\":\"required name=search_term_string\"}],\"inLanguage\":\"es\"},{\"@type\":\"Organization\",\"@id\":\"https:\/\/enfoquecomunicacionesec.com\/#organization\",\"name\":\"EnfoqueComunicaciones.ec\",\"url\":\"https:\/\/enfoquecomunicacionesec.com\/\",\"logo\":{\"@type\":\"ImageObject\",\"inLanguage\":\"es\",\"@id\":\"https:\/\/enfoquecomunicacionesec.com\/#\/schema\/logo\/image\/\",\"url\":\"http:\/\/enfoquecomunicacionesec.com\/wp-content\/uploads\/2023\/09\/cropped-LOGO-ENFOQUE-1.png\",\"contentUrl\":\"http:\/\/enfoquecomunicacionesec.com\/wp-content\/uploads\/2023\/09\/cropped-LOGO-ENFOQUE-1.png\",\"width\":512,\"height\":512,\"caption\":\"EnfoqueComunicaciones.ec\"},\"image\":{\"@id\":\"https:\/\/enfoquecomunicacionesec.com\/#\/schema\/logo\/image\/\"},\"sameAs\":[\"https:\/\/www.facebook.com\/enfoquecomunicacionesec\",\"https:\/\/www.instagram.com\/enfoque.comunicaciones\/\",\"https:\/\/www.linkedin.com\/in\/enfoque-comunicaciones-ec-0ba5a424b\/\"]},{\"@type\":\"Person\",\"@id\":\"https:\/\/enfoquecomunicacionesec.com\/#\/schema\/person\/2b7ab7f9f7be7fa65c396efa3876a786\",\"name\":\"enfoquecomunicacionesec.com\",\"image\":{\"@type\":\"ImageObject\",\"inLanguage\":\"es\",\"@id\":\"https:\/\/enfoquecomunicacionesec.com\/#\/schema\/person\/image\/\",\"url\":\"https:\/\/secure.gravatar.com\/avatar\/cc08e6fde57d62cfc05ab2281442cfaaf53a21aedf183ff95293b1c45e85127a?s=96&d=mm&r=g\",\"contentUrl\":\"https:\/\/secure.gravatar.com\/avatar\/cc08e6fde57d62cfc05ab2281442cfaaf53a21aedf183ff95293b1c45e85127a?s=96&d=mm&r=g\",\"caption\":\"enfoquecomunicacionesec.com\"},\"sameAs\":[\"http:\/\/enfoquecomunicacionesec.com\",\"https:\/\/www.facebook.com\/enfoquecomunicacionesec\/\",\"https:\/\/www.instagram.com\/enfoque.comunicaciones_mkt\/\",\"https:\/\/www.linkedin.com\/in\/enfoque-comunicaciones-ec-0ba5a424b\/\"],\"url\":\"https:\/\/enfoquecomunicacionesec.com\/index.php\/author\/enfoquecomunicacionesec-com\/\"}]}<\/script>\n<!-- \/ Yoast SEO plugin. -->","yoast_head_json":{"title":"Bel\u00e9n Mart\u00ednez: liderazgo femenino que impulsa la innovaci\u00f3n m\u00e9dica en Ecuador con BEMART - EnfoqueComunicaciones.ec","robots":{"index":"index","follow":"follow","max-snippet":"max-snippet:-1","max-image-preview":"max-image-preview:large","max-video-preview":"max-video-preview:-1"},"canonical":"https:\/\/enfoquecomunicacionesec.com\/index.php\/2025\/11\/26\/belen-martinez-liderazgo-femenino-que-impulsa-la-innovacion-medica-en-ecuador-con-bemart\/","og_locale":"es_ES","og_type":"article","og_title":"Bel\u00e9n Mart\u00ednez: liderazgo femenino que impulsa la innovaci\u00f3n m\u00e9dica en Ecuador con BEMART - EnfoqueComunicaciones.ec","og_description":"Quito, noviembre de 2025. \u2013 Con una visi\u00f3n clara de servicio humano y excelencia m\u00e9dica, Bel\u00e9n Mart\u00ednez, fundadora de BEMART, se ha consolidado como una de las voces femeninas m\u00e1s influyentes en el sector de tecnolog\u00eda m\u00e9dica en Ecuador. Desde su creaci\u00f3n, la empresa se ha posicionado como un aliado estrat\u00e9gico de hospitales, cl\u00ednicas y [&hellip;]","og_url":"https:\/\/enfoquecomunicacionesec.com\/index.php\/2025\/11\/26\/belen-martinez-liderazgo-femenino-que-impulsa-la-innovacion-medica-en-ecuador-con-bemart\/","og_site_name":"EnfoqueComunicaciones.ec","article_publisher":"https:\/\/www.facebook.com\/enfoquecomunicacionesec","article_author":"https:\/\/www.facebook.com\/enfoquecomunicacionesec\/","article_published_time":"2025-11-27T01:20:55+00:00","article_modified_time":"2025-11-27T01:20:56+00:00","author":"enfoquecomunicacionesec.com","twitter_card":"summary_large_image","twitter_misc":{"Escrito por":"enfoquecomunicacionesec.com","Tiempo de lectura":"2 minutos"},"schema":{"@context":"https:\/\/schema.org","@graph":[{"@type":"Article","@id":"https:\/\/enfoquecomunicacionesec.com\/index.php\/2025\/11\/26\/belen-martinez-liderazgo-femenino-que-impulsa-la-innovacion-medica-en-ecuador-con-bemart\/#article","isPartOf":{"@id":"https:\/\/enfoquecomunicacionesec.com\/index.php\/2025\/11\/26\/belen-martinez-liderazgo-femenino-que-impulsa-la-innovacion-medica-en-ecuador-con-bemart\/"},"author":{"name":"enfoquecomunicacionesec.com","@id":"https:\/\/enfoquecomunicacionesec.com\/#\/schema\/person\/2b7ab7f9f7be7fa65c396efa3876a786"},"headline":"Bel\u00e9n Mart\u00ednez: liderazgo femenino que impulsa la innovaci\u00f3n m\u00e9dica en Ecuador con BEMART","datePublished":"2025-11-27T01:20:55+00:00","dateModified":"2025-11-27T01:20:56+00:00","mainEntityOfPage":{"@id":"https:\/\/enfoquecomunicacionesec.com\/index.php\/2025\/11\/26\/belen-martinez-liderazgo-femenino-que-impulsa-la-innovacion-medica-en-ecuador-con-bemart\/"},"wordCount":332,"commentCount":0,"publisher":{"@id":"https:\/\/enfoquecomunicacionesec.com\/#organization"},"articleSection":["Blog"],"inLanguage":"es","potentialAction":[{"@type":"CommentAction","name":"Comment","target":["https:\/\/enfoquecomunicacionesec.com\/index.php\/2025\/11\/26\/belen-martinez-liderazgo-femenino-que-impulsa-la-innovacion-medica-en-ecuador-con-bemart\/#respond"]}]},{"@type":"WebPage","@id":"https:\/\/enfoquecomunicacionesec.com\/index.php\/2025\/11\/26\/belen-martinez-liderazgo-femenino-que-impulsa-la-innovacion-medica-en-ecuador-con-bemart\/","url":"https:\/\/enfoquecomunicacionesec.com\/index.php\/2025\/11\/26\/belen-martinez-liderazgo-femenino-que-impulsa-la-innovacion-medica-en-ecuador-con-bemart\/","name":"Bel\u00e9n Mart\u00ednez: liderazgo femenino que impulsa la innovaci\u00f3n m\u00e9dica en Ecuador con BEMART - EnfoqueComunicaciones.ec","isPartOf":{"@id":"https:\/\/enfoquecomunicacionesec.com\/#website"},"datePublished":"2025-11-27T01:20:55+00:00","dateModified":"2025-11-27T01:20:56+00:00","breadcrumb":{"@id":"https:\/\/enfoquecomunicacionesec.com\/index.php\/2025\/11\/26\/belen-martinez-liderazgo-femenino-que-impulsa-la-innovacion-medica-en-ecuador-con-bemart\/#breadcrumb"},"inLanguage":"es","potentialAction":[{"@type":"ReadAction","target":["https:\/\/enfoquecomunicacionesec.com\/index.php\/2025\/11\/26\/belen-martinez-liderazgo-femenino-que-impulsa-la-innovacion-medica-en-ecuador-con-bemart\/"]}]},{"@type":"BreadcrumbList","@id":"https:\/\/enfoquecomunicacionesec.com\/index.php\/2025\/11\/26\/belen-martinez-liderazgo-femenino-que-impulsa-la-innovacion-medica-en-ecuador-con-bemart\/#breadcrumb","itemListElement":[{"@type":"ListItem","position":1,"name":"Portada","item":"https:\/\/enfoquecomunicacionesec.com\/"},{"@type":"ListItem","position":2,"name":"Bel\u00e9n Mart\u00ednez: liderazgo femenino que impulsa la innovaci\u00f3n m\u00e9dica en Ecuador con BEMART"}]},{"@type":"WebSite","@id":"https:\/\/enfoquecomunicacionesec.com\/#website","url":"https:\/\/enfoquecomunicacionesec.com\/","name":"EnfoqueComunicaciones.ec","description":"","publisher":{"@id":"https:\/\/enfoquecomunicacionesec.com\/#organization"},"potentialAction":[{"@type":"SearchAction","target":{"@type":"EntryPoint","urlTemplate":"https:\/\/enfoquecomunicacionesec.com\/?s={search_term_string}"},"query-input":"required name=search_term_string"}],"inLanguage":"es"},{"@type":"Organization","@id":"https:\/\/enfoquecomunicacionesec.com\/#organization","name":"EnfoqueComunicaciones.ec","url":"https:\/\/enfoquecomunicacionesec.com\/","logo":{"@type":"ImageObject","inLanguage":"es","@id":"https:\/\/enfoquecomunicacionesec.com\/#\/schema\/logo\/image\/","url":"http:\/\/enfoquecomunicacionesec.com\/wp-content\/uploads\/2023\/09\/cropped-LOGO-ENFOQUE-1.png","contentUrl":"http:\/\/enfoquecomunicacionesec.com\/wp-content\/uploads\/2023\/09\/cropped-LOGO-ENFOQUE-1.png","width":512,"height":512,"caption":"EnfoqueComunicaciones.ec"},"image":{"@id":"https:\/\/enfoquecomunicacionesec.com\/#\/schema\/logo\/image\/"},"sameAs":["https:\/\/www.facebook.com\/enfoquecomunicacionesec","https:\/\/www.instagram.com\/enfoque.comunicaciones\/","https:\/\/www.linkedin.com\/in\/enfoque-comunicaciones-ec-0ba5a424b\/"]},{"@type":"Person","@id":"https:\/\/enfoquecomunicacionesec.com\/#\/schema\/person\/2b7ab7f9f7be7fa65c396efa3876a786","name":"enfoquecomunicacionesec.com","image":{"@type":"ImageObject","inLanguage":"es","@id":"https:\/\/enfoquecomunicacionesec.com\/#\/schema\/person\/image\/","url":"https:\/\/secure.gravatar.com\/avatar\/cc08e6fde57d62cfc05ab2281442cfaaf53a21aedf183ff95293b1c45e85127a?s=96&d=mm&r=g","contentUrl":"https:\/\/secure.gravatar.com\/avatar\/cc08e6fde57d62cfc05ab2281442cfaaf53a21aedf183ff95293b1c45e85127a?s=96&d=mm&r=g","caption":"enfoquecomunicacionesec.com"},"sameAs":["http:\/\/enfoquecomunicacionesec.com","https:\/\/www.facebook.com\/enfoquecomunicacionesec\/","https:\/\/www.instagram.com\/enfoque.comunicaciones_mkt\/","https:\/\/www.linkedin.com\/in\/enfoque-comunicaciones-ec-0ba5a424b\/"],"url":"https:\/\/enfoquecomunicacionesec.com\/index.php\/author\/enfoquecomunicacionesec-com\/"}]}},"_links":{"self":[{"href":"https:\/\/enfoquecomunicacionesec.com\/index.php\/wp-json\/wp\/v2\/posts\/913","targetHints":{"allow":["GET"]}}],"collection":[{"href":"https:\/\/enfoquecomunicacionesec.com\/index.php\/wp-json\/wp\/v2\/posts"}],"about":[{"href":"https:\/\/enfoquecomunicacionesec.com\/index.php\/wp-json\/wp\/v2\/types\/post"}],"author":[{"embeddable":true,"href":"https:\/\/enfoquecomunicacionesec.com\/index.php\/wp-json\/wp\/v2\/users\/1"}],"replies":[{"embeddable":true,"href":"https:\/\/enfoquecomunicacionesec.com\/index.php\/wp-json\/wp\/v2\/comments?post=913"}],"version-history":[{"count":1,"href":"https:\/\/enfoquecomunicacionesec.com\/index.php\/wp-json\/wp\/v2\/posts\/913\/revisions"}],"predecessor-version":[{"id":914,"href":"https:\/\/enfoquecomunicacionesec.com\/index.php\/wp-json\/wp\/v2\/posts\/913\/revisions\/914"}],"wp:attachment":[{"href":"https:\/\/enfoquecomunicacionesec.com\/index.php\/wp-json\/wp\/v2\/media?parent=913"}],"wp:term":[{"taxonomy":"category","embeddable":true,"href":"https:\/\/enfoquecomunicacionesec.com\/index.php\/wp-json\/wp\/v2\/categories?post=913"},{"taxonomy":"post_tag","embeddable":true,"href":"https:\/\/enfoquecomunicacionesec.com\/index.php\/wp-json\/wp\/v2\/tags?post=913"}],"curies":[{"name":"wp","href":"https:\/\/api.w.org\/{rel}","templated":true}]}}